{"id":183101,"date":"2025-06-17T10:25:15","date_gmt":"2025-06-17T10:25:15","guid":{"rendered":"https:\/\/www.europesays.com\/fr\/183101\/"},"modified":"2025-06-17T10:25:15","modified_gmt":"2025-06-17T10:25:15","slug":"ari-boulogne-pourquoi-le-fils-suppose-dalain-delon-a-ete-discretement-enterre-deux-mois-apres-sa-mort","status":"publish","type":"post","link":"https:\/\/www.europesays.com\/fr\/183101\/","title":{"rendered":"Ari Boulogne : pourquoi le fils suppos\u00e9 d\u2019Alain Delon a \u00e9t\u00e9 discr\u00e8tement enterr\u00e9 deux mois apr\u00e8s sa mort"},"content":{"rendered":"<p><strong>Le 20 mai 2023, Ari Boulogne, <a href=\"https:\/\/www.closermag.fr\/people\/alain-delon-ses-mots-tres-durs-lances-a-ari-boulogne-son-fils-illegitime-lors-de-leur-unique-rencontre-3316957\" rel=\"nofollow noopener\" target=\"_blank\"><br \/>\nfils suppos\u00e9 d\u2019Alain Delon<\/a>, est retrouv\u00e9 sans vie \u00e0 son<br \/>\ndomicile, situ\u00e9 \u00e0 Paris.<\/strong> Les forces de l\u2019ordre du XVe<br \/>\narrondissement se sont alors rendues sur place apr\u00e8s avoir \u00e9t\u00e9<br \/>\nappel\u00e9es par une femme qui se pr\u00e9sentait comme \u00e9tant la compagne<br \/>\nd\u2019Ari Boulogne. \u00ab\u00a0Quand les fonctionnaires arrivent sur les<br \/>\nlieux, la victime g\u00eet dans son salon. Son corps est en \u00e9tat de<br \/>\nd\u00e9composition avanc\u00e9e. La femme de 58 ans, qui a fait cette<br \/>\nmacabre, assure qu\u2019elle est la compagne du photographe\u00a0\u00bb, avait<br \/>\n\u00e9crit BFMTV \u00e0 l\u00a0\u00bb\u00e9poque. Toute sa vie, celui qui s&rsquo;appelait en<br \/>\nr\u00e9alit\u00e9 Christian Aaron Boulogne s\u2019est battu pour \u00eatre reconnu par<br \/>\nson p\u00e8re pr\u00e9sum\u00e9, Alain Delon.\u00a0<\/p>\n<p>Le photographe n\u00e9 en 1962 n\u2019aura pas eu le temps d\u2019aller<br \/>\njusqu\u2019au bout de son r\u00eave. <strong>Si <a href=\"https:\/\/www.closermag.fr\/people\/alain-delon-sa-fille-anouchka-inconsolable-pour-sa-premiere-fete-des-peres-sans-lui-3555036\" rel=\"nofollow noopener\" target=\"_blank\"><br \/>\nAnthony Delon, l\u2019a\u00een\u00e9<\/a> de l\u2019acteur lui a rendu hommage, les<br \/>\nobs\u00e8ques d\u2019Ari Boulogne ont \u00e9t\u00e9 organis\u00e9es deux mois apr\u00e8s sa mort,<br \/>\n<a href=\"https:\/\/www.closermag.fr\/people\/ari-boulogne-le-fils-illegitime-dalain-delon-enterre-a-labri-des-regard-deux-mois-apres-sa-mort-3241551\" rel=\"nofollow noopener\" target=\"_blank\"><br \/>\ndans une totale discr\u00e9tion<\/a>.<\/strong> En effet, aucune date ni<br \/>\naucun lieu n\u2019avait \u00e9t\u00e9 communiqu\u00e9. Nos confr\u00e8res de Lib\u00e9ration<br \/>\navaient alors d\u00e9voil\u00e9 la raison pour laquelle tant de discr\u00e9tion<br \/>\navait \u00e9t\u00e9 mise en place. \u00ab\u00a0Mort le 20 mai \u00e0 Paris, \u00e0 l\u2019\u00e2ge de 60<br \/>\nans, Ari Boulogne a \u00e9t\u00e9 enterr\u00e9 mardi 18 juillet, apr\u00e8s deux mois<br \/>\nd&rsquo;expertise sur les circonstances de son d\u00e9c\u00e8s\u00a0\u00bb, \u00e9crivaient<br \/>\nnos confr\u00e8res. <strong>Ses obs\u00e8ques ont donc \u00e9t\u00e9 organis\u00e9es en<br \/>\ntoute discr\u00e9tion suite aux conclusions des m\u00e9decins<br \/>\nl\u00e9gistes.\u00a0<\/strong><\/p>\n<p>Alain Delon a toujours ni\u00e9 sa suppos\u00e9e<br \/>\npaternit\u00e9<\/p>\n<p>Si la ressemblance entre les deux hommes \u00e9tait troublante,<br \/>\n<strong>Alain Delon a toujours ni\u00e9 \u00eatre <a href=\"https:\/\/www.closermag.fr\/people\/mort-d-ari-boulogne-pourquoi-le-fils-illegitime-d-alain-delon-etait-en-fauteuil-roulant-1721368\" rel=\"nofollow noopener\" target=\"_blank\"><br \/>\nle p\u00e8re<\/a> <a href=\"https:\/\/www.closermag.fr\/people\/mort-d-ari-boulogne-pourquoi-le-fils-illegitime-d-alain-delon-etait-en-fauteuil-roulant-1721368\" rel=\"nofollow noopener\" target=\"_blank\"><br \/>\nd\u2019Ari Boulogne<\/a>.<\/strong> Et en 1986, le com\u00e9dien avait eu des<br \/>\nmots durs \u00e0 l\u2019encontre du photographe. \u00ab\u00a0Alain Delon, une main<br \/>\nsur le volant, l&rsquo;autre me tapotant l&rsquo;\u00e9paule, me tient ce discours :<br \/>\n&lsquo;T&rsquo;es mon pote, toi, t&rsquo;es mon pote. Mais je vais te dire un truc,<br \/>\ntu n&rsquo;as pas mes yeux, tu n&rsquo;as pas mes cheveux. Tu n&rsquo;es pas mon<br \/>\nfils, tu ne seras jamais mon fils. Je n&rsquo;ai couch\u00e9 avec ta m\u00e8re<br \/>\nqu&rsquo;une seule fois'\u00a0\u00bb, avait racont\u00e9 ce \u00ab\u00a0fils<br \/>\nill\u00e9gitime\u00a0\u00bb dans Lib\u00e9ration.\u00a0<\/p>\n<p>Diaporama<br \/>\n<img decoding=\"async\" class=\"diapo_img img-responsive lazy-load\" loading=\"lazy\" src=\"https:\/\/www.europesays.com\/fr\/wp-content\/uploads\/2025\/06\/bestimage_00617945_000016.jpg\"\/><\/p>\n<p>Bestimage<\/p>\n<p>1\/15 Ari Boulogne est d\u00e9c\u00e9d\u00e9 en mai 2023<\/p>\n<p>En mai 2023, Ari Boulogne, fils suppos\u00e9 d\u2019Alain Delon, est<br \/>\nretrouv\u00e9 sans vie \u00e0 son domicile, situ\u00e9 \u00e0 Paris.<\/p>\n<p><img decoding=\"async\" class=\"diapo_img img-responsive lazy-load\" loading=\"lazy\" src=\"https:\/\/www.europesays.com\/fr\/wp-content\/uploads\/2025\/06\/bestimage_00617945_000015.jpg\"\/><\/p>\n<p>Bestimage<\/p>\n<p>2\/15 Le photographe est retrouv\u00e9 sans vie<br \/>\ndans son appartement<\/p>\n<p>Les forces de l\u2019ordre du XVe arrondissement se sont alors<br \/>\nrendues sur place apr\u00e8s avoir \u00e9t\u00e9 appel\u00e9es par une femme qui se<br \/>\npr\u00e9sentait comme \u00e9tant la compagne d\u2019Ari Boulogne.<\/p>\n<p><img decoding=\"async\" class=\"diapo_img img-responsive lazy-load\" loading=\"lazy\" src=\"https:\/\/www.europesays.com\/fr\/wp-content\/uploads\/2025\/06\/bestimage_00617945_000009.jpg\"\/><\/p>\n<p>Bestimage<\/p>\n<p>3\/15 Les circonstances de sa mort sont alors<br \/>\n\u00e9tudi\u00e9es<\/p>\n<p>\u00ab\u00a0Quand les fonctionnaires arrivent sur les lieux, la victime g\u00eet<br \/>\ndans son salon. Son corps est en \u00e9tat de d\u00e9composition avanc\u00e9e. La<br \/>\nfemme de 58 ans, qui a fait cette macabre assure qu\u2019elle est la<br \/>\ncompagne du photographe\u00a0\u00bb, \u00e9crivait BFMTV.<\/p>\n<p><img decoding=\"async\" class=\"diapo_img img-responsive lazy-load\" loading=\"lazy\" src=\"https:\/\/www.europesays.com\/fr\/wp-content\/uploads\/2025\/06\/bestimage_00433951_000004.jpg\"\/><\/p>\n<p>Bestimage<\/p>\n<p>4\/15 Et malheureusement pour lui, il ne<br \/>\nparviendra pas \u00e0 faire reconna\u00eetre son affiliation par Alain<br \/>\nDelon<\/p>\n<p>Toute sa vie, celui qui s&rsquo;appelait en r\u00e9alit\u00e9 Christian Aaron<br \/>\nBoulogne s\u2019est battu pour \u00eatre reconnu par son p\u00e8re pr\u00e9sum\u00e9, Alain<br \/>\nDelon.<\/p>\n<p><img decoding=\"async\" class=\"diapo_img img-responsive lazy-load\" loading=\"lazy\" src=\"https:\/\/www.europesays.com\/fr\/wp-content\/uploads\/2025\/06\/bestimage_00617945_000008.jpg\"\/><\/p>\n<p>Bestimage<\/p>\n<p>5\/15 Ari Boulogne (fils ill\u00e9gitime d&rsquo;Alain<br \/>\nDelon) dans l&rsquo;\u00e9mission \u00ab\u00a0Tout le monde en parle\u00a0\u00bb d&rsquo;Ardisson en<br \/>\n2001<\/p>\n<p>Le photographe n\u00e9 en 1962 n\u2019aura pas eu le temps d\u2019aller<br \/>\njusqu\u2019au bout de son r\u00eave.<\/p>\n<p><img decoding=\"async\" class=\"diapo_img img-responsive lazy-load\" loading=\"lazy\" src=\"https:\/\/www.europesays.com\/fr\/wp-content\/uploads\/2025\/06\/bestimage_00539121_000296.jpg\"\/><\/p>\n<p>Bestimage<\/p>\n<p>6\/15 En effet, l&rsquo;acteur n&rsquo;a jamais voulu<br \/>\nreconna\u00eetre sa paternit\u00e9<\/p>\n<p>Si Anthony Delon, l\u2019a\u00een\u00e9 de l\u2019acteur lui a rendu hommage, les<br \/>\nobs\u00e8ques d\u2019Ari Boulogne ont \u00e9t\u00e9 organis\u00e9es deux mois apr\u00e8s sa mort,<br \/>\ndans une totale discr\u00e9tion.<\/p>\n<p><img decoding=\"async\" class=\"diapo_img img-responsive lazy-load\" loading=\"lazy\" src=\"https:\/\/www.europesays.com\/fr\/wp-content\/uploads\/2025\/06\/bestimage_00617945_000001-1.jpg\"\/><\/p>\n<p>Bestimage<\/p>\n<p>7\/15 Deux mois apr\u00e8s sa mort, Ari Boulogne<br \/>\nest inhum\u00e9 dans la plus stricte intimit\u00e9<\/p>\n<p>En effet, aucune date ni aucun lieu n\u2019avait \u00e9t\u00e9 communiqu\u00e9s. Nos<br \/>\nconfr\u00e8res de Lib\u00e9ration avaient d\u00e9voil\u00e9 la raison pour laquelle<br \/>\ntant de discr\u00e9tion a \u00e9t\u00e9 mise en place.<\/p>\n<p><img decoding=\"async\" class=\"diapo_img img-responsive lazy-load\" loading=\"lazy\" src=\"https:\/\/www.europesays.com\/fr\/wp-content\/uploads\/2025\/06\/bestimage_00617945_000001.jpg\"\/><\/p>\n<p>Bestimage<\/p>\n<p>8\/15 Mais pour quelle raison ?<\/p>\n<p>\u00ab\u00a0Mort le 20 mai \u00e0 Paris, \u00e0 l\u2019\u00e2ge de 60 ans, Ari Boulogne a \u00e9t\u00e9<br \/>\nenterr\u00e9 mardi 18 juillet, apr\u00e8s deux mois d&rsquo;expertise sur les<br \/>\ncirconstances de son d\u00e9c\u00e8s\u00a0\u00bb, \u00e9crivaient nos confr\u00e8res.<\/p>\n<p><img decoding=\"async\" class=\"diapo_img img-responsive lazy-load\" loading=\"lazy\" src=\"https:\/\/www.europesays.com\/fr\/wp-content\/uploads\/2025\/06\/bestimage_00617945_000007.jpg\"\/><\/p>\n<p>Bestimage<\/p>\n<p>9\/15 Ses proches attendaient donc les<br \/>\nr\u00e9sultats de l&rsquo;autopsie<\/p>\n<p>Ses obs\u00e8ques ont donc \u00e9t\u00e9 organis\u00e9es en toute discr\u00e9tion suite<br \/>\naux conclusions des m\u00e9decins l\u00e9gistes.\u00a0<\/p>\n<p><img decoding=\"async\" class=\"diapo_img img-responsive lazy-load\" loading=\"lazy\" src=\"https:\/\/www.europesays.com\/fr\/wp-content\/uploads\/2025\/06\/bestimage_00433950_000013.jpg\"\/><\/p>\n<p>Bestimage<\/p>\n<p>10\/15 Ari Boulogne s&rsquo;\u00e9tait confi\u00e9 \u00e0 de<br \/>\nmultiples reprises sur ses liens suppos\u00e9s avec Alain Delon<\/p>\n<p>Si la ressemblance entre les deux hommes \u00e9tait troublante, Alain<br \/>\nDelon avait toujours ni\u00e9 \u00eatre le p\u00e8re d\u2019Ari Boulogne.\u00a0<\/p>\n<p><img decoding=\"async\" class=\"diapo_img img-responsive lazy-load\" loading=\"lazy\" src=\"https:\/\/www.europesays.com\/fr\/wp-content\/uploads\/2025\/06\/bestimage_00447453_000010-2.jpg\"\/><\/p>\n<p>Bestimage<\/p>\n<p>11\/15 Il \u00e9tait d&rsquo;ailleurs revenu sur un<br \/>\nsouvenir terrible<\/p>\n<p>Et en 1986, le com\u00e9dien avait eu des mots durs \u00e0 l\u2019encontre du<br \/>\nphotographe.\u00a0<\/p>\n<p><img decoding=\"async\" class=\"diapo_img img-responsive lazy-load\" loading=\"lazy\" src=\"https:\/\/www.europesays.com\/fr\/wp-content\/uploads\/2025\/06\/bestimage_00447453_000011.jpg\"\/><\/p>\n<p>Bestimage<\/p>\n<p>12\/15 Il racontait avoir \u00e9t\u00e9 aux c\u00f4t\u00e9s de<br \/>\nl&rsquo;acteur<\/p>\n<p>\u00ab\u00a0Alain Delon, une main sur le volant, l&rsquo;autre me tapotant<br \/>\nl&rsquo;\u00e9paule, me tient ce discours : \u00ab\u00a0<\/p>\n<p><img decoding=\"async\" class=\"diapo_img img-responsive lazy-load\" loading=\"lazy\" src=\"https:\/\/www.europesays.com\/fr\/wp-content\/uploads\/2025\/06\/bestimage_00433951_000001.jpg\"\/><\/p>\n<p>Bestimage<\/p>\n<p>13\/15 Alain Delon lui aurait donc indiqu\u00e9<br \/>\nqu&rsquo;il n&rsquo;\u00e9tait pas son p\u00e8re<\/p>\n<p>\u00ab\u00a0&lsquo;T&rsquo;es mon pote, toi, t&rsquo;es mon pote. Mais je vais te dire un<br \/>\ntruc, tu n&rsquo;as pas mes yeux, tu n&rsquo;as pas mes cheveux. Tu n&rsquo;es pas<br \/>\nmon fils, tu ne seras jamais mon fils. \u00ab\u00a0<\/p>\n<p><img decoding=\"async\" class=\"diapo_img img-responsive lazy-load\" loading=\"lazy\" src=\"https:\/\/www.europesays.com\/fr\/wp-content\/uploads\/2025\/06\/bestimage_00617945_000020.jpg\"\/><\/p>\n<p>Bestimage<\/p>\n<p>14\/15 Le photographe \u00e9tait revenu sur les<br \/>\nd\u00e9clarations d&rsquo;Alain Delon<\/p>\n<p>\u00ab\u00a0Je n&rsquo;ai couch\u00e9 avec ta m\u00e8re qu&rsquo;une seule fois'\u00a0\u00bb, avait racont\u00e9<br \/>\nce \u00ab\u00a0fils ill\u00e9gitime\u00a0\u00bb dans Lib\u00e9ration.<\/p>\n<p><img decoding=\"async\" class=\"diapo_img img-responsive lazy-load\" loading=\"lazy\" src=\"https:\/\/www.europesays.com\/fr\/wp-content\/uploads\/2025\/06\/bestimage_00617945_000013.jpg\"\/><\/p>\n<p>Bestimage<\/p>\n<p>15\/15 Un souvenir grav\u00e9 dans sa m\u00e9moire<br \/>\njusqu&rsquo;\u00e0 sa mort<\/p>\n","protected":false},"excerpt":{"rendered":"Le 20 mai 2023, Ari Boulogne, fils suppos\u00e9 d\u2019Alain Delon, est retrouv\u00e9 sans vie \u00e0 son domicile, situ\u00e9&hellip;\n","protected":false},"author":2,"featured_media":183102,"comment_status":"","ping_status":"","sticky":false,"template":"","format":"standard","meta":{"footnotes":""},"categories":[1359],"tags":[5960,32129,58,59,1011,27,1638,973,6055],"class_list":{"0":"post-183101","1":"post","2":"type-post","3":"status-publish","4":"format-standard","5":"has-post-thumbnail","7":"category-people","8":"tag-alain-delon","9":"tag-ari-boulogne","10":"tag-divertissement","11":"tag-entertainment","12":"tag-fr","13":"tag-france","14":"tag-has_diapo","15":"tag-people","16":"tag-republishing"},"share_on_mastodon":{"url":"https:\/\/pubeurope.com\/@fr\/114698225603266223","error":""},"_links":{"self":[{"href":"https:\/\/www.europesays.com\/fr\/wp-json\/wp\/v2\/posts\/183101","targetHints":{"allow":["GET"]}}],"collection":[{"href":"https:\/\/www.europesays.com\/fr\/wp-json\/wp\/v2\/posts"}],"about":[{"href":"https:\/\/www.europesays.com\/fr\/wp-json\/wp\/v2\/types\/post"}],"author":[{"embeddable":true,"href":"https:\/\/www.europesays.com\/fr\/wp-json\/wp\/v2\/users\/2"}],"replies":[{"embeddable":true,"href":"https:\/\/www.europesays.com\/fr\/wp-json\/wp\/v2\/comments?post=183101"}],"version-history":[{"count":0,"href":"https:\/\/www.europesays.com\/fr\/wp-json\/wp\/v2\/posts\/183101\/revisions"}],"wp:featuredmedia":[{"embeddable":true,"href":"https:\/\/www.europesays.com\/fr\/wp-json\/wp\/v2\/media\/183102"}],"wp:attachment":[{"href":"https:\/\/www.europesays.com\/fr\/wp-json\/wp\/v2\/media?parent=183101"}],"wp:term":[{"taxonomy":"category","embeddable":true,"href":"https:\/\/www.europesays.com\/fr\/wp-json\/wp\/v2\/categories?post=183101"},{"taxonomy":"post_tag","embeddable":true,"href":"https:\/\/www.europesays.com\/fr\/wp-json\/wp\/v2\/tags?post=183101"}],"curies":[{"name":"wp","href":"https:\/\/api.w.org\/{rel}","templated":true}]}}