{"id":183104,"date":"2025-06-17T10:27:15","date_gmt":"2025-06-17T10:27:15","guid":{"rendered":"https:\/\/www.europesays.com\/fr\/183104\/"},"modified":"2025-06-17T10:27:15","modified_gmt":"2025-06-17T10:27:15","slug":"lombre-dune-faille-de-rafael-wolf-ou-la-fievre-dune-ile-rts-ch","status":"publish","type":"post","link":"https:\/\/www.europesays.com\/fr\/183104\/","title":{"rendered":"\u00ab\u00a0L&rsquo;ombre d&rsquo;une faille\u00a0\u00bb de Rafael Wolf ou la fi\u00e8vre d&rsquo;une \u00eele &#8211; rts.ch"},"content":{"rendered":"<p>Journaliste et critique de cin\u00e9ma \u00e0 la RTS, Rafael Wolf publie un deuxi\u00e8me roman, \u00ab\u00a0L&rsquo;ombre d&rsquo;une faille\u00a0\u00bb, qui allie au r\u00e9cit catastrophe les intrigues intimes et politiques d&rsquo;une s\u00e9rie de personnages confront\u00e9s \u00e0 une crise climatique sans pr\u00e9c\u00e9dent.\u00a0<\/p>\n<p>Elle en sait des choses, depuis qu&rsquo;elle est l\u00e0. Elle, c&rsquo;est Kernel, presqu&rsquo;\u00eele fictive cern\u00e9e par la mer en furie. D\u00e8s le prologue, c&rsquo;est son r\u00e9cit qu&rsquo;on d\u00e9couvre, parole d&rsquo;un petit bout de terre t\u00e9moin du drame \u00e0 venir.<\/p>\n<p>Critique de cin\u00e9ma \u00e0 la RTS, Rafael Wolf lorgne ici du c\u00f4t\u00e9 du th\u00e9\u00e2tre. Son \u00eele est une sc\u00e8ne o\u00f9 s&rsquo;\u00e9battent, face \u00e0 la temp\u00eate, une poign\u00e9e de personnages \u00e0 l&rsquo;agitation d\u00e9risoire. Dans \u00ab\u00a0L&rsquo;ombre d&rsquo;une faille\u00a0\u00bb, son deuxi\u00e8me roman, la vanit\u00e9 des querelles humaines se d\u00e9ploie de mani\u00e8re impitoyable sous l&rsquo;\u0153il omniscient, tour \u00e0 tour sarcastique ou empathique, d&rsquo;une \u00eele-narratrice chahut\u00e9e par le changement climatique.<\/p>\n<blockquote class=\"rts-quote quote\">\n<p class=\"q-text\">Ce qui m&rsquo;int\u00e9ressait, c&rsquo;\u00e9tait ce point de vue double, quelque chose d&rsquo;impossible \u00e0 restituer au cin\u00e9ma: \u00eatre \u00e0 la fois dans un point de vue subjectif et objectif. C&rsquo;est un des bonheurs que peut m&rsquo;offrir la litt\u00e9rature.<\/p>\n<p>  Rafael Wolf, auteur de \u00ab\u00a0L&rsquo;ombre d&rsquo;une faille\u00a0\u00bb <\/p><\/blockquote>\n<p>Maire de Kernel, P\u00e9n\u00e9lope Bloch doit faire face au plus grand d\u00e9fi de sa carri\u00e8re: partout dans le monde alentour, l&rsquo;eau monte, et des vagues gigantesques menacent d&rsquo;an\u00e9antir sa ville. L&rsquo;\u00e9dile prend alors la d\u00e9cision d&rsquo;\u00e9riger une gigantesque digue de b\u00e9ton, rencontrant les r\u00e9sistances d\u2019une partie de la population, toute affair\u00e9e \u00e0 d\u00e9montrer que l&rsquo;imminence du danger ne serait que fake news.<\/p>\n<p>Une satire mordante<\/p>\n<p>A travers les destins crois\u00e9s d&rsquo;une dizaine de personnages, Rafael Wolf livre une satire mordante de notre \u00e9poque, prise \u00e0 la gorge par des menaces que pr\u00e9f\u00e8re ignorer une part importante de la population. Du pol\u00e9miste de gauche \u00e0 l&rsquo;influenceur d&rsquo;extr\u00eame-droite, de la journaliste ambitieuse au gourou stellaire, de l&rsquo;enseignante, adepte des th\u00e9ories du complot, \u00e0 l&rsquo;entrepreneur \u00ab\u00a0cancell\u00e9\u00a0\u00bb, toutes et tous jouent leur partition orgueilleuse, comme autant de micro-organismes s&rsquo;agitant dans le confinement d&rsquo;une bo\u00eete de Petri. Jusqu&rsquo;\u00e0 ce que la temp\u00e9rature monte\u2026<\/p>\n<blockquote class=\"rts-quote quote\">\n<p class=\"q-text\">Ce que j&rsquo;essaye de te dire, c&rsquo;est qu&rsquo;en d\u00e9pit de toutes les digues que l&rsquo;on pourra construire, il y aura toujours une faille, une petite fissure, une minuscule br\u00e8che qui nous rappellera que notre fantasme de s\u00e9curit\u00e9 absolue n&rsquo;est que \u00e7a: un fantasme. Et quand bien m\u00eame aucune faille n&rsquo;appara\u00eetrait, nous ferions en sorte de l&rsquo;imaginer, parce que l&rsquo;absence compl\u00e8te de danger est inconcevable pour l&rsquo;\u00eatre humain.<\/p>\n<p>  Extrait de \u00ab\u00a0L&rsquo;ombre d\u2019une faille\u00a0\u00bb de Rafael Wolf <\/p><\/blockquote>\n<p>Un jour, une faille appara\u00eet au c\u0153ur du barrage marin, et le petit monde de Kernel se fissure, conduisant ses habitants \u00e0 des d\u00e9cisions radicales. R\u00e9cit-catastrophe, le deuxi\u00e8me roman de Rafael Wolf n&rsquo;a pourtant rien d&rsquo;une dystopie d\u00e9pressive. N\u00e9 dans une \u00e8re o\u00f9 la perspective d&rsquo;une apocalypse nucl\u00e9aire \u00e9tait dans tous les esprits, l&rsquo;auteur genevois constate, \u00e0 travers la voix mi-ironique, mi-optimiste de sa narratrice: \u00ab\u00a0Une autre aptitude dont vous faites preuve, bien plus que n&rsquo;importe quelle esp\u00e8ce animale, tient \u00e0 votre capacit\u00e9 d&rsquo;adaptation. Vous vous habituez \u00e0 tout, m\u00eame au pire.\u00a0\u00bb<\/p>\n<p>Men\u00e9e avec un sens du crescendo remarquablement ma\u00eetris\u00e9, la fable n&rsquo;offre ainsi pas \u00e0 l&rsquo;humanit\u00e9 le seul spectacle de sa d\u00e9vastation programm\u00e9e. Le monde d&rsquo;apr\u00e8s est toujours \u00e0 venir, ouvrant aux survivants un faisceau de possibilit\u00e9s\u2026 d&rsquo;une \u00eele.<\/p>\n<p class=\"sources\">Nicolas Julliard\/mh<\/p>\n<p class=\"article-footnote\">Rafael Wolf, \u00ab\u00a0L\u2019ombre d\u2019une faille\u00a0\u00bb, ed. Favre, mai 2025.<\/p>\n<p class=\"article-footnote\">Vous aimez lire?\u00a0<a href=\"https:\/\/www.rts.ch\/info\/culture\/livres\/10829254-vous-aimez-les-livres-voici-qwertz.html\" data-item-id=\"richtext_link\" target=\"_blank\" rel=\"noopener\">Abonnez-vous \u00e0 QWERTZ<\/a>\u00a0et recevez chaque vendredi cette newsletter consacr\u00e9e \u00e0 l&rsquo;actualit\u00e9 du livre pr\u00e9par\u00e9e par RTS Culture.<\/p>\n","protected":false},"excerpt":{"rendered":"Journaliste et critique de cin\u00e9ma \u00e0 la RTS, Rafael Wolf publie un deuxi\u00e8me roman, \u00ab\u00a0L&rsquo;ombre d&rsquo;une faille\u00a0\u00bb, qui&hellip;\n","protected":false},"author":2,"featured_media":183105,"comment_status":"","ping_status":"","sticky":false,"template":"","format":"standard","meta":{"footnotes":""},"categories":[1357],"tags":[1693,1379,650,7257,4511,58,59,18237,1011,27,2957,32130,1351,1380,940,32131,1699,2004],"class_list":{"0":"post-183104","1":"post","2":"type-post","3":"status-publish","4":"format-standard","5":"has-post-thumbnail","7":"category-livres","8":"tag-arts-et-divertissement","9":"tag-books","10":"tag-cinema","11":"tag-critique","12":"tag-danger","13":"tag-divertissement","14":"tag-entertainment","15":"tag-fievre","16":"tag-fr","17":"tag-france","18":"tag-journaliste","19":"tag-kernel","20":"tag-litterature","21":"tag-livres","22":"tag-population","23":"tag-radio-television-suisse","24":"tag-recit","25":"tag-roman"},"share_on_mastodon":{"url":"https:\/\/pubeurope.com\/@fr\/114698233059788312","error":""},"_links":{"self":[{"href":"https:\/\/www.europesays.com\/fr\/wp-json\/wp\/v2\/posts\/183104","targetHints":{"allow":["GET"]}}],"collection":[{"href":"https:\/\/www.europesays.com\/fr\/wp-json\/wp\/v2\/posts"}],"about":[{"href":"https:\/\/www.europesays.com\/fr\/wp-json\/wp\/v2\/types\/post"}],"author":[{"embeddable":true,"href":"https:\/\/www.europesays.com\/fr\/wp-json\/wp\/v2\/users\/2"}],"replies":[{"embeddable":true,"href":"https:\/\/www.europesays.com\/fr\/wp-json\/wp\/v2\/comments?post=183104"}],"version-history":[{"count":0,"href":"https:\/\/www.europesays.com\/fr\/wp-json\/wp\/v2\/posts\/183104\/revisions"}],"wp:featuredmedia":[{"embeddable":true,"href":"https:\/\/www.europesays.com\/fr\/wp-json\/wp\/v2\/media\/183105"}],"wp:attachment":[{"href":"https:\/\/www.europesays.com\/fr\/wp-json\/wp\/v2\/media?parent=183104"}],"wp:term":[{"taxonomy":"category","embeddable":true,"href":"https:\/\/www.europesays.com\/fr\/wp-json\/wp\/v2\/categories?post=183104"},{"taxonomy":"post_tag","embeddable":true,"href":"https:\/\/www.europesays.com\/fr\/wp-json\/wp\/v2\/tags?post=183104"}],"curies":[{"name":"wp","href":"https:\/\/api.w.org\/{rel}","templated":true}]}}