{"id":183107,"date":"2025-06-17T10:29:09","date_gmt":"2025-06-17T10:29:09","guid":{"rendered":"https:\/\/www.europesays.com\/fr\/183107\/"},"modified":"2025-06-17T10:29:09","modified_gmt":"2025-06-17T10:29:09","slug":"britney-spears-change-de-nom-et-sappelle-desormais-xila-maria-river-red","status":"publish","type":"post","link":"https:\/\/www.europesays.com\/fr\/183107\/","title":{"rendered":"Britney Spears change de nom et s\u2019appelle d\u00e9sormais Xila Maria River Red"},"content":{"rendered":"<p>Britney Spears continue de d\u00e9construire son image de princesse de la pop. La chanteuse a d\u00e9cid\u00e9 de changer de nom, au moins sur ses r\u00e9seaux sociaux, en optant pour Xila Maria River Red.<\/p>\n<p class=\"fig-paragraph\">Serait-ce la fin de Britney Spears\u00a0? Depuis\u00a0<a href=\"https:\/\/madame.lefigaro.fr\/celebrites\/la-tutelle-de-britney-spears-enfin-levee-131121-199098\" data-fig-type=\"Article\" data-gtm-custom-categorie=\"navigation\" data-gtm-custom-action=\"crossclick\" data-gtm-custom-label=\"Contextuel\" data-gtm-event=\"customEventSPE\" data-fig-domain=\"MADAME\" target=\"_blank\" rel=\"noopener\">l\u2019arr\u00eat de sa tutelle en 2021,<\/a>\u00a0l\u2019interpr\u00e8te de Toxic semble vouloir s\u2019\u00e9manciper de son statut de star de la pop. Et c\u2019est en changeant une nouvelle fois de nom sur ses r\u00e9seaux sociaux qu\u2019elle\u00a0<a href=\"http:\/\/madame.lefigaro.fr\/celebrites\/actu-people\/cheveux-en-petard-et-ongles-sales-britney-spears-perd-de-plus-en-plus-ses-fans-sur-les-reseaux-sociaux-20250407\" data-fig-type=\"Article\" data-gtm-custom-categorie=\"navigation\" data-gtm-custom-action=\"crossclick\" data-gtm-custom-label=\"Contextuel\" data-gtm-event=\"customEventSPE\" data-fig-domain=\"MADAME\" target=\"_blank\" rel=\"noopener\">continue de d\u00e9construire cette image<\/a>. \u00abXila Maria River Red\u00bb, a-t-elle \u00e9crit en intitul\u00e9 de\u00a0<a href=\"https:\/\/www.instagram.com\/britneyspears\/\" target=\"_blank\" rel=\"nofollow noopener\" data-gtm-custom-categorie=\"navigation\" data-gtm-custom-action=\"crossclick\" data-gtm-custom-label=\"Contextuel\" data-gtm-event=\"customEventSPE\">son profil Instagram<\/a>. Ce n\u2019est pas la premi\u00e8re fois que la chanteuse d\u00e9cide de faire ce changement. En 2023, elle avait modifi\u00e9 son nom en River Red, puis en Maria River Red, avant d\u2019ajouter Xila donc. Mais que signifie ce nouveau nom\u00a0? Si Britney Spears ne s\u2019est pas exprim\u00e9e sur le sujet, plusieurs internautes ont partag\u00e9 leurs hypoth\u00e8ses sur X. Certains pensent que Xila est une r\u00e9f\u00e9rence au Nahuatl, une \u00abmacro-langue\u00bb (terme regroupant sous un m\u00eame code plusieurs vari\u00e9t\u00e9s linguistiques) de la famille uto-azt\u00e8que, rapporte la radio<a href=\"https:\/\/x.com\/iHeartLatino\/status\/1932890703865999406\" target=\"_blank\" rel=\"nofollow noopener\" data-gtm-custom-categorie=\"navigation\" data-gtm-custom-action=\"crossclick\" data-gtm-custom-label=\"Contextuel\" data-gtm-event=\"customEventSPE\">\u00a0iHeartLatino sur X<\/a>.<\/p>\n<p class=\"fig-body-link&#10;    \">\n            \u00c0 lire aussi<br \/>\n        <a class=\"fig-body-link__link\" href=\"http:\/\/madame.lefigaro.fr\/celebrites\/actu-people\/en-fait-c-est-hyperdrole-britney-spears-explique-pourquoi-elle-a-fume-a-bord-d-un-jet-prive-20250526\" data-fig-type=\"Article\" data-gtm-custom-categorie=\"navigation\" data-gtm-custom-action=\"crossclick\" data-gtm-custom-label=\"Contextuel\" data-gtm-event=\"customEventSPE\" data-fig-domain=\"MADAME\" target=\"_blank\" rel=\"noopener\">\u00abEn fait, c\u2019est hyperdr\u00f4le\u00bb\u00a0: Britney Spears explique pourquoi elle a fum\u00e9 \u00e0 bord d\u2019un jet priv\u00e9<\/a>\n<\/p>\n<p>\u00abJ\u2019ai d\u00e9m\u00e9nag\u00e9 au Mexique\u00bb<\/p>\n<p class=\"fig-paragraph\">Ce nouveau nom fait sans doute \u00e9galement r\u00e9f\u00e9rence \u00e0 son r\u00e9cent d\u00e9m\u00e9nagement au Mexique. En d\u00e9cembre dernier, elle avait annonc\u00e9 dans\u00a0<a href=\"https:\/\/www.instagram.com\/reel\/DDGjvzOpLNB\/?utm_source=ig_web_copy_link\" target=\"_blank\" rel=\"nofollow noopener\" data-gtm-custom-categorie=\"navigation\" data-gtm-custom-action=\"crossclick\" data-gtm-custom-label=\"Contextuel\" data-gtm-event=\"customEventSPE\">une vid\u00e9o publi\u00e9e sur Instagram<\/a>\u00a0s\u2019\u00eatre exil\u00e9e en Am\u00e9rique latine pour \u00e9chapper aux paparazzis. \u00abIls ont toujours \u00e9t\u00e9 incroyablement cruels avec moi (&#8230;) Je sais que je suis loin d\u2019\u00eatre parfaite, mais c\u2019est parfois extr\u00eamement m\u00e9chant et c\u2019est pourquoi j\u2019ai d\u00e9m\u00e9nag\u00e9 au Mexique\u00bb, avait-elle d\u00e9clar\u00e9.<\/p>\n<p class=\"fig-paragraph\">En 2023, lors de son premier changement de nom, elle s\u2019\u00e9tait exprim\u00e9e \u00e0 ce sujet dans un message assez \u00e9nigmatique post\u00e9 sur son compte Instagram. \u00abNe sous-estime pas le pouvoir de la puret\u00e9. Je vois \u00e0 travers tout cela&#8230; il y a du liquide et c\u2019est mouill\u00e9&#8230; c\u2019est joueur et il y a de la masse\u00a0!!! J\u2019ai chang\u00e9 mon nom en River Red\u00a0!!! Pourtant, le feu est l\u00e0 o\u00f9 il s\u2019illumine&#8230; pour le fixer et sauter directement sans aucune peur\u00a0!!!\u00bb, avait-elle \u00e9crit dans une publication d\u00e9sormais supprim\u00e9e, rapporte Vanity Fair. \u00c0 suivre.<\/p>\n<p>                                        <script async src=\"\/\/www.instagram.com\/embed.js\"><\/script><\/p>\n","protected":false},"excerpt":{"rendered":"Britney Spears continue de d\u00e9construire son image de princesse de la pop. La chanteuse a d\u00e9cid\u00e9 de changer&hellip;\n","protected":false},"author":2,"featured_media":183108,"comment_status":"","ping_status":"","sticky":false,"template":"","format":"standard","meta":{"footnotes":""},"categories":[1355],"tags":[976,8719,972,26571,58,59,638,1011,27,977,1361,873,973,975,974],"class_list":{"0":"post-183107","1":"post","2":"type-post","3":"status-publish","4":"format-standard","5":"has-post-thumbnail","7":"category-musique","8":"tag-actu-people","9":"tag-britney-spears","10":"tag-celebrite","11":"tag-changement-de-nom","12":"tag-divertissement","13":"tag-entertainment","14":"tag-figaro","15":"tag-fr","16":"tag-france","17":"tag-madame","18":"tag-music","19":"tag-musique","20":"tag-people","21":"tag-potain-de-stars","22":"tag-star"},"share_on_mastodon":{"url":"https:\/\/pubeurope.com\/@fr\/114698240948968305","error":""},"_links":{"self":[{"href":"https:\/\/www.europesays.com\/fr\/wp-json\/wp\/v2\/posts\/183107","targetHints":{"allow":["GET"]}}],"collection":[{"href":"https:\/\/www.europesays.com\/fr\/wp-json\/wp\/v2\/posts"}],"about":[{"href":"https:\/\/www.europesays.com\/fr\/wp-json\/wp\/v2\/types\/post"}],"author":[{"embeddable":true,"href":"https:\/\/www.europesays.com\/fr\/wp-json\/wp\/v2\/users\/2"}],"replies":[{"embeddable":true,"href":"https:\/\/www.europesays.com\/fr\/wp-json\/wp\/v2\/comments?post=183107"}],"version-history":[{"count":0,"href":"https:\/\/www.europesays.com\/fr\/wp-json\/wp\/v2\/posts\/183107\/revisions"}],"wp:featuredmedia":[{"embeddable":true,"href":"https:\/\/www.europesays.com\/fr\/wp-json\/wp\/v2\/media\/183108"}],"wp:attachment":[{"href":"https:\/\/www.europesays.com\/fr\/wp-json\/wp\/v2\/media?parent=183107"}],"wp:term":[{"taxonomy":"category","embeddable":true,"href":"https:\/\/www.europesays.com\/fr\/wp-json\/wp\/v2\/categories?post=183107"},{"taxonomy":"post_tag","embeddable":true,"href":"https:\/\/www.europesays.com\/fr\/wp-json\/wp\/v2\/tags?post=183107"}],"curies":[{"name":"wp","href":"https:\/\/api.w.org\/{rel}","templated":true}]}}