{"id":183109,"date":"2025-06-17T10:30:10","date_gmt":"2025-06-17T10:30:10","guid":{"rendered":"https:\/\/www.europesays.com\/fr\/183109\/"},"modified":"2025-06-17T10:30:10","modified_gmt":"2025-06-17T10:30:10","slug":"faut-il-avoir-vu-28-jours-et-28-semaines-plus-tard","status":"publish","type":"post","link":"https:\/\/www.europesays.com\/fr\/183109\/","title":{"rendered":"faut-il avoir vu 28 jours et 28 semaines plus tard ?"},"content":{"rendered":"<p>Il aura fallu attendre 18 ans et quantit\u00e9 d\u2019autres productions zombiesques sur le petit et le grand \u00e9cran, mais le retour de la saga <strong>28 jours plus tard est officielle.<\/strong> D\u00e8s demain, les spectateurs pourront poser les yeux sur ce troisi\u00e8me volet port\u00e9 par<strong> Aaron Taylor-Johnson et Jodie Comer.<\/strong> Avec Danny Boyle \u00e0 la r\u00e9alisation et Alex Garland au sc\u00e9nario, 28 ans plus tard entend explorer la vie sur Terre apr\u00e8s <strong>pr\u00e8s de trois d\u00e9cennies d\u2019apocalypse.<\/strong> Certains survivants ont trouv\u00e9 refuge sur une \u00eele, loin des goules. Mais, quand l\u2019un d\u2019entre eux s\u2019aventure au del\u00e0 du pont qui s\u00e9pare la communaut\u00e9 du continent, la situation prend un virage inattendu. Le virus qui a d\u00e9cim\u00e9 une bonne partie de l\u2019Angleterre a mut\u00e9 et les zombies d\u2019hier ne sont plus ceux d\u2019aujourd\u2019hui.<\/p>\n<p>A priori, les liens avec les pr\u00e9c\u00e9dents films devraient \u00eatre t\u00e9nus. Apr\u00e8s tout, si Boyle a confirm\u00e9 que <a href=\"https:\/\/www.journaldugeek.com\/2025\/04\/01\/28-ans-plus-tard-cillian-murphy-officiellement-de-retour-mais-pas-cette-annee\/\" target=\"_blank\" rel=\"noopener\">Cillian Murphy reprendrait<\/a> du service un jour au l\u2019autre, mais ce ne sera pas le cas ici. Seul le contexte de l\u2019histoire importe vraiment, la mani\u00e8re dont le virus de la rage s\u2019est d\u00e9velopp\u00e9. Pour le reste, tout est dans le titre, puisque 28 ann\u00e9es s\u00e9parent le r\u00e9veil de Jim de cette nouvelle histoire.<\/p>\n<p> Une exp\u00e9rience qui tourne mal <\/p>\n<p>Dans son ouverture, 28 jours plus tard pr\u00e9sente des activistes qui lib\u00e8rent des singes utilis\u00e9s pour d\u2019\u00e9tranges exp\u00e9riences sur la col\u00e8re. Malgr\u00e9 l\u2019avertissement d\u2019un employ\u00e9 du laboratoire, les d\u00e9fenseurs de la cause animale sauvent ses cobayes. La situation d\u00e9g\u00e9n\u00e8re rapidement et l\u2019un des humains est mordu. Si le singe est abattu dans la foul\u00e9e, c\u2019est d\u00e9j\u00e0 trop tard, le virus qu\u2019il porte est transmis \u00e0 l\u2019humain et celui-ci se transforme en zombie enrag\u00e9. C\u2019est le d\u00e9but de la fin pour la Grande-Bretagne. 28 jours plus tard, Jim se r\u00e9veille dans une chambre d\u2019h\u00f4pital. Il d\u00e9couvre un Londres vid\u00e9 de tous ses habitants et entame un long voyage qui pourrait le mener vers une \u00e9chappatoire.<\/p>\n<\/p>\n<p>    <a href=\"https:\/\/www.youtube.com\/user\/JournalduGeek?sub_confirmation=1\" target=\"_blank\" rel=\"nofollow noopener\"><br \/>\n        S&rsquo;abonner \u00e0 Journal du Geek<br \/>\n    <\/a> O\u00f9 voir 28 jours plus tard\u00a0? <\/p>\n<p>D\u00e9velopp\u00e9 en partenariat avec la 20th Century Fox au d\u00e9but des ann\u00e9es 2000, 28 jours plus tard n\u2019est \u00e9tonnement pas accessible sur Disney+. Le film de Danny Boyle s\u2019invite sur une autre plateforme. Il est disponible sur Canal+ via la librairie OCS. Pour celles et ceux qui ne d\u00e9tiennent pas un abonnement au service fran\u00e7ais, il est \u00e9galement possible de le louer ou l\u2019acheter en digital sur Prime Video ou YouTube.<\/p>\n<p> 28 semaines plus tard\u00a0 <\/p>\n<p>R\u00e9alis\u00e9 par Juan Carlos Fresnadillo, 28 semaines plus tard a investi les \u00e9crans du monde en 2007. Comme son nom l\u2019indique, il plongeait les spectateurs plusieurs mois apr\u00e8s le d\u00e9but de la pand\u00e9mie et alors que le gouvernement am\u00e9ricain oeuvre pour cr\u00e9er une zone de quarantaine pour les r\u00e9fugi\u00e9s. Des familles de survivants sont r\u00e9unies, dont celle de Don. Apr\u00e8s la mort de sa femme, suite \u00e0 une attaque dans une maison de campagne, il retrouve ses deux enfants dans l\u2019enceinte de cette zone militaire. Mais les choses vont tourner vinaigre lorsque son \u00e9pouse qu\u2019il croyait morte r\u00e9apparait soudainement. Elle a surv\u00e9cu \u00e0 l\u2019attaque mais semble \u00eatre contamin\u00e9e. Le film s\u2019\u00e9vertuera alors \u00e0 montrer la fuite des jeunes Tammy et Andy aux c\u00f4t\u00e9s d\u2019une m\u00e9decin et d\u2019un sniper.<\/p>\n<p> O\u00f9 voir 28 semaines plus tard\u00a0? <\/p>\n<p>Le film port\u00e9 par Robert Carlyle, Rose Byrne, Jeremy Renner et Imogen Poots est disponible via l\u2019abonnement Disney+.<\/p>\n<blockquote>\n<p class=\"text-base text-neutral-700 dark:text-neutral-300\">\ud83d\udfe3 Pour ne manquer aucune news sur le Journal du Geek, abonnez-vous sur <a href=\"https:\/\/news.google.com\/publications\/CAAqBwgKMNr_hAswwYyCAw?hl=fr&amp;gl=FR&amp;ceid=FR%3Afr\" target=\"_blank\" rel=\"noopener\">Google Actualit\u00e9s<\/a> et sur <a href=\"https:\/\/whatsapp.com\/channel\/0029VaClM5y4tRry12tb7D2h\" target=\"_blank\" rel=\"noopener\">notre WhatsApp<\/a>. Et si vous nous adorez, on a <a href=\"https:\/\/www.journaldugeek.com\/newsletter\/\" target=\"_blank\" rel=\"noopener\">une newsletter tous les matins<\/a>.<\/p>\n<\/blockquote>\n","protected":false},"excerpt":{"rendered":"Il aura fallu attendre 18 ans et quantit\u00e9 d\u2019autres productions zombiesques sur le petit et le grand \u00e9cran,&hellip;\n","protected":false},"author":2,"featured_media":183110,"comment_status":"","ping_status":"","sticky":false,"template":"","format":"standard","meta":{"footnotes":""},"categories":[1354],"tags":[32132,32133,58,59,1346,1011,27,1360],"class_list":{"0":"post-183109","1":"post","2":"type-post","3":"status-publish","4":"format-standard","5":"has-post-thumbnail","7":"category-films","8":"tag-28-ans-plus-tard","9":"tag-28-jours-plus-tard","10":"tag-divertissement","11":"tag-entertainment","12":"tag-films","13":"tag-fr","14":"tag-france","15":"tag-movies"},"share_on_mastodon":{"url":"https:\/\/pubeurope.com\/@fr\/114698244894375030","error":""},"_links":{"self":[{"href":"https:\/\/www.europesays.com\/fr\/wp-json\/wp\/v2\/posts\/183109","targetHints":{"allow":["GET"]}}],"collection":[{"href":"https:\/\/www.europesays.com\/fr\/wp-json\/wp\/v2\/posts"}],"about":[{"href":"https:\/\/www.europesays.com\/fr\/wp-json\/wp\/v2\/types\/post"}],"author":[{"embeddable":true,"href":"https:\/\/www.europesays.com\/fr\/wp-json\/wp\/v2\/users\/2"}],"replies":[{"embeddable":true,"href":"https:\/\/www.europesays.com\/fr\/wp-json\/wp\/v2\/comments?post=183109"}],"version-history":[{"count":0,"href":"https:\/\/www.europesays.com\/fr\/wp-json\/wp\/v2\/posts\/183109\/revisions"}],"wp:featuredmedia":[{"embeddable":true,"href":"https:\/\/www.europesays.com\/fr\/wp-json\/wp\/v2\/media\/183110"}],"wp:attachment":[{"href":"https:\/\/www.europesays.com\/fr\/wp-json\/wp\/v2\/media?parent=183109"}],"wp:term":[{"taxonomy":"category","embeddable":true,"href":"https:\/\/www.europesays.com\/fr\/wp-json\/wp\/v2\/categories?post=183109"},{"taxonomy":"post_tag","embeddable":true,"href":"https:\/\/www.europesays.com\/fr\/wp-json\/wp\/v2\/tags?post=183109"}],"curies":[{"name":"wp","href":"https:\/\/api.w.org\/{rel}","templated":true}]}}