{"id":183117,"date":"2025-06-17T10:34:09","date_gmt":"2025-06-17T10:34:09","guid":{"rendered":"https:\/\/www.europesays.com\/fr\/183117\/"},"modified":"2025-06-17T10:34:09","modified_gmt":"2025-06-17T10:34:09","slug":"lia-qui-lit-dans-les-pensees-ce-nest-deja-plus-de-la-science-fiction","status":"publish","type":"post","link":"https:\/\/www.europesays.com\/fr\/183117\/","title":{"rendered":"L&rsquo;IA qui lit dans les pens\u00e9es, ce n&rsquo;est (d\u00e9j\u00e0) plus de la science-fiction"},"content":{"rendered":"<p class=\"ed__a-p ed__bdy__l\">Traduire l&rsquo;activit\u00e9 c\u00e9r\u00e9brale en langage n&rsquo;est pas une id\u00e9e nouvelle dans les films d&rsquo;anticipation et de science-fiction. Cette ambition est en passe de quitter le domaine du songe. Apr\u00e8s <a href=\"https:\/\/www.lesnumeriques.com\/science-espace\/neuralink-implante-une-nouvelle-puce-cerebrale-un-homme-paralyse-controle-un-ordinateur-par-la-pensee-n236497.html\" rel=\"nofollow noopener\" target=\"_blank\">le tr\u00e8s m\u00e9diatique projet Neuralink d&rsquo;Elon Musk<\/a>, des \u00e9quipes de chercheurs en Australie et aux \u00c9tats-Unis transforment cette id\u00e9e en une r\u00e9alit\u00e9 tangible. D&rsquo;un c\u00f4t\u00e9, un simple casque est pos\u00e9 sur la t\u00eate\u00a0; de l&rsquo;autre, des \u00e9lectrodes sont implant\u00e9es chirurgicalement dans le cerveau. Les deux approches sont donc tr\u00e8s diff\u00e9rentes, mais ont abouti \u00e0 des r\u00e9sultats \u00e0 quelques jours d&rsquo;\u00e9cart seulement.<\/p>\n<p>La voie douce, pas la plus simple<\/p>\n<p class=\"ed__a-p ed__bdy__l\">En Australie, et plus pr\u00e9cis\u00e9ment \u00e0 l&rsquo;Universit\u00e9 de technologie de Sydney (UTS), c&rsquo;est la m\u00e9thode non invasive qui a \u00e9t\u00e9 choisie. Imaginez la sc\u00e8ne\u2026 Un volontaire, coiff\u00e9 d&rsquo;une sorte de bonnet en caoutchouc bard\u00e9 de 128\u00a0\u00e9lectrodes, fixe un \u00e9cran. On lui demande de lire silencieusement des mots, et m\u00eame de les mimer avec ses l\u00e8vres sans \u00e9mettre le moindre son. Ce simple acte suffit \u00e0 d\u00e9clencher dans son cerveau une activit\u00e9 \u00e9lectrique sp\u00e9cifique, que le casque d&rsquo;\u00e9lectroenc\u00e9phalographie (EEG) se charge ensuite de capter.<\/p>\n<p>        Publicit\u00e9, votre contenu continue ci-dessous<\/p>\n<p class=\"ed__a-p ed__bdy__l\"><img loading=\"lazy\" decoding=\"async\" src=\"data:image\/svg+xml,%3Csvg xmlns='http:\/\/www.w3.org\/2000\/svg'%3E%3C\/svg%3E\" draggable=\"false\" width=\"1000\" height=\"667\" class=\"ed__title-xxs\" alt=\"Casque ondes c\u00e9r\u00e9brales\" style=\"background-color: #f2f2f2; aspect-ratio:1000\/667;\"\/><\/p>\n<p>Le casque qui permet de d\u00e9coder les ondes c\u00e9r\u00e9brales de mani\u00e8re non intrusive.<\/p>\n<p>\u00a9 ABC News \/ Warwick Ford<\/p>\n<\/p>\n<p class=\"ed__a-p ed__bdy__l\">Ce qui est simple sur le papier ne l&rsquo;est pas toujours en pratique. Le signal recueilli est en effet partiellement \u201cbruit\u00e9\u201d. Comme l&rsquo;explique le professeur Chin-Teng Lin, qui supervise le projet, les ondes provenant de diff\u00e9rentes sources c\u00e9r\u00e9brales se m\u00e9langent \u00e0 la surface du cr\u00e2ne, cr\u00e9ant un v\u00e9ritable brouhaha \u00e9lectrique. C&rsquo;est ici que l&rsquo;intelligence artificielle entre en piste pour endosser la casquette de traducteur. Un premier mod\u00e8le analyse ces signaux confus pour en extraire des mots probables. Puis, un grand mod\u00e8le de langage intervient pour corriger les erreurs et assembler le tout en une phrase coh\u00e9rente.<\/p>\n<p>        Publicit\u00e9, votre contenu continue ci-dessous<\/p>\n<p class=\"ed__a-p ed__bdy__l\">Le syst\u00e8me n&rsquo;est pas encore parfait, mais l&rsquo;\u00e9quipe affirme avoir atteint une pr\u00e9cision d&rsquo;environ 75\u00a0%, visant \u00e0 terme les 90\u00a0%, un score qui rivaliserait avec les m\u00e9thodes les plus intrusives. Pour y parvenir, les scientifiques recrutent de nouveaux volontaires afin d&rsquo;affiner leur mod\u00e8le, dans l&rsquo;espoir de l&rsquo;utiliser un jour pour permettre une communication directe entre deux personnes.<\/p>\n<p>La parole retrouv\u00e9e gr\u00e2ce aux implants<\/p>\n<p class=\"ed__a-p ed__bdy__l\">Effectivement, si tout cela ressemble \u00e0 de la science-fiction, l&rsquo;un des premiers d\u00e9bouch\u00e9s sera tr\u00e8s concret, \u00e0 savoir redonner une parole \u00e0 ceux qui l&rsquo;ont perdue. Pour y parvenir, une \u00e9quipe de l&rsquo;universit\u00e9 de Californie \u00e0 Davis a implant\u00e9 256\u00a0\u00e9lectrodes directement dans le cerveau d&rsquo;un homme que la scl\u00e9rose lat\u00e9rale amyotrophique (SLA) avait priv\u00e9 de la parole.<\/p>\n<p class=\"ed__a-p ed__bdy__l\">Et le r\u00e9sultat est impressionnant, puisque l\u00e0 o\u00f9 les anciennes neuroproth\u00e8ses accusaient des retards de plusieurs secondes, rendant la moindre conversation p\u00e9nible, ce nouveau syst\u00e8me g\u00e9n\u00e8re une voix de synth\u00e8se en \u00e0 peine 25\u00a0ms. Un quasi-instantan\u00e9 qui change tout, puisque l&rsquo;homme peut d\u00e9sormais tenir des conversations en temps r\u00e9el de fa\u00e7on plus fluide. D&rsquo;autant que l&rsquo;IA d\u00e9code aussi son intention et restitue non seulement les mots, mais aussi le ton, l&#8217;emphase et l&rsquo;intonation d\u00e9sir\u00e9s.<br \/>\u00a0<br \/>\u00a0<\/p>\n<p class=\"ed__a-p ed__bdy__l\">La cerise sur le g\u00e2teau vient du fait que les chercheurs ont utilis\u00e9 des enregistrements de la voix r\u00e9elle du patient, r\u00e9alis\u00e9s avant sa maladie, afin d&rsquo;entra\u00eener l&rsquo;IA. La voix synth\u00e9tique qui en a r\u00e9sult\u00e9 est donc la sienne. L&rsquo;homme se dit \u201cheureux\u201d, et on le comprend. Il a m\u00eame pu fredonner quelques notes de musique.<\/p>\n<p>Du soin \u00e0 l&rsquo;homme de demain<\/p>\n<p class=\"ed__a-p ed__bdy__l\">Il est \u00e9vident que ce genre de travaux changera la vie de millions de personnes, mais le potentiel de ces interfaces cerveau-ordinateur ne s&rsquo;arr\u00eate pas l\u00e0. C&rsquo;est la suite qui nous fait entrer de plain-pied dans le domaine de la science-fiction. Car cette technologie est potentiellement la base d&rsquo;autres applications, comme la possibilit\u00e9 de contr\u00f4ler par la simple pens\u00e9e nos appareils, du t\u00e9l\u00e9phone \u00e0 l&rsquo;ordinateur, mais aussi d&rsquo;am\u00e9liorer nos capacit\u00e9s cognitives.<\/p>\n<p class=\"ed__a-p ed__bdy__l\">Si la possibilit\u00e9 de rendre la parole \u00e0 ceux qui l&rsquo;ont perdue devrait faire l&rsquo;unanimit\u00e9, les autres utilisations de cette technologie imposent plus de prudence. Car une fois qu&rsquo;il sera devenu courant de d\u00e9coder les ondes c\u00e9r\u00e9brales, les donn\u00e9es qui en seront issues deviendront t\u00f4t ou tard un business. Apr\u00e8s la confidentialit\u00e9 des donn\u00e9es, il faudra donc s&rsquo;inqui\u00e9ter de celle de nos pens\u00e9es.<\/p>\n<p>        Publicit\u00e9, votre contenu continue ci-dessous<\/p>\n<p class=\"ed__a-p ed__bdy__l\">Envie de faire encore plus d\u2019\u00e9conomies ? D\u00e9couvrez <a href=\"https:\/\/www.lesnumeriques.com\/codes-promo.html\" rel=\"nofollow noopener\" target=\"_blank\">nos codes promo<\/a> s\u00e9lectionn\u00e9s pour vous.<\/p>\n","protected":false},"excerpt":{"rendered":"Traduire l&rsquo;activit\u00e9 c\u00e9r\u00e9brale en langage n&rsquo;est pas une id\u00e9e nouvelle dans les films d&rsquo;anticipation et de science-fiction. Cette&hellip;\n","protected":false},"author":2,"featured_media":183118,"comment_status":"","ping_status":"","sticky":false,"template":"","format":"standard","meta":{"footnotes":""},"categories":[7],"tags":[1011,27,43,40,41,39,42,44],"class_list":{"0":"post-183117","1":"post","2":"type-post","3":"status-publish","4":"format-standard","5":"has-post-thumbnail","7":"category-sciences-et-technologies","8":"tag-fr","9":"tag-france","10":"tag-science","11":"tag-science-and-technology","12":"tag-sciences","13":"tag-sciences-et-technologies","14":"tag-technologies","15":"tag-technology"},"share_on_mastodon":{"url":"https:\/\/pubeurope.com\/@fr\/114698261228515012","error":""},"_links":{"self":[{"href":"https:\/\/www.europesays.com\/fr\/wp-json\/wp\/v2\/posts\/183117","targetHints":{"allow":["GET"]}}],"collection":[{"href":"https:\/\/www.europesays.com\/fr\/wp-json\/wp\/v2\/posts"}],"about":[{"href":"https:\/\/www.europesays.com\/fr\/wp-json\/wp\/v2\/types\/post"}],"author":[{"embeddable":true,"href":"https:\/\/www.europesays.com\/fr\/wp-json\/wp\/v2\/users\/2"}],"replies":[{"embeddable":true,"href":"https:\/\/www.europesays.com\/fr\/wp-json\/wp\/v2\/comments?post=183117"}],"version-history":[{"count":0,"href":"https:\/\/www.europesays.com\/fr\/wp-json\/wp\/v2\/posts\/183117\/revisions"}],"wp:featuredmedia":[{"embeddable":true,"href":"https:\/\/www.europesays.com\/fr\/wp-json\/wp\/v2\/media\/183118"}],"wp:attachment":[{"href":"https:\/\/www.europesays.com\/fr\/wp-json\/wp\/v2\/media?parent=183117"}],"wp:term":[{"taxonomy":"category","embeddable":true,"href":"https:\/\/www.europesays.com\/fr\/wp-json\/wp\/v2\/categories?post=183117"},{"taxonomy":"post_tag","embeddable":true,"href":"https:\/\/www.europesays.com\/fr\/wp-json\/wp\/v2\/tags?post=183117"}],"curies":[{"name":"wp","href":"https:\/\/api.w.org\/{rel}","templated":true}]}}