{"id":183119,"date":"2025-06-17T10:35:11","date_gmt":"2025-06-17T10:35:11","guid":{"rendered":"https:\/\/www.europesays.com\/fr\/183119\/"},"modified":"2025-06-17T10:35:11","modified_gmt":"2025-06-17T10:35:11","slug":"pierre-gasly-veut-comprendre-les-effets-du-depart-de-luca-de-meo","status":"publish","type":"post","link":"https:\/\/www.europesays.com\/fr\/183119\/","title":{"rendered":"Pierre Gasly veut \u00ab\u00a0comprendre\u00a0\u00bb les effets du d\u00e9part de Luca de Meo"},"content":{"rendered":"<p>L&rsquo;\u00e9quipe <a href=\"https:\/\/fr.motorsport.com\/team\/alpine\/37490\/\" target=\"_blank\" rel=\"noopener\">Alpine<\/a> va-t-elle conna\u00eetre de nouveaux bouleversements\u00a0? En plein pendant le GP du Canada, le groupe Renault a annonc\u00e9 <a href=\"https:\/\/fr.motorsport.com\/f1\/news\/luca-de-meo-demission-renault-alpine\/10733201\/\" target=\"_blank\" rel=\"noopener\">le d\u00e9part de Luca de Meo<\/a>, son directeur g\u00e9n\u00e9ral depuis cinq ans. L&rsquo;Italien a eu une grande influence sur les destin\u00e9es de l&rsquo;\u00e9quipe sur cette p\u00e9riode, \u00e0 travers plusieurs d\u00e9cisions importantes.<\/p>\n<p>Il a notamment nomm\u00e9 Laurent Rossi directeur g\u00e9n\u00e9ral de la marque Alpine, en faisant de fait le grand responsable du projet en F1, avant de l&rsquo;\u00e9carter, ou encore fait appel \u00e0 Flavio Briatore il y a un an, pour un r\u00f4le de conseiller tr\u00e8s influent. La derni\u00e8re grande d\u00e9cision a \u00e9t\u00e9 l&rsquo;abandon du moteur maison pour celui de <a href=\"https:\/\/fr.motorsport.com\/team\/mercedes\/611\/\" target=\"_blank\" rel=\"noopener\">Mercedes<\/a>, avec une grande restructuration des activit\u00e9s \u00e0 Viry-Chatillon.<\/p>\n<p>Alors que Renault doit encore nommer le successeur de Luca de Meo, son d\u00e9part aura-t-il une influence sur certaines d\u00e9cisions, ou encore sur le pouvoir attribu\u00e9 \u00e0 Flavio Briatore\u00a0? Interrog\u00e9 \u00e0 chaud apr\u00e8s l&rsquo;arriv\u00e9e \u00e0 Montr\u00e9al,\u00a0<a href=\"https:\/\/fr.motorsport.com\/driver\/pierre-gasly\/95098\/\" target=\"_blank\" rel=\"noopener\">Pierre Gasly<\/a> a confi\u00e9 ne pas avoir une id\u00e9e tr\u00e8s claire de la situation.<\/p>\n<p>\u00ab\u00a0Il faut que je rencontre le management et que je comprenne un peu ce que cela signifie pour l&rsquo;\u00e9quipe\u00a0\u00bb, a confi\u00e9 le Fran\u00e7ais apr\u00e8s le GP du Canada. \u00ab\u00a0Mais au final, nous avons tous notre travail, nous avons notre r\u00f4le, et nous devons tous nous concentrer sur ce que nous devons faire, bien le faire. Mais je vais rencontrer tout le monde.\u00a0\u00bb<\/p>\n<p>   <img decoding=\"async\" draggable=\"false\" src=\"https:\/\/www.europesays.com\/fr\/wp-content\/uploads\/2025\/06\/luca-de-meo-ceo-of-the-renault.jpg\" alt=\"Luca de Meo, PDG du groupe Renault\" width=\"1200\" height=\"800\" loading=\"lazy\"\/> <\/p>\n<p class=\"title\">Luca de Meo<\/p>\n<p class=\"photographer\">Photo de: Sam Bagnall \/ Motorsport Images via Getty Images<\/p>\n<p>\u00ab\u00a0Avant tout, il me faut toutes les informations\u00a0\u00bb, a ajout\u00e9 Gasly. \u00ab\u00a0J&rsquo;ai \u00e9videmment une tr\u00e8s bonne relation avec Luca, il fait partie des gens qui m&rsquo;ont pris dans l&rsquo;\u00e9quipe et je pense que c&rsquo;est une personne tr\u00e8s inspirante, donc \u00e9videmment la premi\u00e8re r\u00e9action est que je suis tr\u00e8s triste de la voir partir. Je suis certain qu&rsquo;il a de bonnes raisons.\u00a0\u00bb<\/p>\n<p>Ce changement \u00e0 la t\u00eate du groupe Renault intervient apr\u00e8s plusieurs ann\u00e9es de grande instabilit\u00e9 pour l&rsquo;\u00e9quipe Alpine, avec une valse des dirigeants \u2013 Steve Nielsen est d&rsquo;ailleurs <a href=\"https:\/\/fr.motorsport.com\/f1\/news\/alpine-steve-nielsen-team-manager\/10733130\/\" target=\"_blank\" rel=\"noopener\">attendu pour devenir le nouveau team manager<\/a> \u2013 et les d\u00e9parts de plusieurs figures cl\u00e9s. Gasly a conscience que pour les regards ext\u00e9rieurs, il est difficile d&rsquo;imaginer les troupes rester unies mais il reste confiant pour l&rsquo;avenir, en voyant des changements positifs dans l&rsquo;optique du r\u00e8glement 2026.<\/p>\n<p>\u00ab\u00a0Je comprends \u00e7a, c&rsquo;est totalement normal, c&rsquo;est totalement humain de sentir [une impression de manque d&rsquo;union], et je pense que c&rsquo;est important pour nous tous de rester unis en tant qu&rsquo;\u00e9quipe, de rester unis dans ces moments, de se reposer les uns sur les autres, et de faire confiance pour le long terme.\u00a0\u00bb<\/p>\n<p>\u00ab\u00a0Je pense qu&rsquo;au final, pour nous en tant qu&rsquo;\u00e9quipe, m\u00eame si ce n&rsquo;est pas agr\u00e9able en ce moment, il se passe beaucoup de choses positives \u00e0 l&rsquo;usine\u00a0\u00bb, a insist\u00e9 Gasly. \u00ab\u00a0Pour moi, c&rsquo;est important de rester sur cette dynamique avant 2026, parce que la hi\u00e9rarchie et les performances pourraient \u00eatre tr\u00e8s diff\u00e9rentes, et il faut le garder \u00e0 l&rsquo;esprit.\u00a0\u00bb<\/p>\n<p>Une course difficile<br \/>\n   <img decoding=\"async\" draggable=\"false\" src=\"https:\/\/www.europesays.com\/fr\/wp-content\/uploads\/2025\/06\/nico-hulkenberg-sauber-pierre-.jpg\" alt=\"Nico Hulkenberg, Sauber, Pierre Gasly, Alpine\" width=\"1200\" height=\"800\" loading=\"lazy\"\/> <\/p>\n<p class=\"title\">Pierre Gasly, Alpine<\/p>\n<p class=\"photographer\">Photo de: James Sutton \/ Motorsport Images via Getty Images<\/p>\n<p>La d\u00e9mission de Luca de Meo est intervenue pendant une course tr\u00e8s difficile pour Gasly \u00e0 Montr\u00e9al. Apr\u00e8s ses qualifications manqu\u00e9es qui l&rsquo;ont rel\u00e9gu\u00e9 en 20e position, Alpine a pr\u00e9f\u00e9r\u00e9 faire des modifications sur sa monoplace et remplacer le syst\u00e8me \u00e9lectronique de son unit\u00e9 de puissance. Contraint de partir des stands, il a eu de grandes difficult\u00e9s \u00e0 remonter dans le classement.<\/p>\n<p>Lors de l&rsquo;une de ses rares tentatives de d\u00e9passement, sur <a href=\"https:\/\/fr.motorsport.com\/driver\/lance-stroll\/96414\/\" target=\"_blank\" rel=\"noopener\">Lance Stroll<\/a>, le Canadien l&rsquo;a oblig\u00e9 \u00e0 mettre deux roues dans l&rsquo;herbe. Stroll a certes \u00e9t\u00e9 p\u00e9nalis\u00e9 mais cet incident a fait perdre du temps \u00e0 Gasly, ralenti par des rivaux tout au long de l&rsquo;\u00e9preuve, dont il a vu l&rsquo;arriv\u00e9e \u00e0 une lointaine 15e place.<\/p>\n<p>\u00ab\u00a0C&rsquo;\u00e9tait un apr\u00e8s-midi assez frustrant. Nous savions que ce serait difficile en partant de la voie des stands. Je pense que la strat\u00e9gie a \u00e9t\u00e9 bonne, tout ce que l&rsquo;on a fait a \u00e9t\u00e9 bon, mais on avait juste du mal en ligne droite, du mal avec la stabilit\u00e9 arri\u00e8re, et nous n&rsquo;\u00e9tions pas assez rapides en ligne droite pour doubler les autres voitures. Je pense que nous avions un peu de rythme, nous avons juste \u00e9t\u00e9 coinc\u00e9s derri\u00e8re Lawson pendant 40 tours et nous avons perdu trop de temps avec \u00e7a.\u00a0\u00bb<\/p>\n<p>\u00ab\u00a0Nous savions qu&rsquo;en venant ici, ce ne serait pas facile avec notre package, et \u00e7a a \u00e9t\u00e9 le cas\u00a0\u00bb, a ajout\u00e9 Gasly. \u00ab\u00a0Je pense que tout ce que nous avons test\u00e9 a \u00e9t\u00e9 bon, nous avions un peu de rythme, mais m\u00eame si nous \u00e9tions rapides pendant un tour, cela ne veut pas dire que nous pouvions d\u00e9fendre ou attaquer proprement.\u00a0\u00bb<\/p>\n<p style=\"text-align: right;\">Avec Federico Faturos<\/p>\n<p>Lire aussi :<\/p>\n<p>Dans cet article<\/p>\n<p>    Vincent Lalanne-Sicaud\n<\/p>\n<p>    Formule 1\n<\/p>\n<p>    Pierre Gasly\n<\/p>\n<p>    Alpine\n<\/p>\n<p>Soyez le premier inform\u00e9 et souscrivez aux alertes mails pour recevoir les infos en temps r\u00e9el<\/p>\n<p>    S&rsquo;abonner aux alertes de news<\/p>\n","protected":false},"excerpt":{"rendered":"L&rsquo;\u00e9quipe Alpine va-t-elle conna\u00eetre de nouveaux bouleversements\u00a0? En plein pendant le GP du Canada, le groupe Renault a&hellip;\n","protected":false},"author":2,"featured_media":183120,"comment_status":"","ping_status":"","sticky":false,"template":"","format":"standard","meta":{"footnotes":""},"categories":[6],"tags":[2674,35,30180,33,34,1454,1011,27,30179,2248],"class_list":{"0":"post-183119","1":"post","2":"type-post","3":"status-publish","4":"format-standard","5":"has-post-thumbnail","7":"category-economie","8":"tag-alpine","9":"tag-business","10":"tag-circuit-gilles-villeneuve","11":"tag-economie","12":"tag-economy","13":"tag-formule-1","14":"tag-fr","15":"tag-france","16":"tag-gp-du-canada","17":"tag-pierre-gasly"},"share_on_mastodon":{"url":"https:\/\/pubeurope.com\/@fr\/114698264500386775","error":""},"_links":{"self":[{"href":"https:\/\/www.europesays.com\/fr\/wp-json\/wp\/v2\/posts\/183119","targetHints":{"allow":["GET"]}}],"collection":[{"href":"https:\/\/www.europesays.com\/fr\/wp-json\/wp\/v2\/posts"}],"about":[{"href":"https:\/\/www.europesays.com\/fr\/wp-json\/wp\/v2\/types\/post"}],"author":[{"embeddable":true,"href":"https:\/\/www.europesays.com\/fr\/wp-json\/wp\/v2\/users\/2"}],"replies":[{"embeddable":true,"href":"https:\/\/www.europesays.com\/fr\/wp-json\/wp\/v2\/comments?post=183119"}],"version-history":[{"count":0,"href":"https:\/\/www.europesays.com\/fr\/wp-json\/wp\/v2\/posts\/183119\/revisions"}],"wp:featuredmedia":[{"embeddable":true,"href":"https:\/\/www.europesays.com\/fr\/wp-json\/wp\/v2\/media\/183120"}],"wp:attachment":[{"href":"https:\/\/www.europesays.com\/fr\/wp-json\/wp\/v2\/media?parent=183119"}],"wp:term":[{"taxonomy":"category","embeddable":true,"href":"https:\/\/www.europesays.com\/fr\/wp-json\/wp\/v2\/categories?post=183119"},{"taxonomy":"post_tag","embeddable":true,"href":"https:\/\/www.europesays.com\/fr\/wp-json\/wp\/v2\/tags?post=183119"}],"curies":[{"name":"wp","href":"https:\/\/api.w.org\/{rel}","templated":true}]}}