{"id":183125,"date":"2025-06-17T10:39:23","date_gmt":"2025-06-17T10:39:23","guid":{"rendered":"https:\/\/www.europesays.com\/fr\/183125\/"},"modified":"2025-06-17T10:39:23","modified_gmt":"2025-06-17T10:39:23","slug":"fin-de-festival-dans-une-ambiance-decontractee-et-creative-2","status":"publish","type":"post","link":"https:\/\/www.europesays.com\/fr\/183125\/","title":{"rendered":"fin de festival dans une ambiance d\u00e9contract\u00e9e et cr\u00e9ative"},"content":{"rendered":"<p>La Rue des Artistes est un festival engag\u00e9, \u00e9cologique et riche de diversit\u00e9 culturelle. Durant trois jours, les visiteurs ont eu acc\u00e8s \u00e0 une programmation \u00e9clectique. L\u2019art a \u00e9t\u00e9 pr\u00e9sent\u00e9 sous toutes ses formes\u00a0: musique, art plastique, th\u00e9\u00e2tre de rue, cirque. Il y en avait pour tous les go\u00fbts et les \u00e2ges.<\/p>\n<p>Le prix abordable des billets, la restauration locale et l\u2019acc\u00e8s&#8230;<\/p>\n","protected":false},"excerpt":{"rendered":"La Rue des Artistes est un festival engag\u00e9, \u00e9cologique et riche de diversit\u00e9 culturelle. Durant trois jours, les&hellip;\n","protected":false},"author":2,"featured_media":179347,"comment_status":"","ping_status":"","sticky":false,"template":"","format":"standard","meta":{"footnotes":""},"categories":[9653],"tags":[1111,11,2430,1687,7539,1777,674,1011,27,3367,12,25,9669,9670,4001,3140],"class_list":{"0":"post-183125","1":"post","2":"type-post","3":"status-publish","4":"format-standard","5":"has-post-thumbnail","7":"category-saint-etienne","8":"tag-actu","9":"tag-actualites","10":"tag-auvergne-rhone-alpes","11":"tag-culture-loisirs","12":"tag-edition-loire-sud","13":"tag-eu","14":"tag-europe","15":"tag-fr","16":"tag-france","17":"tag-loire","18":"tag-news","19":"tag-republique-francaise","20":"tag-saint-chamond","21":"tag-saint-chamond-ville","22":"tag-saint-etienne","23":"tag-spectacle"},"share_on_mastodon":{"url":"https:\/\/pubeurope.com\/@fr\/114698280181136325","error":""},"_links":{"self":[{"href":"https:\/\/www.europesays.com\/fr\/wp-json\/wp\/v2\/posts\/183125","targetHints":{"allow":["GET"]}}],"collection":[{"href":"https:\/\/www.europesays.com\/fr\/wp-json\/wp\/v2\/posts"}],"about":[{"href":"https:\/\/www.europesays.com\/fr\/wp-json\/wp\/v2\/types\/post"}],"author":[{"embeddable":true,"href":"https:\/\/www.europesays.com\/fr\/wp-json\/wp\/v2\/users\/2"}],"replies":[{"embeddable":true,"href":"https:\/\/www.europesays.com\/fr\/wp-json\/wp\/v2\/comments?post=183125"}],"version-history":[{"count":0,"href":"https:\/\/www.europesays.com\/fr\/wp-json\/wp\/v2\/posts\/183125\/revisions"}],"wp:featuredmedia":[{"embeddable":true,"href":"https:\/\/www.europesays.com\/fr\/wp-json\/wp\/v2\/media\/179347"}],"wp:attachment":[{"href":"https:\/\/www.europesays.com\/fr\/wp-json\/wp\/v2\/media?parent=183125"}],"wp:term":[{"taxonomy":"category","embeddable":true,"href":"https:\/\/www.europesays.com\/fr\/wp-json\/wp\/v2\/categories?post=183125"},{"taxonomy":"post_tag","embeddable":true,"href":"https:\/\/www.europesays.com\/fr\/wp-json\/wp\/v2\/tags?post=183125"}],"curies":[{"name":"wp","href":"https:\/\/api.w.org\/{rel}","templated":true}]}}