{"id":18313,"date":"2025-04-11T21:36:08","date_gmt":"2025-04-11T21:36:08","guid":{"rendered":"https:\/\/www.europesays.com\/fr\/18313\/"},"modified":"2025-04-11T21:36:08","modified_gmt":"2025-04-11T21:36:08","slug":"arnaud-lasserre-le-supporter-sauvagement-agresse-apres-un-match-en-2021-est-mort-a-39-ans","status":"publish","type":"post","link":"https:\/\/www.europesays.com\/fr\/18313\/","title":{"rendered":"Arnaud Lasserre, le supporter sauvagement agress\u00e9 apr\u00e8s un match en\u00a02021, est mort \u00e0 39 ans"},"content":{"rendered":"<p>Le <a href=\"https:\/\/www.20minutes.fr\/sport\/losc\/\" target=\"_blank\" class=\"color-ultramarine c-link\" rel=\"noopener\">Losc <\/a>a annonc\u00e9 jeudi soir la mort d\u2019Arnaud Lasserre, un de ses supporters dont l\u2019histoire avait fait malgr\u00e9 lui un symbole des d\u00e9rives du football. Le club nordiste \u00ab\u00a0pleure ce fid\u00e8le supporter\u00a0\u00bb, comme il l\u2019a \u00e9crit sur ses r\u00e9seaux sociaux. \u00ab\u00a0Nous adressons toutes nos condol\u00e9ances \u00e0 sa famille et ses proches\u00a0\u00bb, est-il ajout\u00e9.<\/p>\n<blockquote class=\"twitter-tweet\" align=\"center\" data-lang=\"fr_FR\">\n<p lang=\"fr\" dir=\"ltr\">\u26ab\ufe0f Le LOSC a appris ce soir la disparition d\u2019Arnaud Lasserre et pleure ce fid\u00e8le supporter. <\/p>\n<p>Nous adressons toutes nos condol\u00e9ances \u00e0 sa famille et ses proches.<\/p>\n<p>\u2014 LOSC (@losclive) <a href=\"https:\/\/twitter.com\/losclive\/status\/1910430508661559554?ref_src=twsrc%5Etfw\" target=\"_blank\" rel=\"noopener\">April 10, 2025<\/a><\/p><\/blockquote>\n<p class=\"mb-m@xs text-l@xs\">En cliquant sur\u00ab J\u2019accepte \u00bb, vous acceptez le d\u00e9p\u00f4t de cookies par des services externes et aurez ainsi acc\u00e8s aux contenus de nos partenaires.<\/p>\n<p class=\"mb-xl@xs text-s@xs\">Plus d\u2019informations sur la page<a href=\"https:\/\/www.20minutes.fr\/gestion-cookies\" class=\"mx-xxs@xs color-ultramarine\" target=\"_blank\" rel=\"noopener\">Politique de gestion des cookies<\/a><\/p>\n<p>J\u2019accepte<\/p>\n<p>Arnaud Lasserre, \u00e2g\u00e9 de 39 ans, avait \u00e9t\u00e9 sauvagement agress\u00e9 un soir de septembre\u00a02021, aux abords du stade Pierre-Mauroy, apr\u00e8s une rencontre face \u00e0 Wolfsburg en <a href=\"https:\/\/www.20minutes.fr\/sport\/ligue_des_champions\/\" target=\"_blank\" class=\"color-ultramarine c-link\" rel=\"noopener\">Ligue des champions<\/a>. Accompagn\u00e9 de son fr\u00e8re et de deux amis, il s\u2019\u00e9tait rendu au Factory, un bar attenant au stade, pour boire un dernier verre. La suite, <a href=\"https:\/\/www.20minutes.fr\/sport\/3151887-20211020-losc-seville-grosse-mobilisation-nee-autour-arnaud-supporter-lillois-tombe-coma-soir-ligue-champions\" target=\"_blank\" class=\"color-ultramarine c-link\" rel=\"noopener\">son fr\u00e8re Yannick nous l\u2019avait racont\u00e9e<\/a> un mois plus tard\u00a0:<\/p>\n<p>\u00ab\u00a0Mon fr\u00e8re et ses amis se sont assis \u00e0 c\u00f4t\u00e9 d\u2019un groupe qui importunait une serveuse du bar. Une fille est alors venue insulter l\u2019un des membres du groupe. Le ton est mont\u00e9, d\u2019autres mecs sont arriv\u00e9s et ont alors commenc\u00e9 \u00e0 taper l\u2019un des deux potes de mon fr\u00e8re qui n\u2019avait pourtant rien \u00e0 voir dans l\u2019histoire. Ils se sont mis \u00e0 cinq dessus. Mon fr\u00e8re a sans doute essay\u00e9 de le d\u00e9fendre et ils s\u2019en sont pris aussi \u00e0 lui.\u00a0\u00bb<\/p>\n<p>24 jours dans le coma<\/p>\n<p>Arnaud \u00e9tait ensuite rest\u00e9 dans le coma pendant 24 jours. Depuis, il n\u2019avait pas retrouv\u00e9 la totalit\u00e9 de ses moyens physiques. Il souffrait ainsi de surdit\u00e9 \u00e0 l\u2019oreille droite, de pertes d\u2019\u00e9quilibre, de douleurs chroniques et de s\u00e9quelles psychologiques lourdes.<\/p>\n<p>Au journal <a href=\"https:\/\/www.lequipe.fr\/Football\/Article\/Arnaud-lasserre-agresse-apres-un-match-du-losc-ce-sont-des-gens-qui-n-ont-pas-peur-de-tuer\/1327058\" rel=\"nofollow noopener\" target=\"_blank\" class=\"color-ultramarine c-link\">L\u2019Equipe<\/a>, un an plus tard, ce p\u00e8re de deux enfants d\u00e9crivait son mal-\u00eatre\u00a0: \u00ab\u00a0Je n\u2019ai pas trop le moral, \u00e7a p\u00e8se souvent sur moi. J\u2019ai eu des moments tr\u00e8s difficiles quand je suis rentr\u00e9 \u00e0 la maison. J\u2019ai eu des envies de suicide, j\u2019ai pleur\u00e9 dans les bras de ma m\u00e8re. Je m\u2019ennuyais, je restais au lit. Je n\u2019\u00e9tais pas bien.\u00a0\u00bb<\/p>\n<p>L\u2019enqu\u00eate avait conduit \u00e0 la <a href=\"https:\/\/www.20minutes.fr\/lille\/3249135-20220309-losc-six-personnes-interpellees-apres-violente-agression-supporter-lillois\" target=\"_blank\" class=\"color-ultramarine c-link\" rel=\"noopener\">mise en examen de six personnes<\/a> en mars\u00a02022, dont cinq \u00e9taient li\u00e9es \u00e0 la mouvance d\u2019ultra-droite. Arnaud Lasserre attendait toujours leur proc\u00e8s, plus de trois ans apr\u00e8s les faits. Les causes de son d\u00e9c\u00e8s ne sont pas connues, informe la <a href=\"https:\/\/www.lavoixdunord.fr\/1574528\/article\/2025-04-10\/arnaud-lasserre-agresse-en-2021-devant-un-bar-du-stade-mauroy-apres-un-match-du\" rel=\"nofollow noopener\" target=\"_blank\" class=\"color-ultramarine c-link\">Voix du Nord <\/a>ce vendredi.<\/p>\n<p><script async src=\"https:\/\/platform.twitter.com\/widgets.js\" charset=\"utf-8\"><\/script><\/p>\n","protected":false},"excerpt":{"rendered":"Le Losc a annonc\u00e9 jeudi soir la mort d\u2019Arnaud Lasserre, un de ses supporters dont l\u2019histoire avait fait&hellip;\n","protected":false},"author":2,"featured_media":18314,"comment_status":"","ping_status":"","sticky":false,"template":"","format":"standard","meta":{"footnotes":""},"categories":[9],"tags":[1120,3983,6711,63,1011,27,811,66,1307,2854,1308,1309,517,60,1015,809],"class_list":{"0":"post-18313","1":"post","2":"type-post","3":"status-publish","4":"format-standard","5":"has-post-thumbnail","7":"category-sports","8":"tag-agression","9":"tag-deces","10":"tag-faits-divers-lille","11":"tag-football","12":"tag-fr","13":"tag-france","14":"tag-hauts-de-france","15":"tag-ligue-1","16":"tag-lille","17":"tag-losc-lille","18":"tag-nord","19":"tag-nord-pas-de-calais","20":"tag-sport","21":"tag-sports","22":"tag-supporter","23":"tag-violence"},"share_on_mastodon":{"url":"https:\/\/pubeurope.com\/@fr\/114321488889101784","error":""},"_links":{"self":[{"href":"https:\/\/www.europesays.com\/fr\/wp-json\/wp\/v2\/posts\/18313","targetHints":{"allow":["GET"]}}],"collection":[{"href":"https:\/\/www.europesays.com\/fr\/wp-json\/wp\/v2\/posts"}],"about":[{"href":"https:\/\/www.europesays.com\/fr\/wp-json\/wp\/v2\/types\/post"}],"author":[{"embeddable":true,"href":"https:\/\/www.europesays.com\/fr\/wp-json\/wp\/v2\/users\/2"}],"replies":[{"embeddable":true,"href":"https:\/\/www.europesays.com\/fr\/wp-json\/wp\/v2\/comments?post=18313"}],"version-history":[{"count":0,"href":"https:\/\/www.europesays.com\/fr\/wp-json\/wp\/v2\/posts\/18313\/revisions"}],"wp:featuredmedia":[{"embeddable":true,"href":"https:\/\/www.europesays.com\/fr\/wp-json\/wp\/v2\/media\/18314"}],"wp:attachment":[{"href":"https:\/\/www.europesays.com\/fr\/wp-json\/wp\/v2\/media?parent=18313"}],"wp:term":[{"taxonomy":"category","embeddable":true,"href":"https:\/\/www.europesays.com\/fr\/wp-json\/wp\/v2\/categories?post=18313"},{"taxonomy":"post_tag","embeddable":true,"href":"https:\/\/www.europesays.com\/fr\/wp-json\/wp\/v2\/tags?post=18313"}],"curies":[{"name":"wp","href":"https:\/\/api.w.org\/{rel}","templated":true}]}}