{"id":183130,"date":"2025-06-17T10:42:32","date_gmt":"2025-06-17T10:42:32","guid":{"rendered":"https:\/\/www.europesays.com\/fr\/183130\/"},"modified":"2025-06-17T10:42:32","modified_gmt":"2025-06-17T10:42:32","slug":"halterophilie-yann-thomasson-laneuveville-devant-nancy-souleve-un-septieme-titre-national","status":"publish","type":"post","link":"https:\/\/www.europesays.com\/fr\/183130\/","title":{"rendered":"Halt\u00e9rophilie. Yann Thomasson (Laneuveville-devant-Nancy) soul\u00e8ve un septi\u00e8me titre national"},"content":{"rendered":"<p>Championnats de France \u00e9lite<\/p>\n<p>\u00c0 Dunkerque<\/p>\n<p>Yann Thomasson, Dylan Flaus et Valentin Cuvillier ne se sont pas d\u00e9plac\u00e9s pour rien \u00e0 Dunkerque. Les trois Laneuvevillois sont revenus avec deux breloques (une en or et une en argent), ainsi qu\u2019avec un record personnel pour Valentin Cuvillier. Ce dernier \u00e9tait le premier \u00e0 rentrer dans l\u2019ar\u00e8ne, samedi. Matchant pour la premi\u00e8re fois en -81kg (Ndlr\u00a0: il s\u2019aligne d\u2019habitude en -76kg), Valentin Cuvillier s\u2019est permis de battre son record personnel \u00e0 l\u2019arrach\u00e9, en ma\u00eetrisant parfaitement une barre de 128kg.<\/p>\n<p>Valentin Cuvillier encha\u00eenait ensuite avec l\u2019\u00e9paul\u00e9-jet\u00e9. Dans ce mouvement, il ne parvenait malheureusement pas \u00e0 \u00e9galer sa meilleure barre de la saison (152kg). \u00ab\u00a0Je ressens encore des g\u00eanes \u00e0 mon poignet (Ndlr\u00a0: il tra\u00eene des s\u00e9quelles d\u2019une blessure depuis deux ans)\u00a0\u00bb, confie-t-il. \u00ab\u00a0Maintenant, j\u2019ai probablement aussi manqu\u00e9 d\u2019entra\u00eenement\u00a0\u00bb. Il faut dire que Valentin Cuvillier s\u2019appr\u00eate \u00e0 prendre la pr\u00e9sidence du club de Laneuveville HMS. En effet, apr\u00e8s plus de 40 ans de bons et loyaux services, Roger Bouko, l\u2019historique pr\u00e9sident du club passera la main vendredi prochain.<\/p>\n<p>  Sept ann\u00e9es d\u2019invincibilit\u00e9 pour Thomasson<\/p>\n<p>Il \u00e9tait alors temps pour Yann Thomasson (22 ans) d\u2019aller taquiner du \u00ab\u00a0lourd\u00a0\u00bb. Dans une cat\u00e9gorie (-102kg) dans laquelle beaucoup de pr\u00e9tendants ne sont pas parvenus \u00e0 r\u00e9ussir les minima de qualification pour les finales, Yann Thomasson a fait la loi pour la 3e ann\u00e9e cons\u00e9cutive. \u00ab\u00a0C\u2019est mon 7e titre de champion de France cons\u00e9cutif\u00a0\u00bb, rappelle le pensionnaire du p\u00f4le France de Toulouse. Invaincu depuis six saisons toutes cat\u00e9gories confondues, le colosse laneuvevillois a enlev\u00e9 le titre avec un total de 335kg (155 \u00e0 l\u2019arrach\u00e9 et 180 \u00e0 l\u2019\u00e9paul\u00e9-jet\u00e9).<\/p>\n<p>\u00ab\u00a0Certes, c\u2019est un peu moins que lors de ma derni\u00e8re comp\u00e9tition, mais mon objectif \u00e9tait d\u2019abord de remporter le titre en \u00e9vitant de me blesser\u00a0\u00bb. Son contrat rempli, Yann Thomasson s\u2019est alors port\u00e9 au chevet de Dylan Flaus en -96kg. A priori, ses conseils ont \u00e9t\u00e9 pr\u00e9cieux pour\u00a0ce dernier, qui \u00e9levait dans les airs des barres de 146kg (A) puis de 169kg (EJ). M\u00e9daill\u00e9 de bronze en 2024, Dylan Flaus parvenait cette fois-ci \u00e0 s\u2019emparer de l\u2019argent juste derri\u00e8re l\u2019intouchable Romain Imadouch\u00e8ne, qui a particip\u00e9 aux derniers JO de Paris et qui a d\u00e9j\u00e0 sign\u00e9 un total de 378kg.<\/p>\n","protected":false},"excerpt":{"rendered":"Championnats de France \u00e9lite \u00c0 Dunkerque Yann Thomasson, Dylan Flaus et Valentin Cuvillier ne se sont pas d\u00e9plac\u00e9s&hellip;\n","protected":false},"author":2,"featured_media":183131,"comment_status":"","ping_status":"","sticky":false,"template":"","format":"standard","meta":{"footnotes":""},"categories":[9635],"tags":[1111,11,1704,1777,674,107,1701,1011,27,775,12448,18459,1702,1703,12,25,517,1700],"class_list":{"0":"post-183130","1":"post","2":"type-post","3":"status-publish","4":"format-standard","5":"has-post-thumbnail","7":"category-nancy","8":"tag-actu","9":"tag-actualites","10":"tag-edition-nancy-et-agglomeration","11":"tag-eu","12":"tag-europe","13":"tag-fil-info","14":"tag-fil-info-sport","15":"tag-fr","16":"tag-france","17":"tag-grand-est","18":"tag-halterophilie","19":"tag-laneuveville-devant-nancy","20":"tag-nancy","21":"tag-nancy-ville-54b","22":"tag-news","23":"tag-republique-francaise","24":"tag-sport","25":"tag-sport-lorrain"},"share_on_mastodon":{"url":"https:\/\/pubeurope.com\/@fr\/114698291998635642","error":""},"_links":{"self":[{"href":"https:\/\/www.europesays.com\/fr\/wp-json\/wp\/v2\/posts\/183130","targetHints":{"allow":["GET"]}}],"collection":[{"href":"https:\/\/www.europesays.com\/fr\/wp-json\/wp\/v2\/posts"}],"about":[{"href":"https:\/\/www.europesays.com\/fr\/wp-json\/wp\/v2\/types\/post"}],"author":[{"embeddable":true,"href":"https:\/\/www.europesays.com\/fr\/wp-json\/wp\/v2\/users\/2"}],"replies":[{"embeddable":true,"href":"https:\/\/www.europesays.com\/fr\/wp-json\/wp\/v2\/comments?post=183130"}],"version-history":[{"count":0,"href":"https:\/\/www.europesays.com\/fr\/wp-json\/wp\/v2\/posts\/183130\/revisions"}],"wp:featuredmedia":[{"embeddable":true,"href":"https:\/\/www.europesays.com\/fr\/wp-json\/wp\/v2\/media\/183131"}],"wp:attachment":[{"href":"https:\/\/www.europesays.com\/fr\/wp-json\/wp\/v2\/media?parent=183130"}],"wp:term":[{"taxonomy":"category","embeddable":true,"href":"https:\/\/www.europesays.com\/fr\/wp-json\/wp\/v2\/categories?post=183130"},{"taxonomy":"post_tag","embeddable":true,"href":"https:\/\/www.europesays.com\/fr\/wp-json\/wp\/v2\/tags?post=183130"}],"curies":[{"name":"wp","href":"https:\/\/api.w.org\/{rel}","templated":true}]}}