{"id":183140,"date":"2025-06-17T10:47:21","date_gmt":"2025-06-17T10:47:21","guid":{"rendered":"https:\/\/www.europesays.com\/fr\/183140\/"},"modified":"2025-06-17T10:47:21","modified_gmt":"2025-06-17T10:47:21","slug":"le-proprietaire-le-pourchasse-dans-la-rue-pres-de-rouen","status":"publish","type":"post","link":"https:\/\/www.europesays.com\/fr\/183140\/","title":{"rendered":"le propri\u00e9taire le pourchasse dans la rue pr\u00e8s de Rouen"},"content":{"rendered":"<p>            Par<br \/>\n        <strong><br \/>\n            <a href=\"https:\/\/actu.fr\/auteur\/adrien-filoche\" title=\"Consulter tous les articles de Adrien Filoche\" target=\"_blank\" rel=\"noopener\">Adrien Filoche<\/a><br \/>\n        <\/strong><\/p>\n<p>        Publi\u00e9 le<\/p>\n<p>            17 juin 2025 \u00e0 11h44        <\/p>\n<p><strong>Une sc\u00e8ne peu commune\u2009!<\/strong> Le lundi 16\u00a0juin 2025, vers 21\u00a0heures, la police est alert\u00e9e pour intervenir dans la c\u00f4te Guy-de-Maupassant \u00e0 <a href=\"https:\/\/actu.fr\/normandie\/canteleu_76157\" target=\"_blank\" rel=\"noopener\">Canteleu (Seine-Maritime)<\/a>, pr\u00e8s de Rouen. Un homme a <strong>percut\u00e9 le muret d\u2019une maison<\/strong> avec son v\u00e9hicule, avant de prendre la fuite \u00e0 pied. Sauf que ce dernier, visiblement alcoolis\u00e9, a \u00e9t\u00e9 pourchass\u00e9 par le propri\u00e9taire de l\u2019habitation.<\/p>\n<p>Le fuyard rattrap\u00e9<\/p>\n<p class=\" wall-content\">Sur place, les policiers constatent que le fuyard est retenu \u00ab\u2009par plusieurs personnes, sans contrainte\u2009\u00bb, comme le relate une source polici\u00e8re.<\/p>\n<p class=\" wall-content\">Une femme de 31\u00a0ans se pr\u00e9sente et d\u00e9signe le conducteur ayant provoqu\u00e9 l\u2019accident. Son mari, 35\u00a0ans, confirme et indique qu\u2019il est parti \u00e0 la poursuite du chauffard apr\u00e8s les faits.<\/p>\n<p>2,12 grammes d\u2019alcool dans le sang<\/p>\n<p class=\" wall-content\">Le mis en cause, \u00e2g\u00e9 de 43\u00a0ans, <strong>cumule les infractions.<\/strong> Il ne dispose d\u2019aucun point sur son permis de conduire, son v\u00e9hicule n\u2019est pas assur\u00e9, et il est coupable d\u2019un d\u00e9faut de contr\u00f4le technique. Autre probl\u00e8me,<strong> il sent fortement l\u2019alcool.<\/strong><\/p>\n<p class=\" wall-content\">Contr\u00f4l\u00e9, il souffle \u00e0 1,06 mg par litre d\u2019air expir\u00e9, soit l\u2019\u00e9quivalent de 2,12 grammes dans le sang. Il est interpell\u00e9 et plac\u00e9 en garde \u00e0 vue.<\/p>\n<p>Vid\u00e9os : en ce moment sur ActuSuivez l\u2019actualit\u00e9 de Rouen sur <a href=\"https:\/\/www.whatsapp.com\/channel\/0029VaKfnf99hXF2ddApFB1D\" target=\"_blank\" rel=\"noopener\">notre cha\u00eene WhatsApp<\/a> et sur <a href=\"https:\/\/www.tiktok.com\/@76actu.fr?lang=fr\" target=\"_blank\" rel=\"noopener\">notre compte TikTok<\/a><\/p>\n<p class=\" wall-content\">Suivez toute l\u2019actualit\u00e9 de vos villes et m\u00e9dias favoris en vous inscrivant \u00e0 <a href=\"https:\/\/moncompte.actu.fr\" title=\"D\u00e9couvez Mon Actu\" rel=\"nofollow noopener\" data-trk=\"{&quot;cta&quot;:{&quot;action&quot;:&quot;https:\\\/\\\/moncompte.actu.fr&quot;,&quot;category&quot;:&quot;mon compte&quot;,&quot;from&quot;:&quot;article footer&quot;,&quot;name&quot;:&quot;Mon actu&quot;,&quot;type&quot;:&quot;cta&quot;}}\" target=\"_blank\">Mon Actu<\/a>.<\/p>\n<p>                    <script async src=\"\/\/www.tiktok.com\/embed.js\"><\/script><\/p>\n","protected":false},"excerpt":{"rendered":"Par Adrien Filoche Publi\u00e9 le 17 juin 2025 \u00e0 11h44 Une sc\u00e8ne peu commune\u2009! Le lundi 16\u00a0juin 2025,&hellip;\n","protected":false},"author":2,"featured_media":167712,"comment_status":"","ping_status":"","sticky":false,"template":"","format":"standard","meta":{"footnotes":""},"categories":[9587],"tags":[119,1111,11,5702,1777,674,118,1011,27,12,5161,1072,25,9590],"class_list":{"0":"post-183140","1":"post","2":"type-post","3":"status-publish","4":"format-standard","5":"has-post-thumbnail","7":"category-rouen","8":"tag-accident","9":"tag-actu","10":"tag-actualites","11":"tag-alcool","12":"tag-eu","13":"tag-europe","14":"tag-faits-divers","15":"tag-fr","16":"tag-france","17":"tag-news","18":"tag-normandie","19":"tag-police","20":"tag-republique-francaise","21":"tag-rouen"},"share_on_mastodon":{"url":"https:\/\/pubeurope.com\/@fr\/114698311963248311","error":""},"_links":{"self":[{"href":"https:\/\/www.europesays.com\/fr\/wp-json\/wp\/v2\/posts\/183140","targetHints":{"allow":["GET"]}}],"collection":[{"href":"https:\/\/www.europesays.com\/fr\/wp-json\/wp\/v2\/posts"}],"about":[{"href":"https:\/\/www.europesays.com\/fr\/wp-json\/wp\/v2\/types\/post"}],"author":[{"embeddable":true,"href":"https:\/\/www.europesays.com\/fr\/wp-json\/wp\/v2\/users\/2"}],"replies":[{"embeddable":true,"href":"https:\/\/www.europesays.com\/fr\/wp-json\/wp\/v2\/comments?post=183140"}],"version-history":[{"count":0,"href":"https:\/\/www.europesays.com\/fr\/wp-json\/wp\/v2\/posts\/183140\/revisions"}],"wp:featuredmedia":[{"embeddable":true,"href":"https:\/\/www.europesays.com\/fr\/wp-json\/wp\/v2\/media\/167712"}],"wp:attachment":[{"href":"https:\/\/www.europesays.com\/fr\/wp-json\/wp\/v2\/media?parent=183140"}],"wp:term":[{"taxonomy":"category","embeddable":true,"href":"https:\/\/www.europesays.com\/fr\/wp-json\/wp\/v2\/categories?post=183140"},{"taxonomy":"post_tag","embeddable":true,"href":"https:\/\/www.europesays.com\/fr\/wp-json\/wp\/v2\/tags?post=183140"}],"curies":[{"name":"wp","href":"https:\/\/api.w.org\/{rel}","templated":true}]}}