{"id":183145,"date":"2025-06-17T10:50:09","date_gmt":"2025-06-17T10:50:09","guid":{"rendered":"https:\/\/www.europesays.com\/fr\/183145\/"},"modified":"2025-06-17T10:50:09","modified_gmt":"2025-06-17T10:50:09","slug":"grenoble-brule-il-y-a-deux-ans-le-bureau-de-poste-de-ce-quartier-rouvre-ses-portes","status":"publish","type":"post","link":"https:\/\/www.europesays.com\/fr\/183145\/","title":{"rendered":"Grenoble. Br\u00fbl\u00e9 il y a deux ans, le bureau de poste de ce quartier rouvre ses portes"},"content":{"rendered":"<p>            Par<br \/>\n        <strong><br \/>\n            <a href=\"https:\/\/actu.fr\/auteur\/lisa-rodrigues\" title=\"Consulter tous les articles de Lisa Rodrigues\" rel=\"nofollow noopener\" target=\"_blank\">Lisa Rodrigues<\/a><br \/>\n        <\/strong><\/p>\n<p>        Publi\u00e9 le<\/p>\n<p>            17 juin 2025 \u00e0 11h59        <\/p>\n<p>C\u2019est la <a href=\"https:\/\/actu.fr\/auvergne-rhone-alpes\/fontaine_38169\/pres-de-grenoble-le-bureau-de-poste-de-cette-commune-va-rouvrir-apres-avoir-brule_62252237.html\" rel=\"nofollow noopener\" target=\"_blank\">deuxi\u00e8me agence La Poste<\/a> de la M\u00e9tropole grenobloise \u00e0 rouvrir apr\u00e8s avoir \u00e9t\u00e9 d\u00e9truite par un incendie, lors des \u00e9meutes urbaines de juin 2023.<br \/>Apr\u00e8s celle de Fontaine, c\u2019est un des bureaux de poste du centre de <a href=\"https:\/\/actu.fr\/auvergne-rhone-alpes\/grenoble_38185\" rel=\"nofollow noopener\" target=\"_blank\">Grenoble<\/a> qui a retrouv\u00e9 ses clients, mardi 17 juin, <strong>apr\u00e8s deux ans de fermeture<\/strong> pour travaux et remise en \u00e9tat des lieux. Nouveaux services, nouvel am\u00e9nagement, b\u00e2timent plus respectueux de l\u2019environnement : on vous dit tout sur cette agence flambant neuve, qui s\u2019inscrit dans la \u00ab\u00a0nouvelle g\u00e9n\u00e9ration de bureaux de poste\u00a0\u00bb voulue par l\u2019entreprise publique.<\/p>\n<p>Un int\u00e9rieur modernis\u00e9<\/p>\n<p class=\" wall-content\">L\u2019agence Jean-Perrot, avenue Paul-Cocat dans le quartier Teisseire, a rouvert ses portes d\u00e8s 9 heures, mardi 17 juin.<\/p>\n<p>    <a href=\"https:\/\/www.google.com\/maps\/embed?pb=!1m18!1m12!1m3!1d3977.9868945488092!2d5.73493207826061!3d45.16965424376974!2m3!1f0!2f0!3f0!3m2!1i1024!2i768!4f13.1!3m3!1m2!1s0x478af4dcb82ce49d%3A0x40046d2a7162020d!2sLa%20Poste!5e0!3m2!1sfr!2sfr!4v1750150966104!5m2!1sfr!2sfr\" title=\"Ouvrie le lien\" rel=\"nofollow noopener\" target=\"_blank\">Cliquez ici pour visualiser le contenu<\/a><\/p>\n<p class=\" wall-content\">L\u2019int\u00e9rieur a \u00e9t\u00e9 enti\u00e8rement repens\u00e9 pour \u00eatre plus \u00ab\u00a0contemporain\u00a0\u00bb, \u00ab\u00a0chaleureux\u00a0\u00bb et \u00ab\u00a0confortable\u00a0\u00bb, clame <a href=\"https:\/\/actu.fr\/tag\/la-poste\" rel=\"nofollow noopener\" target=\"_blank\">La Poste<\/a> par voie de communiqu\u00e9. La performance \u00e9nerg\u00e9tique du b\u00e2timent a aussi \u00e9t\u00e9 am\u00e9lior\u00e9e, avec un syst\u00e8me de chauffage par pompe \u00e0 chaleur.\u00a0<\/p>\n<p class=\" wall-content\">Des travaux qui entrent dans le plan d\u2019investissement global de La Poste de <strong>800 millions d\u2019euros<\/strong> d\u2019ici 2027 pour moderniser ses services. Sur ce montant, 500 millions d\u2019euros sont sp\u00e9cifiquement r\u00e9serv\u00e9s \u00e0 la r\u00e9novation de l\u2019ensemble des bureaux de poste de France.<\/p>\n<p>Les services propos\u00e9s<\/p>\n<p class=\" wall-content\">C\u00f4t\u00e9 services, \u00ab\u00a0les clients sont accueillis dans un espace d\u2019une <strong>surface totale de 120 m2<\/strong>\u00a0\u00bb pour leurs demandes relatives aux envois postaux ou aux services bancaires (trois bureaux disponibles sur place).<\/p>\n<p class=\" wall-content\">Si des conseillers La Poste orientent les clients et peuvent r\u00e9pondre \u00e0 certains de leurs besoins, des <strong>bornes automatiques derni\u00e8re g\u00e9n\u00e9ration<\/strong> permettent de r\u00e9pondre aux demandes les plus courantes : achat d\u2019enveloppes pr\u00e9affranchies, prise de rendez-vous avec des conseillers bancaires\u2026<\/p>\n<p class=\" wall-content\">Un distributeur automatique de billets et un photocopieur sont \u00e9galement \u00e0 disposition des clients.<\/p>\n<p>Horaires d\u2019ouverture de l\u2019agence Jean-Perrot \u00e0 Grenoble : du mardi au vendredi de 9 \u00e0 12 heures et de 14 \u00e0 17 heures, et le samedi de 9 \u00e0 12 heures.<\/p>\n<p class=\" wall-content\">Suivez toute l\u2019actualit\u00e9 de vos villes et m\u00e9dias favoris en vous inscrivant \u00e0 <a href=\"https:\/\/moncompte.actu.fr\" title=\"D\u00e9couvez Mon Actu\" rel=\"nofollow noopener\" data-trk=\"{&quot;cta&quot;:{&quot;action&quot;:&quot;https:\\\/\\\/moncompte.actu.fr&quot;,&quot;category&quot;:&quot;mon compte&quot;,&quot;from&quot;:&quot;article footer&quot;,&quot;name&quot;:&quot;Mon actu&quot;,&quot;type&quot;:&quot;cta&quot;}}\" target=\"_blank\">Mon Actu<\/a>.<\/p>\n<ul class=\"ac-article-tag wall-content\">\n<li><a href=\"https:\/\/actu.fr\/tag\/la-poste\" data-trk=\"{&quot;cta&quot;:{&quot;action&quot;:&quot;La Poste&quot;,&quot;category&quot;:&quot;tag&quot;,&quot;from&quot;:&quot;article footer&quot;,&quot;name&quot;:&quot;La Poste&quot;,&quot;type&quot;:&quot;cta&quot;}}\" rel=\"nofollow noopener\" target=\"_blank\">#La Poste<\/a><\/li>\n<li><a href=\"https:\/\/actu.fr\/tag\/violences-urbaines\" data-trk=\"{&quot;cta&quot;:{&quot;action&quot;:&quot;Violences urbaines&quot;,&quot;category&quot;:&quot;tag&quot;,&quot;from&quot;:&quot;article footer&quot;,&quot;name&quot;:&quot;Violences urbaines&quot;,&quot;type&quot;:&quot;cta&quot;}}\" rel=\"nofollow noopener\" target=\"_blank\">#Violences urbaines<\/a><\/li>\n<\/ul>\n","protected":false},"excerpt":{"rendered":"Par Lisa Rodrigues Publi\u00e9 le 17 juin 2025 \u00e0 11h59 C\u2019est la deuxi\u00e8me agence La Poste de la&hellip;\n","protected":false},"author":2,"featured_media":183146,"comment_status":"","ping_status":"","sticky":false,"template":"","format":"standard","meta":{"footnotes":""},"categories":[9566],"tags":[1111,11,2430,1777,674,1011,27,2731,3316,12,25,104,7501],"class_list":{"0":"post-183145","1":"post","2":"type-post","3":"status-publish","4":"format-standard","5":"has-post-thumbnail","7":"category-grenoble","8":"tag-actu","9":"tag-actualites","10":"tag-auvergne-rhone-alpes","11":"tag-eu","12":"tag-europe","13":"tag-fr","14":"tag-france","15":"tag-grenoble","16":"tag-la-poste","17":"tag-news","18":"tag-republique-francaise","19":"tag-societe","20":"tag-violences-urbaines"},"share_on_mastodon":{"url":"https:\/\/pubeurope.com\/@fr\/114698323669587303","error":""},"_links":{"self":[{"href":"https:\/\/www.europesays.com\/fr\/wp-json\/wp\/v2\/posts\/183145","targetHints":{"allow":["GET"]}}],"collection":[{"href":"https:\/\/www.europesays.com\/fr\/wp-json\/wp\/v2\/posts"}],"about":[{"href":"https:\/\/www.europesays.com\/fr\/wp-json\/wp\/v2\/types\/post"}],"author":[{"embeddable":true,"href":"https:\/\/www.europesays.com\/fr\/wp-json\/wp\/v2\/users\/2"}],"replies":[{"embeddable":true,"href":"https:\/\/www.europesays.com\/fr\/wp-json\/wp\/v2\/comments?post=183145"}],"version-history":[{"count":0,"href":"https:\/\/www.europesays.com\/fr\/wp-json\/wp\/v2\/posts\/183145\/revisions"}],"wp:featuredmedia":[{"embeddable":true,"href":"https:\/\/www.europesays.com\/fr\/wp-json\/wp\/v2\/media\/183146"}],"wp:attachment":[{"href":"https:\/\/www.europesays.com\/fr\/wp-json\/wp\/v2\/media?parent=183145"}],"wp:term":[{"taxonomy":"category","embeddable":true,"href":"https:\/\/www.europesays.com\/fr\/wp-json\/wp\/v2\/categories?post=183145"},{"taxonomy":"post_tag","embeddable":true,"href":"https:\/\/www.europesays.com\/fr\/wp-json\/wp\/v2\/tags?post=183145"}],"curies":[{"name":"wp","href":"https:\/\/api.w.org\/{rel}","templated":true}]}}