{"id":183149,"date":"2025-06-17T10:52:08","date_gmt":"2025-06-17T10:52:08","guid":{"rendered":"https:\/\/www.europesays.com\/fr\/183149\/"},"modified":"2025-06-17T10:52:08","modified_gmt":"2025-06-17T10:52:08","slug":"rennes-et-le-departement-dille-et-vilaine-places-en-vigilance-secheresse","status":"publish","type":"post","link":"https:\/\/www.europesays.com\/fr\/183149\/","title":{"rendered":"Rennes et le d\u00e9partement d&rsquo;Ille-et-Vilaine plac\u00e9s en vigilance s\u00e9cheresse"},"content":{"rendered":"<p>            Par<br \/>\n        <strong><br \/>\n            <a href=\"https:\/\/actu.fr\/auteur\/laurene-fertin\" title=\"Consulter tous les articles de Laur\u00e8ne Fertin\" rel=\"nofollow noopener\" target=\"_blank\">Laur\u00e8ne Fertin<\/a><br \/>\n        <\/strong><\/p>\n<p>        Publi\u00e9 le<\/p>\n<p>            17 juin 2025 \u00e0 12h08        <\/p>\n<p><strong>Les temp\u00e9ratures<\/strong> vont grimper, \u00e0 Rennes et plus globalement, dans le d\u00e9partement d\u2019Ille-et-Vilaine, o\u00f9<strong> la barre des 30\u00a0\u00b0C sera d\u00e9pass\u00e9e<\/strong>.<\/p>\n<p class=\" wall-content\">Nous vous en parlions d\u00e8s le d\u00e9but du mois de juin, dans <a href=\"https:\/\/actu.fr\/bretagne\/rennes_35238\/un-deficit-de-pluies-remarquable-en-bretagne-l-eau-manque-et-la-secheresse-pointe-le-bout-de-son-nez_62722095.html\" rel=\"nofollow noopener\" target=\"_blank\">cet article<\/a>, <strong>le d\u00e9ficit de pluie \u00ab\u2009remarquable\u2009\u00bb en Bretagne<\/strong>, ces trois derniers mois, inqui\u00e9tait d\u00e9j\u00e0 le m\u00e9t\u00e9orologue S\u00e9bastien Decaux, qui parlait alors <strong>d\u2019une s\u00e9cheresse de surface<\/strong>.<\/p>\n<p class=\" wall-content\">Ce mardi 17\u00a0juin 2025, la pr\u00e9fecture indique que le d\u00e9partement est plac\u00e9 <strong>en vigilance s\u00e9cheresse<\/strong> par arr\u00eat\u00e9 pr\u00e9fectoral.<\/p>\n<p>Une \u00ab\u2009baisse sensible\u2009\u00bb des cours d\u2019eau<\/p>\n<p class=\" wall-content\">La pr\u00e9fecture indique en effet que <strong>cette d\u00e9cision<\/strong> a \u00e9t\u00e9 prise suite \u00e0 <strong>\u00ab\u2009une d\u00e9t\u00e9rioration notable des conditions hydrologiques<\/strong> sur le territoire\u2009\u00bb.<\/p>\n<blockquote class=\"ac-article-quote wall-content\">\n<p>Bien que l&rsquo;Ille-et-Vilaine ait connu des pluies deux fois sup\u00e9rieures \u00e0 la normale en janvier 2025, occasionnant m\u00eame un \u00e9pisode d&rsquo;inondations majeur, le d\u00e9partement affiche un d\u00e9ficit pluviom\u00e9trique important depuis le d\u00e9but de l&rsquo;ann\u00e9e. Ce d\u00e9ficit varie de 30\u00a0% dans le centre et le sud du territoire \u00e0 pr\u00e8s de 70 % sur le littoral.<\/p>\n<p>    <strong>Pr\u00e9fecture<\/strong>\n            <\/p><\/blockquote>\n<p>Vid\u00e9os : en ce moment sur Actu<\/p>\n<p class=\" wall-content\">Les conditions m\u00e9t\u00e9orologiques entra\u00eenent ainsi <strong>une \u00ab\u2009baisse sensible\u2009\u00bb des cours d\u2019eau,<\/strong> mena\u00e7ant la vie aquatique. <strong>Un d\u00e9stockage pr\u00e9coce des barrages<\/strong>, assurant l\u2019approvisionnement en eau potable ainsi <strong>\u00ab\u2009qu\u2019un ass\u00e8chement exceptionnel des sols\u2009\u00bb<\/strong> sont remarqu\u00e9s.<\/p>\n<p>Une situation \u00ab\u2009pr\u00e9occupante\u2009\u00bb<\/p>\n<p class=\" wall-content\">Toutefois, la pr\u00e9fecture temp\u00e8re\u2009: cette situation n\u2019est <strong>\u00ab\u2009pas critique \u00e0 ce stade\u2009\u00bb<\/strong> mais elle reste tout de m\u00eame <strong>\u00ab\u2009pr\u00e9occupante\u2009\u00bb.<\/strong><\/p>\n<p class=\" wall-content\">Pour cette raison, les membres du Comit\u00e9 de gestion de la ressource en eau du d\u00e9partement, <strong>r\u00e9unis en s\u00e9ance pl\u00e9ni\u00e8re le 4\u00a0juin 2025<\/strong>, ont unanimement recommand\u00e9 le classement du d\u00e9partement en situation de vigilance.<\/p>\n<blockquote class=\"ac-article-quote wall-content\">\n<p>Il s&rsquo;agit du premier niveau de classification du risque s\u00e9cheresse, avant l&rsquo;alerte, l&rsquo;alerte renforc\u00e9e et la crise.<\/p>\n<p>    <strong>Pr\u00e9fecture<\/strong>\n            <\/p><\/blockquote>\n<p>Pr\u00e9server l\u2019eau<\/p>\n<p class=\" wall-content\">Ainsi, afin de pr\u00e9server l\u2019eau, la pr\u00e9fecture appelle<strong> \u00ab\u2009tous les usagers\u2009\u00bb <\/strong>\u2013 particuliers, industriels, collectivit\u00e9s et exploitants agricoles \u2013 <strong>\u00e0 r\u00e9duire leur consommation en eau<\/strong>, <strong>quelle que soit l\u2019origine<\/strong>\u2009: r\u00e9seau public d\u2019eau potable, pr\u00e9l\u00e8vements dans le milieu naturel, etc.<\/p>\n<p class=\" wall-content\">Pour vous tenir inform\u00e9 sur <strong>les mesures applicables<\/strong> dans chaque commune, l\u2019\u00c9tat met \u00e0 disposition l\u2019outil VIGIEAU, <a href=\"https:\/\/url.de.m.mimecastprotect.com\/s\/NXcpC99qYzIVjgz1fofvhqz5UH?domain=vigieau.gouv.fr\/\" rel=\"nofollow noopener\" target=\"_blank\">ici<\/a>.<\/p>\n<p class=\" wall-content\">Suivez toute l\u2019actualit\u00e9 de vos villes et m\u00e9dias favoris en vous inscrivant \u00e0 <a href=\"https:\/\/moncompte.actu.fr\" title=\"D\u00e9couvez Mon Actu\" rel=\"nofollow noopener\" data-trk=\"{&quot;cta&quot;:{&quot;action&quot;:&quot;https:\\\/\\\/moncompte.actu.fr&quot;,&quot;category&quot;:&quot;mon compte&quot;,&quot;from&quot;:&quot;article footer&quot;,&quot;name&quot;:&quot;Mon actu&quot;,&quot;type&quot;:&quot;cta&quot;}}\" target=\"_blank\">Mon Actu<\/a>.<\/p>\n<ul class=\"ac-article-tag wall-content\">\n<li><a href=\"https:\/\/actu.fr\/tag\/secheresse\" data-trk=\"{&quot;cta&quot;:{&quot;action&quot;:&quot;S\\u00e9cheresse&quot;,&quot;category&quot;:&quot;tag&quot;,&quot;from&quot;:&quot;article footer&quot;,&quot;name&quot;:&quot;S\\u00e9cheresse&quot;,&quot;type&quot;:&quot;cta&quot;}}\" rel=\"nofollow noopener\" target=\"_blank\">#S\u00e9cheresse<\/a><\/li>\n<li><a href=\"https:\/\/actu.fr\/tag\/vague-de-chaleur\" data-trk=\"{&quot;cta&quot;:{&quot;action&quot;:&quot;Vague de chaleur&quot;,&quot;category&quot;:&quot;tag&quot;,&quot;from&quot;:&quot;article footer&quot;,&quot;name&quot;:&quot;Vague de chaleur&quot;,&quot;type&quot;:&quot;cta&quot;}}\" rel=\"nofollow noopener\" target=\"_blank\">#Vague de chaleur<\/a><\/li>\n<\/ul>\n","protected":false},"excerpt":{"rendered":"Par Laur\u00e8ne Fertin Publi\u00e9 le 17 juin 2025 \u00e0 12h08 Les temp\u00e9ratures vont grimper, \u00e0 Rennes et plus&hellip;\n","protected":false},"author":2,"featured_media":183150,"comment_status":"","ping_status":"","sticky":false,"template":"","format":"standard","meta":{"footnotes":""},"categories":[2821],"tags":[1111,11,829,1777,674,1011,27,2487,12,584,25,12817,15637],"class_list":{"0":"post-183149","1":"post","2":"type-post","3":"status-publish","4":"format-standard","5":"has-post-thumbnail","7":"category-rennes","8":"tag-actu","9":"tag-actualites","10":"tag-bretagne","11":"tag-eu","12":"tag-europe","13":"tag-fr","14":"tag-france","15":"tag-meteo","16":"tag-news","17":"tag-rennes","18":"tag-republique-francaise","19":"tag-secheresse","20":"tag-vague-de-chaleur"},"share_on_mastodon":{"url":"https:\/\/pubeurope.com\/@fr\/114698331474752107","error":""},"_links":{"self":[{"href":"https:\/\/www.europesays.com\/fr\/wp-json\/wp\/v2\/posts\/183149","targetHints":{"allow":["GET"]}}],"collection":[{"href":"https:\/\/www.europesays.com\/fr\/wp-json\/wp\/v2\/posts"}],"about":[{"href":"https:\/\/www.europesays.com\/fr\/wp-json\/wp\/v2\/types\/post"}],"author":[{"embeddable":true,"href":"https:\/\/www.europesays.com\/fr\/wp-json\/wp\/v2\/users\/2"}],"replies":[{"embeddable":true,"href":"https:\/\/www.europesays.com\/fr\/wp-json\/wp\/v2\/comments?post=183149"}],"version-history":[{"count":0,"href":"https:\/\/www.europesays.com\/fr\/wp-json\/wp\/v2\/posts\/183149\/revisions"}],"wp:featuredmedia":[{"embeddable":true,"href":"https:\/\/www.europesays.com\/fr\/wp-json\/wp\/v2\/media\/183150"}],"wp:attachment":[{"href":"https:\/\/www.europesays.com\/fr\/wp-json\/wp\/v2\/media?parent=183149"}],"wp:term":[{"taxonomy":"category","embeddable":true,"href":"https:\/\/www.europesays.com\/fr\/wp-json\/wp\/v2\/categories?post=183149"},{"taxonomy":"post_tag","embeddable":true,"href":"https:\/\/www.europesays.com\/fr\/wp-json\/wp\/v2\/tags?post=183149"}],"curies":[{"name":"wp","href":"https:\/\/api.w.org\/{rel}","templated":true}]}}