{"id":183157,"date":"2025-06-17T10:56:13","date_gmt":"2025-06-17T10:56:13","guid":{"rendered":"https:\/\/www.europesays.com\/fr\/183157\/"},"modified":"2025-06-17T10:56:13","modified_gmt":"2025-06-17T10:56:13","slug":"le-prefet-demande-le-retrait-du-drapeau-israelien-du-fronton-de-la-mairie","status":"publish","type":"post","link":"https:\/\/www.europesays.com\/fr\/183157\/","title":{"rendered":"Le pr\u00e9fet demande le retrait du drapeau isra\u00e9lien du fronton de la mairie"},"content":{"rendered":"<p>Une requ\u00eate formul\u00e9e au titre \u00ab\u00a0du principe de neutralit\u00e9 des services publics\u00a0\u00bb. Dans un courrier adress\u00e9 au maire de <a href=\"https:\/\/www.20minutes.fr\/nice\/\" class=\"color-ultramarine c-link\" target=\"_blank\" rel=\"noopener\">Nice <\/a><a href=\"https:\/\/www.20minutes.fr\/dossier\/christian_estrosi\" class=\"color-ultramarine c-link\" target=\"_blank\" rel=\"noopener\">Christian Estrosi<\/a>, le pr\u00e9fet des <a href=\"https:\/\/www.20minutes.fr\/societe\/alpes-maritimes\/\" class=\"color-ultramarine c-link\" target=\"_blank\" rel=\"noopener\">Alpes-Maritimes<\/a> Laurent Hottiaux a demand\u00e9 le retrait du drapeau <a href=\"https:\/\/www.20minutes.fr\/monde\/israel\/\" class=\"color-ultramarine c-link\" target=\"_blank\" rel=\"noopener\">isra\u00e9lien <\/a>du fronton de la mairie et rappel\u00e9 son opposition \u00e0 la pr\u00e9sence de tout <a href=\"https:\/\/www.20minutes.fr\/dossier\/drapeau\" class=\"color-ultramarine c-link\" target=\"_blank\" rel=\"noopener\">drapeau <\/a>\u00e9tranger, quel qu\u2019il soit, rapporte <a href=\"https:\/\/www.nicematin.com\/politique\/le-prefet-des-alpes-maritimes-demande-le-retrait-du-drapeau-israelien-de-la-mairie-de-nice-990424\" rel=\"nofollow noopener\" target=\"_blank\" class=\"color-ultramarine c-link\">Nice Matin<\/a>.<\/p>\n<p>Le quotidien azur\u00e9en pr\u00e9cise que le pr\u00e9fet en poste depuis pr\u00e8s d\u2019un an pr\u00e9pare une circulaire avec ces m\u00eames pr\u00e9cisions pour tous les maires de son d\u00e9partement.<\/p>\n<p>Isra\u00e9lien \u00e0 Nice, Palestinien \u00e0 Gennevilliers<\/p>\n<p>Une demande re\u00e7ue froidement par Christian Estrosi qui a indiqu\u00e9 avoir \u00ab\u00a0pris des engagements face aux Ni\u00e7ois\u00a0\u00bb et s\u2019\u00eatre engag\u00e9 \u00e0 arborer le drapeau isra\u00e9lien jusqu\u2019au retour du dernier otage du <a href=\"https:\/\/www.20minutes.fr\/monde\/hamas\/\" class=\"color-ultramarine c-link\" target=\"_blank\" rel=\"noopener\">Hamas<\/a>.<\/p>\n<\/p>\n<p>La question des drapeaux \u00e9trangers en marque de soutien sur les frontons des mairies revient relativement r\u00e9guli\u00e8rement depuis le conflit entre Isra\u00ebl et le Hamas, et les op\u00e9rations militaires \u00e0 <a href=\"https:\/\/www.20minutes.fr\/monde\/gaza\/\" class=\"color-ultramarine c-link\" target=\"_blank\" rel=\"noopener\">Gaza<\/a>.<\/p>\n<p>Ce vendredi par exemple, la pr\u00e9fecture des Hauts-de-Seine a demand\u00e9 le retrait du drapeau palestinien hiss\u00e9 sur le parvis de l\u2019h\u00f4tel de ville de Gennevilliers.<\/p>\n","protected":false},"excerpt":{"rendered":"Une requ\u00eate formul\u00e9e au titre \u00ab\u00a0du principe de neutralit\u00e9 des services publics\u00a0\u00bb. Dans un courrier adress\u00e9 au maire&hellip;\n","protected":false},"author":2,"featured_media":183158,"comment_status":"","ping_status":"","sticky":false,"template":"","format":"standard","meta":{"footnotes":""},"categories":[2819],"tags":[1111,47,11,2898,2397,12159,1777,674,1011,27,3519,664,5415,12,2401,883,14583,882,25,104],"class_list":{"0":"post-183157","1":"post","2":"type-post","3":"status-publish","4":"format-standard","5":"has-post-thumbnail","7":"category-nice","8":"tag-actu","9":"tag-actualite","10":"tag-actualites","11":"tag-alpes-maritimes","12":"tag-christian-estrosi","13":"tag-drapeau","14":"tag-eu","15":"tag-europe","16":"tag-fr","17":"tag-france","18":"tag-hamas","19":"tag-israel","20":"tag-mairie","21":"tag-news","22":"tag-nice","23":"tag-paca","24":"tag-prefet","25":"tag-provence-alpes-cote-dazur","26":"tag-republique-francaise","27":"tag-societe"},"share_on_mastodon":{"url":"https:\/\/pubeurope.com\/@fr\/114698347077633513","error":""},"_links":{"self":[{"href":"https:\/\/www.europesays.com\/fr\/wp-json\/wp\/v2\/posts\/183157","targetHints":{"allow":["GET"]}}],"collection":[{"href":"https:\/\/www.europesays.com\/fr\/wp-json\/wp\/v2\/posts"}],"about":[{"href":"https:\/\/www.europesays.com\/fr\/wp-json\/wp\/v2\/types\/post"}],"author":[{"embeddable":true,"href":"https:\/\/www.europesays.com\/fr\/wp-json\/wp\/v2\/users\/2"}],"replies":[{"embeddable":true,"href":"https:\/\/www.europesays.com\/fr\/wp-json\/wp\/v2\/comments?post=183157"}],"version-history":[{"count":0,"href":"https:\/\/www.europesays.com\/fr\/wp-json\/wp\/v2\/posts\/183157\/revisions"}],"wp:featuredmedia":[{"embeddable":true,"href":"https:\/\/www.europesays.com\/fr\/wp-json\/wp\/v2\/media\/183158"}],"wp:attachment":[{"href":"https:\/\/www.europesays.com\/fr\/wp-json\/wp\/v2\/media?parent=183157"}],"wp:term":[{"taxonomy":"category","embeddable":true,"href":"https:\/\/www.europesays.com\/fr\/wp-json\/wp\/v2\/categories?post=183157"},{"taxonomy":"post_tag","embeddable":true,"href":"https:\/\/www.europesays.com\/fr\/wp-json\/wp\/v2\/tags?post=183157"}],"curies":[{"name":"wp","href":"https:\/\/api.w.org\/{rel}","templated":true}]}}