{"id":183161,"date":"2025-06-17T10:58:12","date_gmt":"2025-06-17T10:58:12","guid":{"rendered":"https:\/\/www.europesays.com\/fr\/183161\/"},"modified":"2025-06-17T10:58:12","modified_gmt":"2025-06-17T10:58:12","slug":"la-france-insoumise-veut-ouvrir-une-salle-de-shoot-pour-encadrer-la-consommation-de-drogue","status":"publish","type":"post","link":"https:\/\/www.europesays.com\/fr\/183161\/","title":{"rendered":"La France insoumise veut ouvrir une salle de shoot pour encadrer la consommation de drogue"},"content":{"rendered":"<p>Dans le cadre de la lutte contre le narcotrafic, les Insoumis nantais ambitionnent d\u2019ouvrir une salle de consommation \u00e0 moindre risque dans la cit\u00e9 des ducs, en cas de victoire aux municipales de 2026.<\/p>\n<p class=\"fig-paragraph\">Une \u00abhalte soins addictions\u00bb (HSA) pour les personnes en situation de d\u00e9pendance. L\u2019id\u00e9e figure au milieu des propositions pour une politique de s\u00fbret\u00e9, d\u00e9voil\u00e9es lundi 16 juin lors de la pr\u00e9sentation du programme de\u00a0<a href=\"http:\/\/www.lefigaro.fr\/nantes\/police-armee-a-saint-nazaire-ecologistes-et-insoumis-denoncent-une-decision-verticale-et-electoraliste-20250407\" target=\"_blank\" data-fig-type=\"NewsFlash\" rel=\"noopener\" data-gtm-custom-categorie=\"navigation\" data-gtm-custom-action=\"crossclick\" data-gtm-custom-label=\"Contextuel\" data-gtm-event=\"customEventSPE\" data-fig-domain=\"LEFIGARO\">La France insoumise (LFI)<\/a>\u00a0pour les municipales\u00a0<a href=\"https:\/\/www.lefigaro.fr\/nantes\" target=\"_blank\" data-fig-type=\"Section\" rel=\"noopener\" data-gtm-custom-categorie=\"navigation\" data-gtm-custom-action=\"crossclick\" data-gtm-custom-label=\"Contextuel\" data-gtm-event=\"customEventSPE\" data-fig-domain=\"LEFIGARO\">\u00e0 Nantes<\/a>. Entre des mesures en faveur de campagnes de pr\u00e9vention et d\u2019un renforcement des politiques de sant\u00e9 mentale, les chefs de file insoumis ont annonc\u00e9 vouloir cr\u00e9er cette HSA &#8211; autrement dit\u00a0<a href=\"http:\/\/www.lefigaro.fr\/vox\/politique\/plainte-de-medecins-du-monde-les-salles-de-shoot-empechent-le-toxicomane-de-surmonter-son-addiction-20250415\" target=\"_blank\" data-fig-type=\"Article\" rel=\"noopener\" data-gtm-custom-categorie=\"navigation\" data-gtm-custom-action=\"crossclick\" data-gtm-custom-label=\"Contextuel\" data-gtm-event=\"customEventSPE\" data-fig-domain=\"LEFIGARO\">une \u00absalle de shoot\u00bb<\/a>\u00a0pour consommer de la drogue de mani\u00e8re encadr\u00e9e &#8211; afin de \u00ablimiter les pratiques \u00e0 haut risque\u00bb et \u00abrenforcer le suivi sanitaire et social\u00bb des toxicomanes.<\/p>\n<p class=\"fig-paragraph\">Cette halte, qui serait \u00e9galement associ\u00e9e \u00e0 une \u00abantenne mobile de consommation \u00e0 moindre risque\u00bb permettrait, selon le mouvement, de mener une lutte contre les trafics de stup\u00e9fiants en \u00abrupture claire avec la politique du tout r\u00e9pressif\u00bb. Et ainsi de pouvoir \u00abaccompagner les usagers, plut\u00f4t que les stigmatiser ; pr\u00e9venir, r\u00e9duire les risques, et cr\u00e9er des alternatives concr\u00e8tes\u00bb, tout en ciblant les t\u00eates de r\u00e9seau plut\u00f4t que \u00ables petits ex\u00e9cutants\u00bb, \u00e9nonce le programme mis en ligne sur\u00a0<a href=\"https:\/\/pourfairemieux.fr\/fr\/th%C3%A9matiques\/surete\" target=\"_blank\" rel=\"noopener\" data-gtm-custom-categorie=\"navigation\" data-gtm-custom-action=\"crossclick\" data-gtm-custom-label=\"Contextuel\" data-gtm-event=\"customEventSPE\">la plateforme \u00abFaire Mieux pour Nantes\u00bb<\/a>.<\/p>\n<p>\u00abUn accueil inconditionnel\u00bb<\/p>\n<p class=\"fig-paragraph\">La proposition insoumise de cr\u00e9er une HSA dans la cit\u00e9 des ducs intervient dans un contexte particulier, en vertu de l\u2019exclusion temporaire de l\u2019Assembl\u00e9e nationale du d\u00e9put\u00e9 LFI\u00a0<a href=\"http:\/\/www.lefigaro.fr\/nantes\/qui-est-andy-kerbrat-le-depute-lfi-pris-en-flagrant-delit-d-achat-de-drogue-dans-le-metro-parisien-20241022\" target=\"_blank\" data-fig-type=\"NewsFlash\" rel=\"noopener\" data-gtm-custom-categorie=\"navigation\" data-gtm-custom-action=\"crossclick\" data-gtm-custom-label=\"Contextuel\" data-gtm-event=\"customEventSPE\" data-fig-domain=\"LEFIGARO\">Andy Kerbrat<\/a>, en mai dernier. L\u2019\u00e9lu nantais, ex-figure de proue des insoumis locaux, a \u00e9t\u00e9 interpell\u00e9 l\u2019an pass\u00e9,\u00a0<a href=\"http:\/\/www.lefigaro.fr\/vox\/medias\/la-semaine-du-figarovox-affaire-andy-kerbrat-et-la-gauche-se-demande-ensuite-pourquoi-la-droite-a-gagne-la-bataille-des-idees-20241025\" target=\"_blank\" data-fig-type=\"Article\" rel=\"noopener\" data-gtm-custom-categorie=\"navigation\" data-gtm-custom-action=\"crossclick\" data-gtm-custom-label=\"Contextuel\" data-gtm-event=\"customEventSPE\" data-fig-domain=\"LEFIGARO\">en flagrant d\u00e9lit d\u2019achat de drogue de synth\u00e8se \u00e0 un mineur<\/a>, dans le m\u00e9tro parisien. Selon\u00a0<a href=\"https:\/\/www.mediapart.fr\/journal\/politique\/151124\/le-depute-kerbrat-la-drogue-et-l-argent-public-recit-d-une-descente-aux-enfers\" target=\"_blank\" rel=\"noopener\" data-gtm-custom-categorie=\"navigation\" data-gtm-custom-action=\"crossclick\" data-gtm-custom-label=\"Contextuel\" data-gtm-event=\"customEventSPE\">une enqu\u00eate de Mediapart<\/a>\u00a0confirm\u00e9e ult\u00e9rieurement par le bureau de l\u2019Assembl\u00e9e nationale, le d\u00e9put\u00e9 avait d\u00e9voy\u00e9 une partie de ses frais de mandat, soit jusqu\u2019\u00e0 25.000 euros,\u00a0<a href=\"http:\/\/www.lefigaro.fr\/politique\/le-depute-lfi-andy-kerbrat-a-finance-25-000-euros-de-drogue-avec-ses-frais-de-mandat-20241115\" target=\"_blank\" data-fig-type=\"NewsFlash\" rel=\"noopener\" data-gtm-custom-categorie=\"navigation\" data-gtm-custom-action=\"crossclick\" data-gtm-custom-label=\"Contextuel\" data-gtm-event=\"customEventSPE\" data-fig-domain=\"LEFIGARO\">pour financer ses consommations de substances illicites<\/a>.<\/p>\n<p class=\"fig-paragraph\">Les coll\u00e8gues parisiens et nantais du d\u00e9put\u00e9 insoumis ont soutenu sa d\u00e9cision de ne pas d\u00e9missionner, malgr\u00e9 les doubles discours tenus par l\u2019\u00e9lu, qui s\u2019\u00e9tait prononc\u00e9 en faveur de \u00abla lutte contre la drogue, avant tout\u00bb et pour \u00able d\u00e9mant\u00e8lement des r\u00e9seaux et des trafics humains\u00bb. L\u2019int\u00e9ress\u00e9 s\u2019est, depuis, projet\u00e9 dans un parcours de soins. Interview\u00e9 en f\u00e9vrier\u00a0<a href=\"https:\/\/tvmag.lefigaro.fr\/programme-tv\/actu-tele\/je-m-en-sortirai-sinon-je-vais-en-crever-le-depute-andy-kerbrat-temoigne-de-son-addiction-a-la-drogue-dans-envoye-special-20250213\" target=\"_blank\" data-fig-type=\"Article\" rel=\"noopener\" data-gtm-custom-categorie=\"navigation\" data-gtm-custom-action=\"crossclick\" data-gtm-custom-label=\"Contextuel\" data-gtm-event=\"customEventSPE\" data-fig-domain=\"TVMAG\">dans \u00abEnvoy\u00e9 sp\u00e9cial\u00bb<\/a>, Andy Kerbrat a confi\u00e9 \u00eatre \u00abtomb\u00e9 dans un engrenage jusqu\u2019\u00e0 me br\u00fbler les ailes\u00bb. \u00abMon combat, c\u2019est de m\u2019en sortir\u00bb, a-t-il ajout\u00e9.<\/p>\n<p class=\"fig-paragraph\">Deux \u00absalles de shoot\u00bb exp\u00e9rimentales existent d\u00e9j\u00e0 en France, \u00e0 Paris et \u00e0 Strasbourg. Une troisi\u00e8me devait voir le jour \u00e0 Marseille, avant l\u2019annulation du projet, provoqu\u00e9e notamment par\u00a0<a href=\"http:\/\/www.lefigaro.fr\/marseille\/a-marseille-la-salle-de-shoot-ne-s-installera-finalement-pas-au-110-boulevard-de-la-liberation-20240118\" target=\"_blank\" data-fig-type=\"NewsFlash\" rel=\"noopener\" data-gtm-custom-categorie=\"navigation\" data-gtm-custom-action=\"crossclick\" data-gtm-custom-label=\"Contextuel\" data-gtm-event=\"customEventSPE\" data-fig-domain=\"LEFIGARO\">une forte mobilisation citoyenne<\/a>. Pour la mairie du Xe arrondissement de Paris, o\u00f9 a \u00e9t\u00e9 ouverte en 2016 la HSA de l\u2019Espace Jean-Pierre Lhomme, ce dispositif de sant\u00e9 publique caract\u00e9ris\u00e9 par \u00abun accueil inconditionnel, confidentiel et gratuit\u00bb, aurait eu un effet positif sur le parcours de soins de ses usagers. Son installation avait n\u00e9anmoins \u00e9t\u00e9 fra\u00eechement accueillie\u00a0<a href=\"https:\/\/www.lefigaro.fr\/conjoncture\/2018\/09\/18\/20002-20180918ARTFIG00184-salle-de-shoot-comment-l-insecurite-ruine-les-commercants-du-nord-de-paris.php\" target=\"_blank\" data-fig-type=\"Article\" rel=\"noopener\" data-gtm-custom-categorie=\"navigation\" data-gtm-custom-action=\"crossclick\" data-gtm-custom-label=\"Contextuel\" data-gtm-event=\"customEventSPE\" data-fig-domain=\"LEFIGARO\">par les riverains et les commer\u00e7ants du quartie<\/a>r.<\/p>\n","protected":false},"excerpt":{"rendered":"Dans le cadre de la lutte contre le narcotrafic, les Insoumis nantais ambitionnent d\u2019ouvrir une salle de consommation&hellip;\n","protected":false},"author":2,"featured_media":183162,"comment_status":"","ping_status":"","sticky":false,"template":"","format":"standard","meta":{"footnotes":""},"categories":[2818],"tags":[1111,11,1777,674,462,1011,27,2640,2642,766,2638,2643,2637,2639,2646,2645,2641,2635,2644,2647,12,2636,25,9097],"class_list":{"0":"post-183161","1":"post","2":"type-post","3":"status-publish","4":"format-standard","5":"has-post-thumbnail","7":"category-nantes","8":"tag-actu","9":"tag-actualites","10":"tag-eu","11":"tag-europe","12":"tag-fc-nantes","13":"tag-fr","14":"tag-france","15":"tag-hauts-paves-saint-felix","16":"tag-ile-de-nantes","17":"tag-nantes","18":"tag-nantes-bellevue-chantenay-sainte-anne","19":"tag-nantes-breil-barberie","20":"tag-nantes-centre-ville","21":"tag-nantes-dervallieres-zola","22":"tag-nantes-doulon-bottiere","23":"tag-nantes-erdre","24":"tag-nantes-malakoff-saint-donatien","25":"tag-nantes-metropole","26":"tag-nantes-nord","27":"tag-nantes-sud","28":"tag-news","29":"tag-pays-de-la-loire","30":"tag-republique-francaise","31":"tag-salles-de-shoot"},"share_on_mastodon":{"url":"https:\/\/pubeurope.com\/@fr\/114698354960556342","error":""},"_links":{"self":[{"href":"https:\/\/www.europesays.com\/fr\/wp-json\/wp\/v2\/posts\/183161","targetHints":{"allow":["GET"]}}],"collection":[{"href":"https:\/\/www.europesays.com\/fr\/wp-json\/wp\/v2\/posts"}],"about":[{"href":"https:\/\/www.europesays.com\/fr\/wp-json\/wp\/v2\/types\/post"}],"author":[{"embeddable":true,"href":"https:\/\/www.europesays.com\/fr\/wp-json\/wp\/v2\/users\/2"}],"replies":[{"embeddable":true,"href":"https:\/\/www.europesays.com\/fr\/wp-json\/wp\/v2\/comments?post=183161"}],"version-history":[{"count":0,"href":"https:\/\/www.europesays.com\/fr\/wp-json\/wp\/v2\/posts\/183161\/revisions"}],"wp:featuredmedia":[{"embeddable":true,"href":"https:\/\/www.europesays.com\/fr\/wp-json\/wp\/v2\/media\/183162"}],"wp:attachment":[{"href":"https:\/\/www.europesays.com\/fr\/wp-json\/wp\/v2\/media?parent=183161"}],"wp:term":[{"taxonomy":"category","embeddable":true,"href":"https:\/\/www.europesays.com\/fr\/wp-json\/wp\/v2\/categories?post=183161"},{"taxonomy":"post_tag","embeddable":true,"href":"https:\/\/www.europesays.com\/fr\/wp-json\/wp\/v2\/tags?post=183161"}],"curies":[{"name":"wp","href":"https:\/\/api.w.org\/{rel}","templated":true}]}}