{"id":183171,"date":"2025-06-17T11:03:16","date_gmt":"2025-06-17T11:03:16","guid":{"rendered":"https:\/\/www.europesays.com\/fr\/183171\/"},"modified":"2025-06-17T11:03:16","modified_gmt":"2025-06-17T11:03:16","slug":"lille-ouverte-depuis-peu-la-patisserie-neja-est-deja-consideree-comme-lune-des-meilleures-du-monde","status":"publish","type":"post","link":"https:\/\/www.europesays.com\/fr\/183171\/","title":{"rendered":"Lille. Ouverte depuis peu, la p\u00e2tisserie Neja est d\u00e9j\u00e0 consid\u00e9r\u00e9e comme l\u2019une des meilleures du monde"},"content":{"rendered":"<p>            Par<br \/>\n        <strong><br \/>\n            <a href=\"https:\/\/actu.fr\/auteur\/hervine-mahaud\" title=\"Consulter tous les articles de Hervine Mahaud\" rel=\"nofollow noopener\" target=\"_blank\">Hervine Mahaud<\/a><br \/>\n        <\/strong><\/p>\n<p>        Publi\u00e9 le<\/p>\n<p>            17 juin 2025 \u00e0 12h41        <\/p>\n<p>Apr\u00e8s quelques mois d\u2019ouverture seulement, la <b>p\u00e2tisserie Neja<\/b>, situ\u00e9e 16 place Louise de Bettignies dans le <b>Vieux-Lille<\/b>, a \u00e9t\u00e9 r\u00e9compens\u00e9e d\u2019un des plus beaux prix du milieu. Celui remis par <b>La Liste<\/b>, un <b>guide gastronomique<\/b> qui s\u00e9lectionne et classe <b>les meilleurs restaurants, h\u00f4tels et p\u00e2tisseries du monde<\/b>. Pour <b>Iris Rouche, Germain Decreton et Rayane Rebouh<\/b>, <a href=\"https:\/\/actu.fr\/hauts-de-france\/lille_59350\/vieux-lille-ce-trio-ouvre-bientot-neja-patisserie-dans-une-batisse-remarquable_61674583.html\" rel=\"nofollow noopener\" target=\"_blank\">les fondateurs de Neja<\/a> pass\u00e9s dans des restaurants 2 et 3*, cette r\u00e9compense a une saveur toute particuli\u00e8re.<\/p>\n<p>La p\u00e2tisserie lilloise c\u00f4toie les plus grands chefs p\u00e2tissiers<\/p>\n<p class=\" wall-content\">Il n\u2019aura pas fallu attendre bien longtemps pour que <a href=\"https:\/\/nejapatisserie.com\/\" rel=\"nofollow noopener\" target=\"_blank\">Neja<\/a> re\u00e7oive son premier prix. Ouverte depuis janvier dernier, la p\u00e2tisserie, qui propose une <b>vision contemporaine du dessert<\/b>, se voit d\u00e9j\u00e0 <b>distingu\u00e9e par un guide impartial\u2009<\/b>: La Liste. \u00ab\u00a0Chaque ann\u00e9e, ils font le <a href=\"https:\/\/actu.fr\/hauts-de-france\/montreuil_62588\/selon-ce-classement-ce-restaurant-du-pas-de-calais-est-l-un-des-meilleurs-au-monde_55625304.html\" rel=\"nofollow noopener\" target=\"_blank\">classement des 1\u2009000 meilleurs restaurants du monde<\/a>\u2009\u00bb, explique Germain Decreton, chef p\u00e2tissier. Puis ils ont fait une s\u00e9lection pour les h\u00f4tels et les p\u00e2tisseries.\u00a0\u00bb<\/p>\n<p>    <img   decoding=\"async\" loading=\"lazy\" class=\"size-large\" src=\"https:\/\/www.europesays.com\/fr\/wp-content\/uploads\/2025\/06\/eebbeb7c21586e2cbeb7c2158740cev-960x640.jpg\" alt=\"patisserie neja place louise de bettignies vieux lille Iris rouche, germain decreton rayane rebouh\" width=\"960\" height=\"640\"\/><br \/>\n    Rayane, Iris et Germain ont imagin\u00e9 ensemble Neja. C\u2019est \u00e0 trois qu\u2019ils savourent cette r\u00e9compense bien m\u00e9rit\u00e9e. \u00a9Neja<\/p>\n<p class=\" wall-content\">En 2025, la boutique lilloise a ainsi re\u00e7u le <b>prix \u00ab\u2009Meilleures ouvertures de l\u2019ann\u00e9e\u2009\u00bb<\/b>, saluant un d\u00e9marrage r\u00e9ussi et prometteur. Dans ce palmar\u00e8s, Neja figure aux c\u00f4t\u00e9s de grands et noms et \u00e9toiles montantes de la p\u00e2tisserie\u2009: Maxime Fr\u00e9d\u00e9ric (Cheval Blanc, Paris), sacr\u00e9 P\u00e2tissier le plus cr\u00e9atif au monde, Lily Vanilli \u00e0 Londres (Talent P\u00e2tisserie de l\u2019Ann\u00e9e), Aya Belkahia \u00e0 Casablanca (Meilleure Ouverture), Quelque Part\u2026 La Mati\u00e8re \u00e0 Paris (Meilleure Ouverture), ou encore Claridge\u2019s ArtSpace Caf\u00e9 \u00e0 Londres, \u00e9lue Meilleure P\u00e2tisserie du Monde.<\/p>\n<p>Une distinction qui impose de \u00ab\u2009faire toujours mieux\u2009\u00bb<\/p>\n<p class=\" wall-content\">Le trio, pass\u00e9 dans de grandes maisons parisiennes comme <b>Le Pr\u00e9 Catelan<\/b> ou <b>Le Jules Verne<\/b> est habitu\u00e9 \u00e0 recevoir des r\u00e9compenses. Mais celle-ci a tout de m\u00eame quelque chose de diff\u00e9rent. \u00ab\u2009Ce prix a une saveur particuli\u00e8re car <b>Neja, c\u2019est notre b\u00e9b\u00e9<\/b>. C\u2019est l\u2019endroit qu\u2019on a voulu cr\u00e9er et que l\u2019on a imagin\u00e9 tous les trois\u2009\u00bb, poursuit Germain.<\/p>\n<p class=\" wall-content\">D\u2019autant que l\u2019ouverture est encore toute fra\u00eeche, <a href=\"https:\/\/www.instagram.com\/p\/DKzrtQXoIPb\/?img_index=3\" rel=\"nofollow noopener\" target=\"_blank\">l\u2019inauguration officielle, en pr\u00e9sence du maire de Lille<\/a>, n\u2019a d\u2019ailleurs eu lieu que le 10\u00a0juin dernier.<\/p>\n<p class=\" wall-content\">\u00ab\u2009C\u2019est particuli\u00e8rement touchant car \u00e7a fait peu de temps que nous sommes ouverts. Et \u00e7a nous conforte dans ce qu\u2019on a voulu faire, <b>\u00e7a montre qu\u2019on va dans la bonne direction<\/b>.\u2009\u00bb<\/p>\n<p class=\" wall-content\">Aur\u00e9ol\u00e9e d\u2019une telle r\u00e9compense, la boutique devra donc <b>se montrer \u00e0 la hauteur des exigences<\/b>. \u00ab\u2009Il faut qu\u2019on soit \u00e0 la hauteur en maintenant la qualit\u00e9 et en d\u00e9veloppant de nouveaux produits. <b>Il faut faire toujours mieux<\/b>\u2009!\u2009\u00bb<\/p>\n<p class=\" wall-content\">Suivez toute l\u2019actualit\u00e9 de vos villes et m\u00e9dias favoris en vous inscrivant \u00e0 <a href=\"https:\/\/moncompte.actu.fr\" title=\"D\u00e9couvez Mon Actu\" rel=\"nofollow noopener\" data-trk=\"{&quot;cta&quot;:{&quot;action&quot;:&quot;https:\\\/\\\/moncompte.actu.fr&quot;,&quot;category&quot;:&quot;mon compte&quot;,&quot;from&quot;:&quot;article footer&quot;,&quot;name&quot;:&quot;Mon actu&quot;,&quot;type&quot;:&quot;cta&quot;}}\" target=\"_blank\">Mon Actu<\/a>.<\/p>\n<p>                    <script async src=\"\/\/www.instagram.com\/embed.js\"><\/script><\/p>\n","protected":false},"excerpt":{"rendered":"Par Hervine Mahaud Publi\u00e9 le 17 juin 2025 \u00e0 12h41 Apr\u00e8s quelques mois d\u2019ouverture seulement, la p\u00e2tisserie Neja,&hellip;\n","protected":false},"author":2,"featured_media":183172,"comment_status":"","ping_status":"","sticky":false,"template":"","format":"standard","meta":{"footnotes":""},"categories":[2815],"tags":[1111,11,215,33,1777,674,1011,27,811,1307,12,25],"class_list":{"0":"post-183171","1":"post","2":"type-post","3":"status-publish","4":"format-standard","5":"has-post-thumbnail","7":"category-lille","8":"tag-actu","9":"tag-actualites","10":"tag-commerce","11":"tag-economie","12":"tag-eu","13":"tag-europe","14":"tag-fr","15":"tag-france","16":"tag-hauts-de-france","17":"tag-lille","18":"tag-news","19":"tag-republique-francaise"},"share_on_mastodon":{"url":"https:\/\/pubeurope.com\/@fr\/114698374677810261","error":""},"_links":{"self":[{"href":"https:\/\/www.europesays.com\/fr\/wp-json\/wp\/v2\/posts\/183171","targetHints":{"allow":["GET"]}}],"collection":[{"href":"https:\/\/www.europesays.com\/fr\/wp-json\/wp\/v2\/posts"}],"about":[{"href":"https:\/\/www.europesays.com\/fr\/wp-json\/wp\/v2\/types\/post"}],"author":[{"embeddable":true,"href":"https:\/\/www.europesays.com\/fr\/wp-json\/wp\/v2\/users\/2"}],"replies":[{"embeddable":true,"href":"https:\/\/www.europesays.com\/fr\/wp-json\/wp\/v2\/comments?post=183171"}],"version-history":[{"count":0,"href":"https:\/\/www.europesays.com\/fr\/wp-json\/wp\/v2\/posts\/183171\/revisions"}],"wp:featuredmedia":[{"embeddable":true,"href":"https:\/\/www.europesays.com\/fr\/wp-json\/wp\/v2\/media\/183172"}],"wp:attachment":[{"href":"https:\/\/www.europesays.com\/fr\/wp-json\/wp\/v2\/media?parent=183171"}],"wp:term":[{"taxonomy":"category","embeddable":true,"href":"https:\/\/www.europesays.com\/fr\/wp-json\/wp\/v2\/categories?post=183171"},{"taxonomy":"post_tag","embeddable":true,"href":"https:\/\/www.europesays.com\/fr\/wp-json\/wp\/v2\/tags?post=183171"}],"curies":[{"name":"wp","href":"https:\/\/api.w.org\/{rel}","templated":true}]}}