{"id":183177,"date":"2025-06-17T11:06:11","date_gmt":"2025-06-17T11:06:11","guid":{"rendered":"https:\/\/www.europesays.com\/fr\/183177\/"},"modified":"2025-06-17T11:06:11","modified_gmt":"2025-06-17T11:06:11","slug":"la-rtm-prend-une-decision-radicale","status":"publish","type":"post","link":"https:\/\/www.europesays.com\/fr\/183177\/","title":{"rendered":"la RTM prend une d\u00e9cision radicale"},"content":{"rendered":"<p>            Par<br \/>\n        <strong><br \/>\n            <a href=\"https:\/\/actu.fr\/auteur\/fabien-binacchi\" title=\"Consulter tous les articles de Fabien Binacchi\" rel=\"nofollow noopener\" target=\"_blank\">Fabien Binacchi<\/a><br \/>\n        <\/strong><\/p>\n<p>        Publi\u00e9 le<\/p>\n<p>            17 juin 2025 \u00e0 12h48        <\/p>\n<p>Le trop-plein des poubelles dans les stations et \u00ab\u2009l\u2019insalubrit\u00e9\u2009\u00bb de leurs espaces r\u00e9serv\u00e9s avaient conduit les employ\u00e9s de la <a href=\"https:\/\/actu.fr\/tag\/rtm\" rel=\"nofollow noopener\" target=\"_blank\">RTM<\/a> \u00e0 d\u00e9brayer. Le 3\u00a0juin 2025, <a href=\"https:\/\/actu.fr\/provence-alpes-cote-d-azur\/marseille_13055\/marseille-cette-ligne-de-metro-de-la-rtm-arretee-d-urgence-ce-qu-il-se-passe_62720777.html\" rel=\"nofollow noopener\" target=\"_blank\">un droit de retrait avait mis \u00e0 l\u2019arr\u00eat une ligne de m\u00e9tro<\/a> de <a href=\"https:\/\/actu.fr\/marseille\/\" rel=\"nofollow noopener\" target=\"_blank\">Marseille<\/a> pendant plusieurs heures.<\/p>\n<p class=\" wall-content\">La r\u00e9gie avait imm\u00e9diatement charg\u00e9 les agents de la soci\u00e9t\u00e9 priv\u00e9e \u00e0 qui elle d\u00e9l\u00e8gue ces op\u00e9rations de nettoyage. Ce mardi 17\u00a0juin, elle annonce avoir pris une d\u00e9cision radicale en <strong>\u00ab\u2009r\u00e9siliant\u2009\u00bb purement et simplement \u00ab\u2009son march\u00e9 avec le prestataire Atalian\u2009\u00bb.<\/strong><\/p>\n<p class=\" wall-content\">\u00ab\u2009Les prestations ne sont pas ex\u00e9cut\u00e9es conform\u00e9ment aux termes\u2009\u00bb du contrat, justifie la RTM, mais ce n\u2019est pas la seule raison \u00e9voqu\u00e9e. La r\u00e9gie \u00e9voque <strong>un \u00ab\u2009surco\u00fbt\u2009\u00bb faramineux<\/strong> et d\u00e9voile avoir notamment port\u00e9 <strong>plainte pour \u00ab\u2009escroquerie\u2009\u00bb.<\/strong><\/p>\n<p>\u00ab\u2009Recours et contentieux\u2009\u00bb<\/p>\n<p class=\" wall-content\">C\u2019est une histoire qui se r\u00e9p\u00e8te\u2026 et qui s\u2019aggrave. En septembre\u00a02024 d\u00e9j\u00e0, la RTM avait mis un terme \u00e0 sa pr\u00e9c\u00e9dente collaboration, avec la soci\u00e9t\u00e9 Laser propret\u00e9, \u00e0 cause de la<strong> \u00ab\u2009mauvaise ex\u00e9cution\u2009\u00bb du contrat<\/strong>. Les employ\u00e9s concern\u00e9s \u00e9taient rest\u00e9s. Ils avaient \u00e9t\u00e9 tout de suite r\u00e9embauch\u00e9s par la soci\u00e9t\u00e9 Atalian, repreneur du march\u00e9.<\/p>\n<p class=\" wall-content\">Sauf qu\u2019<strong>un loup avait rapidement \u00e9t\u00e9 d\u00e9couvert\u2009<\/strong>: \u00ab\u2009les \u00e9l\u00e9ments transmis par Laser \u00e0 Atalian\u2009\u00bb avaient donn\u00e9 \u00ab\u2009lieu \u00e0 recours et \u00e0 contentieux\u2009\u00bb, avance la RTM.<\/p>\n<p>Vid\u00e9os : en ce moment sur Actu\u00ab\u2009Un surco\u00fbt de 2,2\u00a0millions d\u2019euros\u2009\u00bb<\/p>\n<p class=\" wall-content\">Les analyses des d\u00e9penses salariales laissaient appara\u00eetre \u00ab\u2009un surco\u00fbt de 2,2\u00a0millions d\u2019euros du montant du march\u00e9 par rapport \u00e0 l\u2019estimation qu\u2019en fait la RTM\u2009\u00bb, selon elle.<\/p>\n<p class=\" wall-content\">Le 3\u00a0juin, Le Canard encha\u00een\u00e9 avait d\u00e9nonc\u00e9 <strong>\u00ab\u2009les salaires d\u00e9lirants\u2009\u00bb<\/strong>, \u00ab\u2009la comptabilit\u00e9 truqu\u00e9e\u2009\u00bb et les avantages \u00ab\u2009d\u2019un clan\u2009\u00bb dans les installations souterraines de la r\u00e9gie.<\/p>\n<p class=\" wall-content\">Une situation qui avait conduit Atalian \u00e0 d\u00e9poser plainte pour <strong>faux, usage de faux et tentative d\u2019escroquerie.<\/strong> La RTM lui avait rapidement embo\u00eet\u00e9 le pas.<\/p>\n<blockquote class=\"ac-article-quote wall-content\">\n<p>Les \u00e9l\u00e9ments justificatifs des r\u00e9mun\u00e9rations conduisant \u00e0 cette augmentation de la masse salariale ont amen\u00e9 la RTM \u00e0 d\u00e9poser plainte contre X pour escroquerie, faux et usage de faux, et escroquerie ou tentative d\u2019escroquerie au jugement.<\/p>\n<p>    <strong>La RTM, dans un communiqu\u00e9<\/strong>\n            <\/p><\/blockquote>\n<p>Qui pour nettoyer le m\u00e9tro, maintenant\u2009?<\/p>\n<p class=\" wall-content\">\u00ab\u2009Poursuivre l\u2019ex\u00e9cution du march\u00e9 conduirait \u00e0 <strong>d\u00e9tourner l\u2019obligation de bon usage des deniers publics<\/strong>\u2009\u00bb, appuie la RTM pour justifier sa d\u00e9cision. \u00ab\u2009De surcro\u00eet, tant qualitativement que quantitativement, les prestations ne sont pas ex\u00e9cut\u00e9es conform\u00e9ment aux termes du march\u00e9\u2009\u00bb, rappelle-t-elle encore dans un communiqu\u00e9.<\/p>\n<p class=\" wall-content\">Une nouvelle proc\u00e9dure d\u2019appel d\u2019offres a \u00e9t\u00e9 lanc\u00e9e. En attendant son r\u00e9sultat, comment la propret\u00e9 des stations du m\u00e9tro marseillais sera-t-elle assur\u00e9e\u2009? Recontact\u00e9e par actu Marseille \u00e0 ce sujet, la RTM n\u2019a pas apport\u00e9 de r\u00e9ponse ce mardi 17\u00a0juin.<\/p>\n<p class=\" wall-content\">Suivez toute l\u2019actualit\u00e9 de vos villes et m\u00e9dias favoris en vous inscrivant \u00e0 <a href=\"https:\/\/moncompte.actu.fr\" title=\"D\u00e9couvez Mon Actu\" rel=\"nofollow noopener\" data-trk=\"{&quot;cta&quot;:{&quot;action&quot;:&quot;https:\\\/\\\/moncompte.actu.fr&quot;,&quot;category&quot;:&quot;mon compte&quot;,&quot;from&quot;:&quot;article footer&quot;,&quot;name&quot;:&quot;Mon actu&quot;,&quot;type&quot;:&quot;cta&quot;}}\" target=\"_blank\">Mon Actu<\/a>.<\/p>\n","protected":false},"excerpt":{"rendered":"Par Fabien Binacchi Publi\u00e9 le 17 juin 2025 \u00e0 12h48 Le trop-plein des poubelles dans les stations et&hellip;\n","protected":false},"author":2,"featured_media":183178,"comment_status":"","ping_status":"","sticky":false,"template":"","format":"standard","meta":{"footnotes":""},"categories":[2814],"tags":[1111,11,1777,674,1011,27,884,12,882,25,10783,104,2803],"class_list":{"0":"post-183177","1":"post","2":"type-post","3":"status-publish","4":"format-standard","5":"has-post-thumbnail","7":"category-marseille","8":"tag-actu","9":"tag-actualites","10":"tag-eu","11":"tag-europe","12":"tag-fr","13":"tag-france","14":"tag-marseille","15":"tag-news","16":"tag-provence-alpes-cote-dazur","17":"tag-republique-francaise","18":"tag-rtm","19":"tag-societe","20":"tag-transport"},"share_on_mastodon":{"url":"https:\/\/pubeurope.com\/@fr\/114698386475394813","error":""},"_links":{"self":[{"href":"https:\/\/www.europesays.com\/fr\/wp-json\/wp\/v2\/posts\/183177","targetHints":{"allow":["GET"]}}],"collection":[{"href":"https:\/\/www.europesays.com\/fr\/wp-json\/wp\/v2\/posts"}],"about":[{"href":"https:\/\/www.europesays.com\/fr\/wp-json\/wp\/v2\/types\/post"}],"author":[{"embeddable":true,"href":"https:\/\/www.europesays.com\/fr\/wp-json\/wp\/v2\/users\/2"}],"replies":[{"embeddable":true,"href":"https:\/\/www.europesays.com\/fr\/wp-json\/wp\/v2\/comments?post=183177"}],"version-history":[{"count":0,"href":"https:\/\/www.europesays.com\/fr\/wp-json\/wp\/v2\/posts\/183177\/revisions"}],"wp:featuredmedia":[{"embeddable":true,"href":"https:\/\/www.europesays.com\/fr\/wp-json\/wp\/v2\/media\/183178"}],"wp:attachment":[{"href":"https:\/\/www.europesays.com\/fr\/wp-json\/wp\/v2\/media?parent=183177"}],"wp:term":[{"taxonomy":"category","embeddable":true,"href":"https:\/\/www.europesays.com\/fr\/wp-json\/wp\/v2\/categories?post=183177"},{"taxonomy":"post_tag","embeddable":true,"href":"https:\/\/www.europesays.com\/fr\/wp-json\/wp\/v2\/tags?post=183177"}],"curies":[{"name":"wp","href":"https:\/\/api.w.org\/{rel}","templated":true}]}}