{"id":183183,"date":"2025-06-17T11:10:08","date_gmt":"2025-06-17T11:10:08","guid":{"rendered":"https:\/\/www.europesays.com\/fr\/183183\/"},"modified":"2025-06-17T11:10:08","modified_gmt":"2025-06-17T11:10:08","slug":"polluants-eternels-proces-dun-supremaciste-blanc-ligne-17-du-metro-linfo-a-midi-en-ile-de-france","status":"publish","type":"post","link":"https:\/\/www.europesays.com\/fr\/183183\/","title":{"rendered":"Polluants \u00e9ternels, proc\u00e8s d&rsquo;un supr\u00e9maciste blanc, ligne 17 du m\u00e9tro&#8230; L&rsquo;info \u00e0 midi en \u00cele-de-France"},"content":{"rendered":"<p>            Par<br \/>\n        <strong><br \/>\n            <a href=\"https:\/\/actu.fr\/auteur\/sarah-coulet\" title=\"Consulter tous les articles de Sarah Coulet\" target=\"_blank\" rel=\"noopener\">Sarah Coulet<\/a><br \/>\n        <\/strong><\/p>\n<p>        Publi\u00e9 le<\/p>\n<p>            17 juin 2025 \u00e0 12h08        <\/p>\n<p>Travaux, proc\u00e8s, environnement\u2026 L\u2019actualit\u00e9 de ce mardi 17\u00a0juin 2025 est \u00e9clectique. Voici l\u2019essentiel de l\u2019information \u00e0 midi en \u00cele-de-France\u2009: en Seine-et-Marne, des PFAS ont \u00e9t\u00e9 d\u00e9tect\u00e9s, \u00e0 Paris, le proc\u00e8s du supr\u00e9maciste blanc Martial Lanoir s\u2019est ouvert et dans le Val-d\u2019Oise, la ligne 17 du m\u00e9tro continue son avancement.<\/p>\n<p>Les informations \u00e0 retenir ce mardi 17\u00a0juin 2025, \u00e0 midi, en \u00cele-de-France<\/p>\n<p class=\"expresso-item wall-content\"><strong>Seine-et-Marne. <\/strong><a title=\"Lire l&#039;article\" href=\"https:\/\/actu.fr\/ile-de-france\/saint-thibault-des-vignes_77438\/pfas-des-polluants-eternels-detectes-en-seine-et-marne-un-constat-qui-inquiete_62781941.html\" target=\"_blank\" rel=\"noopener\">PFAS\u2009: des polluants \u00e9ternels d\u00e9tect\u00e9s, un constat qui inqui\u00e8te<\/a><br \/>D\u2019o\u00f9 viennent ces polluants \u00e9ternels d\u00e9tect\u00e9s dans le ru de la Gondoire\u2009? Quelles peuvent \u00eatre les cons\u00e9quences pour l\u2019homme et l\u2019environnement\u2009? Les acteurs locaux se questionnent<\/p>\n<p class=\"expresso-item wall-content\"><strong>Val-d\u2019Oise. <\/strong><a title=\"Lire l&#039;article\" href=\"https:\/\/actu.fr\/ile-de-france\/gonesse_95277\/ligne-17-du-metro-dans-le-val-doise-les-travaux-avancent_62770823.html\" target=\"_blank\" rel=\"noopener\">Ligne 17 du m\u00e9tro\u2009: \u00ab\u2009une \u00e9tape spectaculaire\u2009\u00bb franchie<\/a><br \/>Le chantier de la ligne de m\u00e9tro de Gonesse (Val-d\u2019Oise) continue. Fin mai, le viaduc de la future ligne 17 a \u00e9t\u00e9 achev\u00e9 au-dessus des autoroutes A1 et A3.<\/p>\n<p class=\"expresso-item wall-content\"><strong>Essonne. <\/strong><a title=\"Lire l&#039;article\" href=\"https:\/\/actu.fr\/ile-de-france\/mennecy_91386\/essonne-un-employe-de-boulangerie-accuse-d-avoir-echange-des-bonbons-contre-des-faveurs-sexuelles_62778540.html\" target=\"_blank\" rel=\"noopener\">Un employ\u00e9 de boulangerie accus\u00e9 d\u2019avoir \u00e9chang\u00e9 des bonbons contre des faveurs sexuelles<\/a><br \/>Un homme de 35\u00a0ans a \u00e9t\u00e9 jug\u00e9 par le tribunal correctionnel d\u2019\u00c9vry-Courcouronnes, le 13\u00a0juin, pour avoir envoy\u00e9 des messages \u00e0 caract\u00e8re sexuel \u00e0 deux adolescents.<\/p>\n<p class=\"expresso-item wall-content\"><strong>Hauts-de-Seine. <\/strong><a title=\"Lire l&#039;article\" href=\"https:\/\/actu.fr\/ile-de-france\/asnieres-sur-seine_92004\/un-lieu-convivial-et-a-taille-humaine-pres-de-paris-cette-ville-s-offre-a-son-tour-son-bouillon_62776714.html\" target=\"_blank\" rel=\"noopener\">\u00ab\u2009Un lieu convivial et \u00e0 taille humaine\u2009\u00bb\u2009: pr\u00e8s de Paris, cette ville s\u2019offre \u00e0 son tour son Bouillon<\/a><br \/>Un Bouillon va ouvrir \u00e0 Asni\u00e8res-sur-Seine dans les semaines \u00e0 venir. Une nouvelle adresse qui promet de ramener les gourmands du coin \u00e0 table, sans passer par Paris.<\/p>\n<p class=\"expresso-item wall-content\"><strong>Paris. <\/strong><a title=\"Lire l&#039;article\" href=\"https:\/\/actu.fr\/ile-de-france\/paris_75056\/il-avait-abattu-un-homme-en-pleine-rue-a-paris-le-chanteur-complotiste-martial-lanoir-devant-les-assises_62747399.html\" target=\"_blank\" rel=\"noopener\">Il avait abattu un homme en pleine rue\u2009: le chanteur complotiste Martial Lanoir devant les assises<\/a><br \/>Ce mardi 17\u00a0juin 2025 s\u2019ouvre aux assises de Paris le proc\u00e8s de Martial Lanoir. Ce supr\u00e9maciste est jug\u00e9 pour avoir abattu un jeune homme en pleine rue \u00e0 Pigalle.<\/p>\n<p class=\" wall-content\"><strong>Suivez-nous pour en savoir plus\u2009!<\/strong><br \/>Vous voulez plus d\u2019infos sur l\u2019\u00cele-de-France\u2009? Vous pouvez nous retrouver sur Actu \u00cele-de-France. Pour nous suivre sur les r\u00e9seaux sociaux, dans vos d\u00e9partements\u2009:<\/p>\n<p class=\" wall-content\"><strong>Paris<\/strong>\u2009: retrouvez\u00a0actu\u00a0Paris\u00a0sur\u00a0<a href=\"https:\/\/www.facebook.com\/actufr.paris\/\" target=\"_blank\" rel=\"noopener\">Facebook<\/a>\u00a0et\u00a0<a href=\"https:\/\/twitter.com\/actufrparis\" target=\"_blank\" rel=\"noopener\">Twitter<\/a>\u2009;<br \/><strong>Seine-et-Marne<\/strong>\u2009: retrouvez\u00a0La R\u00e9publique de Seine-et-Marne (sud) sur\u00a0<a href=\"https:\/\/www.facebook.com\/RepubliqueSeineMarne\/\" target=\"_blank\" rel=\"noopener\">Facebook<\/a>\u00a0et\u00a0<a href=\"https:\/\/twitter.com\/LaRep77\" target=\"_blank\" rel=\"noopener\">Twitter<\/a>\u2009; La Marne (nord) sur\u00a0<a href=\"https:\/\/www.facebook.com\/journallarmarne\/?__tn__=%2Cd%2CP-R&amp;eid=ARDLZc91LaHbXzDwChLLLQJVMBLx_ABJremTC2-RG0CYvg0f4f8CLvbV5G1Lli4g_6QoXDcKkU1_LX1W\" target=\"_blank\" rel=\"noopener\">Facebook<\/a>\u00a0et\u00a0<a href=\"https:\/\/twitter.com\/JournalLaMarne\" target=\"_blank\" rel=\"noopener\">Twitter<\/a>\u2009; et\u00a0Le Pays Briard\u00a0sur\u00a0<a href=\"https:\/\/www.facebook.com\/LePaysBriard\/?ref=bookmarks\" target=\"_blank\" rel=\"noopener\">Facebook<\/a>\u00a0et\u00a0<a href=\"https:\/\/twitter.com\/LePaysBriard\" target=\"_blank\" rel=\"noopener\">Twitter<\/a>\u2009;<br \/><strong>Essonne\u2009:<\/strong> retrouvez\u00a0actu Essonne\u00a0sur\u00a0<a href=\"https:\/\/www.facebook.com\/actuessonne\/?ref=br_rs\" target=\"_blank\" rel=\"noopener\">Facebook<\/a>\u00a0et\u00a0<a href=\"https:\/\/twitter.com\/ActuEssonne\" target=\"_blank\" rel=\"noopener\">Twitter<\/a>\u2009;<br \/><strong>Hauts-de-Seine\u2009:<\/strong> retrouvez\u00a0actu\u00a0Hauts-de-Seine\u00a0sur\u00a0<a href=\"https:\/\/www.facebook.com\/actufr.hautsdeseine\/\" target=\"_blank\" rel=\"noopener\">Facebook<\/a>\u00a0et\u00a0<a href=\"https:\/\/twitter.com\/actufr92\" target=\"_blank\" rel=\"noopener\">Twitter<\/a>\u2009;<br \/><strong>Seine-Saint-Denis\u2009:<\/strong> retrouvez actu Seine-Saint-Denis sur\u00a0<a href=\"https:\/\/www.facebook.com\/actufr.seinesaintdenis\/\" target=\"_blank\" rel=\"noopener\">Facebook<\/a>\u00a0et\u00a0<a href=\"https:\/\/x.com\/Actufr93\">Twitter<\/a>\u2009;<br \/><strong>Val-de-Marne\u2009:<\/strong> retrouvez actu Val-de-Marne sur\u00a0<a href=\"https:\/\/www.facebook.com\/actu94.valdemarne\/\" target=\"_blank\" rel=\"noopener\">Facebook<\/a>\u00a0et\u00a0<a href=\"https:\/\/x.com\/actufr94\">Twitter<\/a>\u2009;<br \/><strong>Val-d\u2019Oise\u2009:<\/strong> retrouvez La Gazette du Val-d\u2019Oise sur\u00a0<a href=\"https:\/\/x.com\/actufr\/status\/1846625622568714416\">Twitter<\/a>.<\/p>\n<p class=\" wall-content\">Suivez toute l\u2019actualit\u00e9 de vos villes et m\u00e9dias favoris en vous inscrivant \u00e0 <a href=\"https:\/\/moncompte.actu.fr\" title=\"D\u00e9couvez Mon Actu\" rel=\"nofollow noopener\" data-trk=\"{&quot;cta&quot;:{&quot;action&quot;:&quot;https:\\\/\\\/moncompte.actu.fr&quot;,&quot;category&quot;:&quot;mon compte&quot;,&quot;from&quot;:&quot;article footer&quot;,&quot;name&quot;:&quot;Mon actu&quot;,&quot;type&quot;:&quot;cta&quot;}}\" target=\"_blank\">Mon Actu<\/a>.<\/p>\n<p>                    <script async src=\"https:\/\/platform.twitter.com\/widgets.js\" charset=\"utf-8\"><\/script><\/p>\n","protected":false},"excerpt":{"rendered":"Par Sarah Coulet Publi\u00e9 le 17 juin 2025 \u00e0 12h08 Travaux, proc\u00e8s, environnement\u2026 L\u2019actualit\u00e9 de ce mardi 17\u00a0juin&hellip;\n","protected":false},"author":2,"featured_media":183184,"comment_status":"","ping_status":"","sticky":false,"template":"","format":"standard","meta":{"footnotes":""},"categories":[1592],"tags":[1111,11,1777,674,1011,27,662,4047,12,626,1800,2694,25,104],"class_list":{"0":"post-183183","1":"post","2":"type-post","3":"status-publish","4":"format-standard","5":"has-post-thumbnail","7":"category-ile-de-france","8":"tag-actu","9":"tag-actualites","10":"tag-eu","11":"tag-europe","12":"tag-fr","13":"tag-france","14":"tag-ile-de-france","15":"tag-metro","16":"tag-news","17":"tag-paris","18":"tag-pollution","19":"tag-proces","20":"tag-republique-francaise","21":"tag-societe"},"share_on_mastodon":{"url":"https:\/\/pubeurope.com\/@fr\/114698402183928461","error":""},"_links":{"self":[{"href":"https:\/\/www.europesays.com\/fr\/wp-json\/wp\/v2\/posts\/183183","targetHints":{"allow":["GET"]}}],"collection":[{"href":"https:\/\/www.europesays.com\/fr\/wp-json\/wp\/v2\/posts"}],"about":[{"href":"https:\/\/www.europesays.com\/fr\/wp-json\/wp\/v2\/types\/post"}],"author":[{"embeddable":true,"href":"https:\/\/www.europesays.com\/fr\/wp-json\/wp\/v2\/users\/2"}],"replies":[{"embeddable":true,"href":"https:\/\/www.europesays.com\/fr\/wp-json\/wp\/v2\/comments?post=183183"}],"version-history":[{"count":0,"href":"https:\/\/www.europesays.com\/fr\/wp-json\/wp\/v2\/posts\/183183\/revisions"}],"wp:featuredmedia":[{"embeddable":true,"href":"https:\/\/www.europesays.com\/fr\/wp-json\/wp\/v2\/media\/183184"}],"wp:attachment":[{"href":"https:\/\/www.europesays.com\/fr\/wp-json\/wp\/v2\/media?parent=183183"}],"wp:term":[{"taxonomy":"category","embeddable":true,"href":"https:\/\/www.europesays.com\/fr\/wp-json\/wp\/v2\/categories?post=183183"},{"taxonomy":"post_tag","embeddable":true,"href":"https:\/\/www.europesays.com\/fr\/wp-json\/wp\/v2\/tags?post=183183"}],"curies":[{"name":"wp","href":"https:\/\/api.w.org\/{rel}","templated":true}]}}