{"id":183185,"date":"2025-06-17T11:11:17","date_gmt":"2025-06-17T11:11:17","guid":{"rendered":"https:\/\/www.europesays.com\/fr\/183185\/"},"modified":"2025-06-17T11:11:17","modified_gmt":"2025-06-17T11:11:17","slug":"la-bourse-de-paris-en-recul-face-au-conflit-iran-israel-actualites","status":"publish","type":"post","link":"https:\/\/www.europesays.com\/fr\/183185\/","title":{"rendered":"La Bourse de Paris en recul face au conflit Iran-Isra\u00ebl : Actualit\u00e9s"},"content":{"rendered":"<p class=\"lead \">La Bourse de Paris c\u00e8de du terrain mardi, observant avec nervosit\u00e9 le conflit militaire entre Isra\u00ebl et l&rsquo;Iran, et dans l&rsquo;attente de la r\u00e9union mercredi de la R\u00e9serve f\u00e9d\u00e9rale am\u00e9ricaine (Fed).<\/p>\n<p class=\"lead \">Vers 09H50 (heure de Paris), le CAC 40 perdait 0,79% \u00e0 7.681,66 points, en recul de 60,58 points. La veille, l&rsquo;indice vedette parisien avait gagn\u00e9 0,75% \u00e0 7.742,24 points.<\/p>\n<p class=\"lead \">\u00ab\u00a0La situation au Proche-Orient met les nerfs des investisseurs \u00e0 rude \u00e9preuve\u00a0\u00bb, rel\u00e8ve Andreas Lipkow, analyste ind\u00e9pendant.<\/p>\n<p class=\"lead \">Lundi, les Bourses avaient grimp\u00e9 malgr\u00e9 le conflit, pariant sur un affrontement qui ne d\u00e9g\u00e9n\u00e9rerait pas. Mais \u00ab\u00a0avec l&rsquo;interruption du sommet du G7 et le retour pr\u00e9cipit\u00e9 du pr\u00e9sident Trump \u00e0 Washington, l&rsquo;inqui\u00e9tude a \u00e9t\u00e9 raviv\u00e9e\u00a0\u00bb, a expliqu\u00e9 le courtier IwaiCosmo Securities.<\/p>\n<p class=\"lead \">Le pr\u00e9sident am\u00e9ricain a quitt\u00e9 lundi pr\u00e9matur\u00e9ment le sommet du G7 au Canada, assurant sans autre explication que son d\u00e9part n&rsquo;avait \u00ab\u00a0rien \u00e0 voir\u00a0\u00bb avec des efforts en vue d&rsquo;un cessez-le-feu entre Isra\u00ebl et l&rsquo;Iran.<\/p>\n<p class=\"lead \">Ces derni\u00e8res heures, les deux pays ont \u00e9chang\u00e9 barrages de missiles et menaces, Donald Trump appelant face \u00e0 la confrontation \u00e0 \u00ab\u00a0\u00e9vacuer T\u00e9h\u00e9ran imm\u00e9diatement\u00a0\u00bb.<\/p>\n<p class=\"lead \">\u00ab\u00a0Apr\u00e8s que les Bourses se sont ralli\u00e9es lundi \u00e0 l&rsquo;espoir que le conflit entre Isra\u00ebl et l&rsquo;Iran resterait contenu\u00a0\u00bb ces propos \u00ab\u00a0signalent une escalade potentielle du conflit\u00a0\u00bb et ils \u00ab\u00a0inqui\u00e8tent\u00a0\u00bb rel\u00e8ve Neil Wilson, de Saxo Markets.<\/p>\n<p class=\"lead \">T\u00e9h\u00e9ran a promis de bombarder Isra\u00ebl \u00ab\u00a0aussi longtemps qu&rsquo;il le faudra\u00a0\u00bb. Le Premier ministre isra\u00e9lien Benjamin Netanyahu a lui affirm\u00e9 changer \u00ab\u00a0la face du Moyen-Orient\u00a0\u00bb avec cette offensive entam\u00e9e vendredi.<\/p>\n<p class=\"lead \">\u00ab\u00a0Ce n&rsquo;est pas une histoire de d\u00e9sescalade classique\u00a0\u00bb, a r\u00e9sum\u00e9 Ipek Ozkardeskaya, analyste pour Swissquote Bank. <\/p>\n<p class=\"lead \">Autre point d&rsquo;attention: la politique des banques centrales. La r\u00e9union de la R\u00e9serve f\u00e9d\u00e9rale am\u00e9ricaine (Fed) d\u00e9bute mercredi.<\/p>\n<p class=\"lead \">\u00ab\u00a0La publication mercredi dernier de l&rsquo;indice des prix \u00e0 la consommation en mai \u00e0 2,4% sur un an plaide en faveur d&rsquo;un statu quo mon\u00e9taire\u00a0\u00bb, sans baisse de taux, rel\u00e8ve Christopher Dembik, conseiller en investissements chez Pictet AM.<\/p>\n<p class=\"lead \">C\u00f4t\u00e9 obligataire, l&#8217;emprunt \u00e0 dix ans fran\u00e7ais de r\u00e9f\u00e9rence atteignait 3,26% vers 9H50, contre 3,23% la veille. Son \u00e9quivalent allemand \u00e9voluait autour de 2,55%.<\/p>\n<p class=\"lead \">La publication de l&rsquo;indice ZEW de la confiance des investisseurs en Allemagne, premi\u00e8re \u00e9conomie du continent, pour le mois de juin sera aussi scrut\u00e9e.<\/p>\n<p class=\"lead \">FDJ United soutenue par JPMorgan<\/p>\n<p class=\"lead \">Le groupe de loteries et de paris sportifs FDJ United, nouveau nom de la Fran\u00e7aise des Jeux, gagnait vers 9H50 2,69% \u00e0 32,70 euros sur la Bourse de Paris, apr\u00e8s une recommandation favorable de JPMorgan, qui a class\u00e9 le titre \u00ab\u00a0\u00e0 surpond\u00e9rer\u00a0\u00bb.<\/p>\n<p class=\"lead \"><a href=\"https:\/\/www.euronext.com\/fr\/products\/indices\/FR0003500008-XPAR\" target=\"_blank\" rel=\"noopener\">Euronext CAC40<\/a><\/p>\n<p class=\"small font-weight-bold text-gray3 \"> publi\u00e9 le 17 juin \u00e0 10h06, AFP<\/p>\n<p>                             Partager<\/p>\n","protected":false},"excerpt":{"rendered":"La Bourse de Paris c\u00e8de du terrain mardi, observant avec nervosit\u00e9 le conflit militaire entre Isra\u00ebl et l&rsquo;Iran,&hellip;\n","protected":false},"author":2,"featured_media":183186,"comment_status":"","ping_status":"","sticky":false,"template":"","format":"standard","meta":{"footnotes":""},"categories":[1888],"tags":[1111,1928,11,1927,340,1777,674,1011,27,6205,12,1926,626,1925,25],"class_list":{"0":"post-183185","1":"post","2":"type-post","3":"status-publish","4":"format-standard","5":"has-post-thumbnail","7":"category-paris","8":"tag-actu","9":"tag-actu-paris","10":"tag-actualites","11":"tag-actualites-paris","12":"tag-bourse","13":"tag-eu","14":"tag-europe","15":"tag-fr","16":"tag-france","17":"tag-marchs","18":"tag-news","19":"tag-news-paris","20":"tag-paris","21":"tag-paris-news","22":"tag-republique-francaise"},"share_on_mastodon":{"url":"https:\/\/pubeurope.com\/@fr\/114698406452967406","error":""},"_links":{"self":[{"href":"https:\/\/www.europesays.com\/fr\/wp-json\/wp\/v2\/posts\/183185","targetHints":{"allow":["GET"]}}],"collection":[{"href":"https:\/\/www.europesays.com\/fr\/wp-json\/wp\/v2\/posts"}],"about":[{"href":"https:\/\/www.europesays.com\/fr\/wp-json\/wp\/v2\/types\/post"}],"author":[{"embeddable":true,"href":"https:\/\/www.europesays.com\/fr\/wp-json\/wp\/v2\/users\/2"}],"replies":[{"embeddable":true,"href":"https:\/\/www.europesays.com\/fr\/wp-json\/wp\/v2\/comments?post=183185"}],"version-history":[{"count":0,"href":"https:\/\/www.europesays.com\/fr\/wp-json\/wp\/v2\/posts\/183185\/revisions"}],"wp:featuredmedia":[{"embeddable":true,"href":"https:\/\/www.europesays.com\/fr\/wp-json\/wp\/v2\/media\/183186"}],"wp:attachment":[{"href":"https:\/\/www.europesays.com\/fr\/wp-json\/wp\/v2\/media?parent=183185"}],"wp:term":[{"taxonomy":"category","embeddable":true,"href":"https:\/\/www.europesays.com\/fr\/wp-json\/wp\/v2\/categories?post=183185"},{"taxonomy":"post_tag","embeddable":true,"href":"https:\/\/www.europesays.com\/fr\/wp-json\/wp\/v2\/tags?post=183185"}],"curies":[{"name":"wp","href":"https:\/\/api.w.org\/{rel}","templated":true}]}}