{"id":183193,"date":"2025-06-17T11:15:11","date_gmt":"2025-06-17T11:15:11","guid":{"rendered":"https:\/\/www.europesays.com\/fr\/183193\/"},"modified":"2025-06-17T11:15:11","modified_gmt":"2025-06-17T11:15:11","slug":"donald-trump-commet-une-erreur-historique-a-propos-de-lexclusion-de-la-russie-du-g8","status":"publish","type":"post","link":"https:\/\/www.europesays.com\/fr\/183193\/","title":{"rendered":"Donald Trump commet une erreur historique \u00e0 propos de l\u2019exclusion de la Russie du G8"},"content":{"rendered":"<p>Le pr\u00e9sident am\u00e9ricain a accus\u00e9 Barack Obama et l\u2019ancien premier ministre canadien, Justin Trudeau, d\u2019avoir particip\u00e9 au bannissement de la Russie du G8 en 2014.<\/p>\n<p class=\"fig-paragraph\">Avant de\u00a0<a href=\"http:\/\/www.lefigaro.fr\/international\/israel-iran-donald-trump-quitte-prematurement-le-g7-au-canada-et-appelle-a-evacuer-teheran-20250617\" data-fig-type=\"Article\" data-gtm-custom-categorie=\"navigation\" data-gtm-custom-action=\"crossclick\" data-gtm-custom-label=\"Contextuel\" data-gtm-event=\"customEventSPE\" data-fig-domain=\"LEFIGARO\" rel=\"nofollow noopener\" target=\"_blank\">quitter pr\u00e9matur\u00e9ment le G7<\/a>\u00a0au Canada, Donald Trump a commis une erreur historique lors de sa prise de parole aux c\u00f4t\u00e9s de l\u2019h\u00f4te de cette r\u00e9union annuelle, le premier ministre canadien\u00a0<a href=\"http:\/\/www.lefigaro.fr\/international\/canada-mark-carney-promet-que-son-gouvernement-travaillera-sans-relache-pour-que-son-pays-reste-souverain-20250513\" data-fig-type=\"NewsFlash\" data-gtm-custom-categorie=\"navigation\" data-gtm-custom-action=\"crossclick\" data-gtm-custom-label=\"Contextuel\" data-gtm-event=\"customEventSPE\" data-fig-domain=\"LEFIGARO\" rel=\"nofollow noopener\" target=\"_blank\">Mark Carney<\/a>, \u00e0 Alberta. Le pr\u00e9sident am\u00e9ricain est revenu sur l\u2019exclusion de la Russie du groupe de discussions et de partenariat \u00e9conomique survenue en 2014.<\/p>\n<p class=\"fig-paragraph\">\u00abLe G7 \u00e9tait autrefois le G8.\u00a0<a href=\"http:\/\/www.lefigaro.fr\/sports\/tennis\/roland-garros\/tu-nous-rends-tous-fiers-barack-obama-rend-hommage-a-coco-gauff-apres-sa-victoire-a-roland-garros-20250608\" data-fig-type=\"NewsFlash\" data-gtm-custom-categorie=\"navigation\" data-gtm-custom-action=\"crossclick\" data-gtm-custom-label=\"Contextuel\" data-gtm-event=\"customEventSPE\" data-fig-domain=\"LEFIGARO\" rel=\"nofollow noopener\" target=\"_blank\">Barack Obama<\/a> \u00a0et un certain [Justin] Trudeau ne voulaient pas de la Russie\u00bb, a d\u00e9clar\u00e9 Donald Trump, sous les yeux de\u00a0<a href=\"http:\/\/www.lefigaro.fr\/international\/mark-carney-elu-nouveau-premier-ministre-du-canada-20250309\" data-fig-type=\"Article\" data-gtm-custom-categorie=\"navigation\" data-gtm-custom-action=\"crossclick\" data-gtm-custom-label=\"Contextuel\" data-gtm-event=\"customEventSPE\" data-fig-domain=\"LEFIGARO\" rel=\"nofollow noopener\" target=\"_blank\">Mark Carney<\/a>, avant d\u2019ajouter\u00a0: \u00abEt je dirais que c\u2019\u00e9tait une erreur, car je pense qu\u2019il n\u2019y aurait pas de guerre [en Ukraine] aujourd\u2019hui si la Russie \u00e9tait pr\u00e9sente. Et il n\u2019y aurait pas de guerre aujourd\u2019hui si Trump avait \u00e9t\u00e9 pr\u00e9sident quatre ans plus t\u00f4t.\u00bb \u00ab Mais \u00e7a ne s\u2019est pas pass\u00e9 comme \u00e7a\u00bb, a-t-il poursuivi. \u00abVous passez tellement de temps \u00e0 parler de la Russie, mais elle n\u2019est plus \u00e0 la table des n\u00e9gociations, ce qui rend les choses plus compliqu\u00e9es\u00bb, a-t-il soutenu.<\/p>\n<p class=\"fig-paragraph\">Le pr\u00e9sident am\u00e9ricain commet une erreur historique quand il accuse l\u2019ancien premier ministre canadien\u00a0<a href=\"http:\/\/www.lefigaro.fr\/international\/donald-trump-accuse-justin-trudeau-de-chercher-a-rester-au-pouvoir-20250305\" data-fig-type=\"NewsFlash\" data-gtm-custom-categorie=\"navigation\" data-gtm-custom-action=\"crossclick\" data-gtm-custom-label=\"Contextuel\" data-gtm-event=\"customEventSPE\" data-fig-domain=\"LEFIGARO\" rel=\"nofollow noopener\" target=\"_blank\">Justin Trudeau<\/a>\u00a0d\u2019avoir particip\u00e9 \u00e0 l\u2019exclusion la Russie du G8. Le pays dirig\u00e9 par Vladimir Poutine avait dans un premier temps \u00e9t\u00e9 suspendu du groupe de coalition internationale en 2014, apr\u00e8s\u00a0<a href=\"http:\/\/www.lefigaro.fr\/international\/en-crimee-artek-la-colonie-des-enfants-modeles-du-patriotisme-russe-20250607\" data-fig-type=\"Article\" data-gtm-custom-categorie=\"navigation\" data-gtm-custom-action=\"crossclick\" data-gtm-custom-label=\"Contextuel\" data-gtm-event=\"customEventSPE\" data-fig-domain=\"LEFIGARO\" rel=\"nofollow noopener\" target=\"_blank\">l\u2019invasion de la Crim\u00e9e<\/a>\u00a0par l\u2019arm\u00e9e russe. Or, Justin Trudeau n\u2019avait pas encore \u00e9t\u00e9 \u00e9lu \u00e0 la t\u00eate du Canada, alors dirig\u00e9 par le conservateur Stephen Harper.<\/p>\n<p>Provocations<\/p>\n<p class=\"fig-paragraph\">Cette annexion de la r\u00e9gion ukrainienne, ill\u00e9gale au regard du droit international, avait pouss\u00e9 la communaut\u00e9 internationale \u00e0 prendre des sanctions contre la Russie. Angela Merkel, \u00e0 l\u2019\u00e9poque chanceli\u00e8re allemande, avait d\u00e9clar\u00e9 que le contexte g\u00e9opolitique n\u2019\u00e9tait plus propice \u00e0 la participation de la Russie au G8. Barack Obama avait par la suite propos\u00e9 que le sommet annuel se tienne \u00e0 Bruxelles plut\u00f4t \u00e0 Sotchi, en Russie. Cette derni\u00e8re s\u2019\u00e9tait d\u00e9finitivement retir\u00e9e du groupe international en 2017.<\/p>\n<p class=\"fig-paragraph\">Si Donald Trump a condamn\u00e9 l\u2019exclusion de la Russie lors de sa r\u00e9union avec le premier ministre canadien, argumentant que cela ne facilite pas les n\u00e9gociations, le chef d\u2019\u00c9tat am\u00e9ricain n\u2019a pas plaid\u00e9 pour un retour de Vladimir Poutine autour de la table.<\/p>\n<p class=\"fig-paragraph\">Cette attaque de Donald Trump vis\u00e9e contre Justin Trudeau &#8211; qui s\u2019est r\u00e9v\u00e9l\u00e9e \u00eatre une erreur &#8211; s\u2019inscrit dans un contexte de provocations du pr\u00e9sident am\u00e9ricain. \u00c0 peine \u00e9lu en novembre dernier, il avait menac\u00e9 Ottawa de r\u00e9torsions \u00e9conomiques, la principale \u00e9tant cette\u00a0<a href=\"http:\/\/www.lefigaro.fr\/conjoncture\/guerre-tarifaire-comportement-toxique-trump-provoque-deja-une-crise-politique-au-canada-20241220\" data-fig-type=\"Article\" data-gtm-custom-categorie=\"navigation\" data-gtm-custom-action=\"crossclick\" data-gtm-custom-label=\"Contextuel\" data-gtm-event=\"customEventSPE\" data-fig-domain=\"LEFIGARO\" rel=\"nofollow noopener\" target=\"_blank\">hausse de tarifs douaniers de 25%.<\/a>\u00a0Le dirigeant am\u00e9ricain a \u00e9galement r\u00e9p\u00e9t\u00e9 \u00e0 plusieurs reprises vouloir annexer le Canada dans le but d\u2019en faire le \u00ab51e \u00c9tat\u00bb.<\/p>\n","protected":false},"excerpt":{"rendered":"Le pr\u00e9sident am\u00e9ricain a accus\u00e9 Barack Obama et l\u2019ancien premier ministre canadien, Justin Trudeau, d\u2019avoir particip\u00e9 au bannissement&hellip;\n","protected":false},"author":2,"featured_media":183194,"comment_status":"","ping_status":"","sticky":false,"template":"","format":"standard","meta":{"footnotes":""},"categories":[1591],"tags":[259,11,260,75,1887,23564,14,261,12,262,1885,1886,132,135],"class_list":{"0":"post-183193","1":"post","2":"type-post","3":"status-publish","4":"format-standard","5":"has-post-thumbnail","7":"category-russie","8":"tag-actualite-internationale","9":"tag-actualites","10":"tag-affaires-etrangeres","11":"tag-donald-trump","12":"tag-federation-de-russie","13":"tag-g7","14":"tag-international","15":"tag-ministere-des-affaires-etrangeres","16":"tag-news","17":"tag-politique-etrangere","18":"tag-russia","19":"tag-russian-federation","20":"tag-russie","21":"tag-vladimir-poutine"},"share_on_mastodon":{"url":"https:\/\/pubeurope.com\/@fr\/114698421828367006","error":""},"_links":{"self":[{"href":"https:\/\/www.europesays.com\/fr\/wp-json\/wp\/v2\/posts\/183193","targetHints":{"allow":["GET"]}}],"collection":[{"href":"https:\/\/www.europesays.com\/fr\/wp-json\/wp\/v2\/posts"}],"about":[{"href":"https:\/\/www.europesays.com\/fr\/wp-json\/wp\/v2\/types\/post"}],"author":[{"embeddable":true,"href":"https:\/\/www.europesays.com\/fr\/wp-json\/wp\/v2\/users\/2"}],"replies":[{"embeddable":true,"href":"https:\/\/www.europesays.com\/fr\/wp-json\/wp\/v2\/comments?post=183193"}],"version-history":[{"count":0,"href":"https:\/\/www.europesays.com\/fr\/wp-json\/wp\/v2\/posts\/183193\/revisions"}],"wp:featuredmedia":[{"embeddable":true,"href":"https:\/\/www.europesays.com\/fr\/wp-json\/wp\/v2\/media\/183194"}],"wp:attachment":[{"href":"https:\/\/www.europesays.com\/fr\/wp-json\/wp\/v2\/media?parent=183193"}],"wp:term":[{"taxonomy":"category","embeddable":true,"href":"https:\/\/www.europesays.com\/fr\/wp-json\/wp\/v2\/categories?post=183193"},{"taxonomy":"post_tag","embeddable":true,"href":"https:\/\/www.europesays.com\/fr\/wp-json\/wp\/v2\/tags?post=183193"}],"curies":[{"name":"wp","href":"https:\/\/api.w.org\/{rel}","templated":true}]}}