{"id":183197,"date":"2025-06-17T11:17:09","date_gmt":"2025-06-17T11:17:09","guid":{"rendered":"https:\/\/www.europesays.com\/fr\/183197\/"},"modified":"2025-06-17T11:17:09","modified_gmt":"2025-06-17T11:17:09","slug":"brand-usa-relance-la-machine-touristique-avec-america-the-beautiful","status":"publish","type":"post","link":"https:\/\/www.europesays.com\/fr\/183197\/","title":{"rendered":"Brand USA relance la machine touristique avec \u00ab\u00a0America the Beautiful\u00a0\u00bb"},"content":{"rendered":"<p>\t\t\t\t\t Malgr\u00e9 cet \u00e9lan, Brand USA navigue en eaux troubles. Une proposition de budget du S\u00e9nat am\u00e9ricain, port\u00e9e par les R\u00e9publicains, vise \u00e0 r\u00e9duire de 100 \u00e0 20 millions de dollars le financement f\u00e9d\u00e9ral accord\u00e9 \u00e0 l\u2019agence. Un coup dur potentiel, qui pourrait remettre en cause sa capacit\u00e9 \u00e0 maintenir ses efforts de promotion au-del\u00e0 de 2025.<\/p>\n<p>Cr\u00e9\u00e9e en 2010, Brand USA est un organisme public-priv\u00e9, financ\u00e9 \u00e0 la fois par les frais d\u2019inscription des visiteurs \u00e9trangers et des contributions du gouvernement. Si elle dispose aujourd\u2019hui des fonds n\u00e9cessaires pour lancer \u00ab America the Beautiful \u00bb, l\u2019avenir de ses campagnes d\u00e9pendra largement des arbitrages budg\u00e9taires \u00e0 venir. Des coupes importantes impacteraient non seulement ses actions marketing, mais aussi ses effectifs.&#13;\t\t\t\t\t <\/p>\n<p>Un paradoxe de taille, alors m\u00eame que l\u2019administration Trump a exprim\u00e9 son souhait de faire de la Coupe du Monde 2026 un \u00e9v\u00e9nement phare du soft power am\u00e9ricain. US Travel, de son c\u00f4t\u00e9, souligne l\u2019urgence de moderniser les infrastructures et les processus d\u2019accueil pour faire face \u00e0 l\u2019afflux attendu de visiteurs. Des pistes sont \u00e9voqu\u00e9es, comme l\u2019augmentation des frais pour les visas acc\u00e9l\u00e9r\u00e9s, mais elles pourraient \u00e0 leur tour d\u00e9courager certains voyageurs.&#13;\t\t\t\t\t <\/p>\n<p>En r\u00e9sum\u00e9, les \u00c9tats-Unis envoient un message d\u2019ouverture\u2026 mais pourraient bient\u00f4t manquer de moyens pour le diffuser.&#13;\t\t\t\t\t <\/p>\n","protected":false},"excerpt":{"rendered":"Malgr\u00e9 cet \u00e9lan, Brand USA navigue en eaux troubles. Une proposition de budget du S\u00e9nat am\u00e9ricain, port\u00e9e par&hellip;\n","protected":false},"author":2,"featured_media":183198,"comment_status":"","ping_status":"","sticky":false,"template":"","format":"standard","meta":{"footnotes":""},"categories":[1589],"tags":[11,3929,73,1866,12,1864,1865,1863,308],"class_list":{"0":"post-183197","1":"post","2":"type-post","3":"status-publish","4":"format-standard","5":"has-post-thumbnail","7":"category-etats-unis","8":"tag-actualites","9":"tag-brand-usa","10":"tag-etats-unis","11":"tag-etats-unis-damerique","12":"tag-news","13":"tag-united-states","14":"tag-united-states-of-america","15":"tag-us","16":"tag-usa"},"share_on_mastodon":{"url":"https:\/\/pubeurope.com\/@fr\/114698429682659016","error":""},"_links":{"self":[{"href":"https:\/\/www.europesays.com\/fr\/wp-json\/wp\/v2\/posts\/183197","targetHints":{"allow":["GET"]}}],"collection":[{"href":"https:\/\/www.europesays.com\/fr\/wp-json\/wp\/v2\/posts"}],"about":[{"href":"https:\/\/www.europesays.com\/fr\/wp-json\/wp\/v2\/types\/post"}],"author":[{"embeddable":true,"href":"https:\/\/www.europesays.com\/fr\/wp-json\/wp\/v2\/users\/2"}],"replies":[{"embeddable":true,"href":"https:\/\/www.europesays.com\/fr\/wp-json\/wp\/v2\/comments?post=183197"}],"version-history":[{"count":0,"href":"https:\/\/www.europesays.com\/fr\/wp-json\/wp\/v2\/posts\/183197\/revisions"}],"wp:featuredmedia":[{"embeddable":true,"href":"https:\/\/www.europesays.com\/fr\/wp-json\/wp\/v2\/media\/183198"}],"wp:attachment":[{"href":"https:\/\/www.europesays.com\/fr\/wp-json\/wp\/v2\/media?parent=183197"}],"wp:term":[{"taxonomy":"category","embeddable":true,"href":"https:\/\/www.europesays.com\/fr\/wp-json\/wp\/v2\/categories?post=183197"},{"taxonomy":"post_tag","embeddable":true,"href":"https:\/\/www.europesays.com\/fr\/wp-json\/wp\/v2\/tags?post=183197"}],"curies":[{"name":"wp","href":"https:\/\/api.w.org\/{rel}","templated":true}]}}