{"id":183205,"date":"2025-06-17T11:21:09","date_gmt":"2025-06-17T11:21:09","guid":{"rendered":"https:\/\/www.europesays.com\/fr\/183205\/"},"modified":"2025-06-17T11:21:09","modified_gmt":"2025-06-17T11:21:09","slug":"lue-noffre-pas-un-accord-commercial-equitable-dit-trump","status":"publish","type":"post","link":"https:\/\/www.europesays.com\/fr\/183205\/","title":{"rendered":"L&rsquo;UE n&rsquo;offre pas un accord commercial \u00e9quitable, dit Trump"},"content":{"rendered":"<p>\u00ab\u00a0Nous discutons, mais je n&rsquo;ai pas l&rsquo;impression qu&rsquo;ils proposent un accord \u00e9quitable pour l&rsquo;instant\u00a0\u00bb, a d\u00e9clar\u00e9 Donald Trump \u00e0 des journalistes depuis l&rsquo;avion Air Force One alors qu&rsquo;il se rendait \u00e0 Washington apr\u00e8s avoir quitt\u00e9 de fa\u00e7on pr\u00e9matur\u00e9 le sommet du G7 au Canada. <\/p>\n<p>\u00ab\u00a0Soit ils concluent un bon accord, soit ils paient ce que nous leur demandons de payer\u00a0\u00bb, a-t-il ajout\u00e9.  <\/p>\n<p>Le 9 avril, Donald Trump a suspendu pour 90 jours l&rsquo;instauration de droits de douane dits \u00ab\u00a0r\u00e9ciproques\u00a0\u00bb visant des dizaines de partenaires commerciaux, dont l&rsquo;UE, afin de parvenir \u00e0 des accords tarifaires.<\/p>\n<p>Lundi, le journal allemand Handelsblatt a rapport\u00e9 que l&rsquo;UE \u00e9tait pr\u00eate \u00e0 accepter \u00e0 certaines conditions un droit de douane am\u00e9ricain de 10% sur ses exportations, une information qualifi\u00e9e par la suite de \u00ab\u00a0sp\u00e9culative\u00a0\u00bb par la Commission europ\u00e9enne. <\/p>\n<p>Donald Trump a par ailleurs jug\u00e9 que le Japon, qui tente \u00e9galement de nouer un accord commercial avec Washington \u00e9tait \u00ab\u00a0dur\u00a0\u00bb dans les n\u00e9gociations. <\/p>\n<p>\u00ab\u00a0Ils sont durs, les Japonais sont durs, mais en fin de compte, vous devez comprendre que nous allons simplement envoyer une lettre disant &lsquo;voil\u00e0 ce que vous allez payer, sinon vous n&rsquo;\u00eates pas oblig\u00e9s de faire des affaires avec nous&rsquo;. Mais il y a une chance\u00a0\u00bb, a-t-il dit.<\/p>\n<p> (R\u00e9dig\u00e9 par Jeff Mason et Kanishka Singh, version fran\u00e7aise Elena Smirnova, \u00e9dit\u00e9 par Blandine H\u00e9nault)<\/p>\n","protected":false},"excerpt":{"rendered":"\u00ab\u00a0Nous discutons, mais je n&rsquo;ai pas l&rsquo;impression qu&rsquo;ils proposent un accord \u00e9quitable pour l&rsquo;instant\u00a0\u00bb, a d\u00e9clar\u00e9 Donald Trump&hellip;\n","protected":false},"author":2,"featured_media":183206,"comment_status":"","ping_status":"","sticky":false,"template":"","format":"standard","meta":{"footnotes":""},"categories":[1586],"tags":[11,2125,1777,674,1779,1011,27,2124,12,25,1778,364],"class_list":{"0":"post-183205","1":"post","2":"type-post","3":"status-publish","4":"format-standard","5":"has-post-thumbnail","7":"category-europe","8":"tag-actualites","9":"tag-depeches-reuters","10":"tag-eu","11":"tag-europe","12":"tag-european-union","13":"tag-fr","14":"tag-france","15":"tag-infos-reuters","16":"tag-news","17":"tag-republique-francaise","18":"tag-ue","19":"tag-union-europeenne"},"share_on_mastodon":{"url":"https:\/\/pubeurope.com\/@fr\/114698445362251090","error":""},"_links":{"self":[{"href":"https:\/\/www.europesays.com\/fr\/wp-json\/wp\/v2\/posts\/183205","targetHints":{"allow":["GET"]}}],"collection":[{"href":"https:\/\/www.europesays.com\/fr\/wp-json\/wp\/v2\/posts"}],"about":[{"href":"https:\/\/www.europesays.com\/fr\/wp-json\/wp\/v2\/types\/post"}],"author":[{"embeddable":true,"href":"https:\/\/www.europesays.com\/fr\/wp-json\/wp\/v2\/users\/2"}],"replies":[{"embeddable":true,"href":"https:\/\/www.europesays.com\/fr\/wp-json\/wp\/v2\/comments?post=183205"}],"version-history":[{"count":0,"href":"https:\/\/www.europesays.com\/fr\/wp-json\/wp\/v2\/posts\/183205\/revisions"}],"wp:featuredmedia":[{"embeddable":true,"href":"https:\/\/www.europesays.com\/fr\/wp-json\/wp\/v2\/media\/183206"}],"wp:attachment":[{"href":"https:\/\/www.europesays.com\/fr\/wp-json\/wp\/v2\/media?parent=183205"}],"wp:term":[{"taxonomy":"category","embeddable":true,"href":"https:\/\/www.europesays.com\/fr\/wp-json\/wp\/v2\/categories?post=183205"},{"taxonomy":"post_tag","embeddable":true,"href":"https:\/\/www.europesays.com\/fr\/wp-json\/wp\/v2\/tags?post=183205"}],"curies":[{"name":"wp","href":"https:\/\/api.w.org\/{rel}","templated":true}]}}