{"id":183211,"date":"2025-06-17T11:24:10","date_gmt":"2025-06-17T11:24:10","guid":{"rendered":"https:\/\/www.europesays.com\/fr\/183211\/"},"modified":"2025-06-17T11:24:10","modified_gmt":"2025-06-17T11:24:10","slug":"stade-de-france-pour-letat-la-concession-au-groupe-gl-events-pour-30-ans-est-une-avancee-majeure","status":"publish","type":"post","link":"https:\/\/www.europesays.com\/fr\/183211\/","title":{"rendered":"Stade de France\u00a0: pour l\u2019\u00c9tat, la concession au groupe GL Events pour 30\u00a0ans est \u00ab une avanc\u00e9e majeure \u00bb"},"content":{"rendered":"<p class=\"paragraph text_align_left\">L\u2019avenir du <a href=\"https:\/\/www.leparisien.fr\/seine-saint-denis-93\/saint-denis-93200\/stade-de-france\/\" target=\"_blank\" rel=\"noreferrer noopener\">Stade de France<\/a> est scell\u00e9. La ministre des Sports Marie Barsacq et le ministre de l\u2019\u00c9conomie \u00c9ric Lombard ont paraph\u00e9<b> <\/b>ce lundi le contrat de concession portant sur l\u2019exploitation et la modernisation de l\u2019antre de Saint-Denis <a href=\"https:\/\/www.leparisien.fr\/sports\/stade-de-france-nouveau-gestionnaire-gl-events-promet-une-periode-de-passation-sereine-et-efficace-12-06-2025-O2G5LXWFAFAIHFITHCBE4EUHOI.php\" target=\"_blank\" rel=\"noreferrer noopener\">au groupe GL Events Venues<\/a> pour une dur\u00e9e de trente ans.<\/p>\n<p class=\"paragraph text_align_left\">\u00ab La<b> <\/b>signature de ce contrat constitue une avanc\u00e9e majeure pour la p\u00e9rennit\u00e9 et le rayonnement du Stade de France, explique Marie Barsacq dans un communiqu\u00e9. C\u2019est un \u00e9quipement embl\u00e9matique pour le sport fran\u00e7ais, il symbolise la passion collective et notre excellence sportive. Le Stade de France va rester un lieu privil\u00e9gi\u00e9 pour accueillir les plus grandes comp\u00e9titions nationales et internationales. \u00bb<\/p>\n<p>Des investissements importants sont pr\u00e9vus<\/p>\n<p class=\"paragraph text_align_left\">Un nouveau contrat qui a pour objectif le renforcement de l\u2019attractivit\u00e9 et du dynamisme de l\u2019enceinte dyonisienne, dont l\u2019\u00c9tat veut \u00e9galement faire l\u2019un des principaux acteurs de la transition \u00e9cologique en France. En outre, des investissements importants sont pr\u00e9vus par le concessionnaire pour r\u00e9aliser des \u00ab travaux de modernisation, d\u2019accessibilit\u00e9 et d\u2019optimisation \u00e9nerg\u00e9tique \u00bb.<\/p>\n<p class=\"paragraph text_align_left\">\u00ab Le Stade de France fait partie de ces rares lieux qui vibrent dans notre m\u00e9moire \u00e0 tous. Il a accueilli les plus beaux exploits sportifs, r\u00e9uni les foules pour des concerts l\u00e9gendaires et doit continuer de le faire. La nouvelle concession du Stade de France t\u00e9moigne cette volont\u00e9 de l\u2019\u00c9tat que l\u2019histoire du stade continue de s\u2019\u00e9crire, dans un mod\u00e8le de gestion performant, durable et autonome \u00bb, ajoute \u00c9ric Lombard.<\/p>\n","protected":false},"excerpt":{"rendered":"L\u2019avenir du Stade de France est scell\u00e9. La ministre des Sports Marie Barsacq et le ministre de l\u2019\u00c9conomie&hellip;\n","protected":false},"author":2,"featured_media":183212,"comment_status":"","ping_status":"","sticky":false,"template":"","format":"standard","meta":{"footnotes":""},"categories":[4],"tags":[11,27345,63,1011,27,12,316,25,60],"class_list":{"0":"post-183211","1":"post","2":"type-post","3":"status-publish","4":"format-standard","5":"has-post-thumbnail","7":"category-france","8":"tag-actualites","9":"tag-equipe_france_foot","10":"tag-football","11":"tag-fr","12":"tag-france","13":"tag-news","14":"tag-politique","15":"tag-republique-francaise","16":"tag-sports"},"share_on_mastodon":{"url":"https:\/\/pubeurope.com\/@fr\/114698457087598093","error":""},"_links":{"self":[{"href":"https:\/\/www.europesays.com\/fr\/wp-json\/wp\/v2\/posts\/183211","targetHints":{"allow":["GET"]}}],"collection":[{"href":"https:\/\/www.europesays.com\/fr\/wp-json\/wp\/v2\/posts"}],"about":[{"href":"https:\/\/www.europesays.com\/fr\/wp-json\/wp\/v2\/types\/post"}],"author":[{"embeddable":true,"href":"https:\/\/www.europesays.com\/fr\/wp-json\/wp\/v2\/users\/2"}],"replies":[{"embeddable":true,"href":"https:\/\/www.europesays.com\/fr\/wp-json\/wp\/v2\/comments?post=183211"}],"version-history":[{"count":0,"href":"https:\/\/www.europesays.com\/fr\/wp-json\/wp\/v2\/posts\/183211\/revisions"}],"wp:featuredmedia":[{"embeddable":true,"href":"https:\/\/www.europesays.com\/fr\/wp-json\/wp\/v2\/media\/183212"}],"wp:attachment":[{"href":"https:\/\/www.europesays.com\/fr\/wp-json\/wp\/v2\/media?parent=183211"}],"wp:term":[{"taxonomy":"category","embeddable":true,"href":"https:\/\/www.europesays.com\/fr\/wp-json\/wp\/v2\/categories?post=183211"},{"taxonomy":"post_tag","embeddable":true,"href":"https:\/\/www.europesays.com\/fr\/wp-json\/wp\/v2\/tags?post=183211"}],"curies":[{"name":"wp","href":"https:\/\/api.w.org\/{rel}","templated":true}]}}