{"id":183219,"date":"2025-06-17T11:31:10","date_gmt":"2025-06-17T11:31:10","guid":{"rendered":"https:\/\/www.europesays.com\/fr\/183219\/"},"modified":"2025-06-17T11:31:10","modified_gmt":"2025-06-17T11:31:10","slug":"a-quelle-heure-et-sur-quelle-chaine-suivre-le-3e-match-des-bleus-a-leuro-espoirs","status":"publish","type":"post","link":"https:\/\/www.europesays.com\/fr\/183219\/","title":{"rendered":"\u00e0 quelle heure et sur quelle cha\u00eene suivre le 3e match des Bleus \u00e0 l\u2019Euro Espoirs ?"},"content":{"rendered":"<p>Les Bleus de moins de 21 ans terminent la phase de poules l\u2019Euro Espoirs ce mardi apr\u00e8s-midi face \u00e0 la Pologne. Les joueurs de G\u00e9rald Baticle visent la premi\u00e8re place de leur groupe.<\/p>\n<p class=\"fig-paragraph\">Apr\u00e8s avoir arrach\u00e9 la\u00a0<a href=\"http:\/\/www.lefigaro.fr\/sports\/football\/equipe-de-france\/foot-renversants-les-bleuets-s-en-sortent-face-a-la-georgie-a-l-euro-espoirs-20250614\" data-fig-type=\"NewsFlash\" data-gtm-custom-categorie=\"navigation\" data-gtm-custom-action=\"crossclick\" data-gtm-custom-label=\"Contextuel\" data-gtm-event=\"customEventSPE\" data-fig-domain=\"LEFIGARO\" target=\"_blank\" rel=\"noopener\">victoire face \u00e0 la G\u00e9orgie<\/a>\u00a0en marquant deux buts \u00e0 la 90e et 104e minute (2-1), les Bleuets s\u2019attaquent \u00e0 la Pologne pour tenter d\u2019assurer leur place en huiti\u00e8mes de finale. Lors du premier match de poules, ils avaient conc\u00e9d\u00e9 le\u00a0<a href=\"http:\/\/www.lefigaro.fr\/sports\/football\/equipe-de-france\/euro-espoirs-de-foot-les-bleuets-se-contentent-d-un-match-nul-sans-saveur-face-au-portugal-20250611\" data-fig-type=\"NewsFlash\" data-gtm-custom-categorie=\"navigation\" data-gtm-custom-action=\"crossclick\" data-gtm-custom-label=\"Contextuel\" data-gtm-event=\"customEventSPE\" data-fig-domain=\"LEFIGARO\" target=\"_blank\" rel=\"noopener\">nul contre les Portugais<\/a>, avec qui ils se retrouvent \u00e0 \u00e9galit\u00e9 en t\u00eate du groupe avec 4 points. La Sele\u00e7ao est devant gr\u00e2ce \u00e0 une meilleure diff\u00e9rence de buts.<\/p>\n<p class=\"fig-paragraph\">Un nouveau sc\u00e9nario fou pourrait voir le jour face \u00e0 une Pologne bonne derni\u00e8re du groupe qui veut sauver l\u2019honneur. La rencontre sera \u00e0 suivre sur Bein Sport 1 et en clair sur W9 \u00e0 18h ce mardi. Elle sera \u00e9galement comment\u00e9e en live sur notre site.<\/p>\n","protected":false},"excerpt":{"rendered":"Les Bleus de moins de 21 ans terminent la phase de poules l\u2019Euro Espoirs ce mardi apr\u00e8s-midi face&hellip;\n","protected":false},"author":2,"featured_media":183220,"comment_status":"","ping_status":"","sticky":false,"template":"","format":"standard","meta":{"footnotes":""},"categories":[1412],"tags":[454,69,448,83,451,64,450,449,1451,1452,1453,1454,1455,1011,27,452,453,66,446,447,2437,70,60,455],"class_list":{"0":"post-183219","1":"post","2":"type-post","3":"status-publish","4":"format-standard","5":"has-post-thumbnail","7":"category-f1","8":"tag-ballon-dor","9":"tag-bundesliga","10":"tag-champions-league","11":"tag-coupe-de-france","12":"tag-coupe-du-monde","13":"tag-equipe-de-france","14":"tag-euro","15":"tag-europa-league","16":"tag-f1","17":"tag-formula-1","18":"tag-formula1","19":"tag-formule-1","20":"tag-formule1","21":"tag-fr","22":"tag-france","23":"tag-italie","24":"tag-liga","25":"tag-ligue-1","26":"tag-ligue-2","27":"tag-ligue-des-champions","28":"tag-pologne","29":"tag-premier-league","30":"tag-sports","31":"tag-uefa"},"share_on_mastodon":{"url":"https:\/\/pubeurope.com\/@fr\/114698484712611586","error":""},"_links":{"self":[{"href":"https:\/\/www.europesays.com\/fr\/wp-json\/wp\/v2\/posts\/183219","targetHints":{"allow":["GET"]}}],"collection":[{"href":"https:\/\/www.europesays.com\/fr\/wp-json\/wp\/v2\/posts"}],"about":[{"href":"https:\/\/www.europesays.com\/fr\/wp-json\/wp\/v2\/types\/post"}],"author":[{"embeddable":true,"href":"https:\/\/www.europesays.com\/fr\/wp-json\/wp\/v2\/users\/2"}],"replies":[{"embeddable":true,"href":"https:\/\/www.europesays.com\/fr\/wp-json\/wp\/v2\/comments?post=183219"}],"version-history":[{"count":0,"href":"https:\/\/www.europesays.com\/fr\/wp-json\/wp\/v2\/posts\/183219\/revisions"}],"wp:featuredmedia":[{"embeddable":true,"href":"https:\/\/www.europesays.com\/fr\/wp-json\/wp\/v2\/media\/183220"}],"wp:attachment":[{"href":"https:\/\/www.europesays.com\/fr\/wp-json\/wp\/v2\/media?parent=183219"}],"wp:term":[{"taxonomy":"category","embeddable":true,"href":"https:\/\/www.europesays.com\/fr\/wp-json\/wp\/v2\/categories?post=183219"},{"taxonomy":"post_tag","embeddable":true,"href":"https:\/\/www.europesays.com\/fr\/wp-json\/wp\/v2\/tags?post=183219"}],"curies":[{"name":"wp","href":"https:\/\/api.w.org\/{rel}","templated":true}]}}