{"id":183223,"date":"2025-06-17T11:33:10","date_gmt":"2025-06-17T11:33:10","guid":{"rendered":"https:\/\/www.europesays.com\/fr\/183223\/"},"modified":"2025-06-17T11:33:10","modified_gmt":"2025-06-17T11:33:10","slug":"je-suis-un-milieu-de-terrain-travailleur-lasse-officialise-larrivee-de-jaber-le-dauphine-libere","status":"publish","type":"post","link":"https:\/\/www.europesays.com\/fr\/183223\/","title":{"rendered":"\u00ab Je suis un milieu de terrain travailleur \u00bb : l&#039;ASSE officialise l&#039;arriv\u00e9e de Jaber &#8211; Le Dauphin\u00e9 Lib\u00e9r\u00e9"},"content":{"rendered":"<ol>\n<li><a href=\"https:\/\/news.google.com\/rss\/articles\/CBMivwFBVV95cUxOQzkwQzN0aENiYWswdHhqMzllX1BzTVZBV25NSGxqMmUtOUZLOUJndGNMVU15b1UwRlkwa1BJcnpiZ05TNU14YlpiakxLc0NodjdWeF91dzhoR1NWVVRYdUpNSEJkOEx0eXNlbnkxZmNMY19zMWJEYWFfQTdCeGE0NGtydjMwd2p4elJKVGFQdy1leUNqSzRBbE5XTXdIMlNBck1WT1NpZGFpTTg0MlB6RndyUm9DdzFQcmRRUGVHaw?oc=5\" target=\"_blank\" rel=\"noopener\">\u00ab Je suis un milieu de terrain travailleur \u00bb : l&rsquo;ASSE officialise l&rsquo;arriv\u00e9e de Jaber<\/a>&nbsp;&nbsp;Le Dauphin\u00e9 Lib\u00e9r\u00e9<\/li>\n<li><a href=\"https:\/\/news.google.com\/rss\/articles\/CBMivAFBVV95cUxPOGh3NmdIVzg2WDRKRVVsT0VBekFJWG1hNFhRMVQ5dzU3aHVkdFJLel9lUzltSXJzUWFQTDFFME1RbnZXNzlNbGtZMXY2Z0ZWeHE3VVZYcF9RakhpcjFNWnA0ellpYkd3ZVNmZm1pTjFGY2RhWlBmbFF5R0NwdlJnbmN2a0E4WkpoaHVLMW4xNDJPc2J5WmU4RDVNakw1MmlPZjdyUTRwaE5YeG5nMDFIWVVmNklCVFZ6UGhYQQ?oc=5\" target=\"_blank\" rel=\"noopener\">Mercato : Mahmoud Jaber s&rsquo;engage officiellement avec l&rsquo;AS Saint-\u00c9tienne<\/a>&nbsp;&nbsp;L&rsquo;\u00c9quipe<\/li>\n<li><a href=\"https:\/\/news.google.com\/rss\/articles\/CBMiowFBVV95cUxPVjkxNVVOM1ZuT3lSbldnOUEzZWlUSHA4T1d6X0tCY3dSekdKemdsOFpVdlQ2VmN3bDVoVXhtTnhxS3d1NExBY2FIRlF0SV9ST21IVHN2eTRPWFhMVXhSTlROY0ZPS3ZpYUNoMVZoLWxjMDk2M3NScFQ2MlZFTDZkVDFubEVnbU5oZmFNb3FDUHJhNExHMnlBNTVDbkE5VFVvV1I0?oc=5\" target=\"_blank\" rel=\"noopener\">ASSE : Saint-Etienne tente un coup g\u00e9nial en Angleterre<\/a>&nbsp;&nbsp;Foot01<\/li>\n<li><a href=\"https:\/\/news.google.com\/rss\/articles\/CBMiogFBVV95cUxNV3dSVjFmTW9MdTJPMmNoWUE2blZwSWFWUUJ4cldlUS1rUTViM1BEOFhHdWlPTVBnU1IxanR0aTktV3NrNG56ZWoxVUNiT3dDMGJxMlZQRWVqYnpWWjFGaC0yYUlLQ0d2VUNINjZjd2dKVzgtQ0FydGNkbGlpanlSU2U0RUFNNTc0YmNmYUdDSHgydEpnOWxKaXdtRFJPbEMwZkE?oc=5\" target=\"_blank\" rel=\"noopener\">Mercato &#8211; Petit contretemps pour Mahmoud Jaber &#8211; ASSE<\/a>&nbsp;&nbsp;EVECT.fr<\/li>\n<li><a href=\"https:\/\/news.google.com\/rss\/articles\/CBMiggFBVV95cUxOZzFrd3FKbklCZV9FX0VBci1HdDRucDU4M3hJZ2VXd0t5RzZfMkp3MHRsZk9TTTEtZFF4bEhnZFlGY2tVN1hPTFliVy03RnRRcmhCRmZXcXJsQTNlalpVbFBSUUNnUmtPSkNYT2ZtMTV0OXBQY1duOHZTRGVqZkQ3TmlR?oc=5\" target=\"_blank\" rel=\"noopener\">Communiqu\u00e9 officiel : Mahmoud Jaber, premier renfort estival<\/a>&nbsp;&nbsp;ASSE<\/li>\n<\/ol>\n","protected":false},"excerpt":{"rendered":"\u00ab Je suis un milieu de terrain travailleur \u00bb : l&rsquo;ASSE officialise l&rsquo;arriv\u00e9e de Jaber&nbsp;&nbsp;Le Dauphin\u00e9 Lib\u00e9r\u00e9 Mercato&hellip;\n","protected":false},"author":2,"featured_media":183224,"comment_status":"","ping_status":"","sticky":false,"template":"","format":"standard","meta":{"footnotes":""},"categories":[1410],"tags":[9443,1701,63,1011,27,12636,3367,23100,517,1947,60],"class_list":{"0":"post-183223","1":"post","2":"type-post","3":"status-publish","4":"format-standard","5":"has-post-thumbnail","7":"category-football","8":"tag-asse-as-saint-etienne","9":"tag-fil-info-sport","10":"tag-football","11":"tag-fr","12":"tag-france","13":"tag-ligue-2-football","14":"tag-loire","15":"tag-mercato-football","16":"tag-sport","17":"tag-sport-national","18":"tag-sports"},"share_on_mastodon":{"url":"https:\/\/pubeurope.com\/@fr\/114698492589245752","error":""},"_links":{"self":[{"href":"https:\/\/www.europesays.com\/fr\/wp-json\/wp\/v2\/posts\/183223","targetHints":{"allow":["GET"]}}],"collection":[{"href":"https:\/\/www.europesays.com\/fr\/wp-json\/wp\/v2\/posts"}],"about":[{"href":"https:\/\/www.europesays.com\/fr\/wp-json\/wp\/v2\/types\/post"}],"author":[{"embeddable":true,"href":"https:\/\/www.europesays.com\/fr\/wp-json\/wp\/v2\/users\/2"}],"replies":[{"embeddable":true,"href":"https:\/\/www.europesays.com\/fr\/wp-json\/wp\/v2\/comments?post=183223"}],"version-history":[{"count":0,"href":"https:\/\/www.europesays.com\/fr\/wp-json\/wp\/v2\/posts\/183223\/revisions"}],"wp:featuredmedia":[{"embeddable":true,"href":"https:\/\/www.europesays.com\/fr\/wp-json\/wp\/v2\/media\/183224"}],"wp:attachment":[{"href":"https:\/\/www.europesays.com\/fr\/wp-json\/wp\/v2\/media?parent=183223"}],"wp:term":[{"taxonomy":"category","embeddable":true,"href":"https:\/\/www.europesays.com\/fr\/wp-json\/wp\/v2\/categories?post=183223"},{"taxonomy":"post_tag","embeddable":true,"href":"https:\/\/www.europesays.com\/fr\/wp-json\/wp\/v2\/tags?post=183223"}],"curies":[{"name":"wp","href":"https:\/\/api.w.org\/{rel}","templated":true}]}}