{"id":183227,"date":"2025-06-17T11:35:10","date_gmt":"2025-06-17T11:35:10","guid":{"rendered":"https:\/\/www.europesays.com\/fr\/183227\/"},"modified":"2025-06-17T11:35:10","modified_gmt":"2025-06-17T11:35:10","slug":"le-musee-le-plus-visite-du-monde-est-reste-temporairement-inaccessible-en-raison-dun-mouvement-social","status":"publish","type":"post","link":"https:\/\/www.europesays.com\/fr\/183227\/","title":{"rendered":"Le mus\u00e9e le plus visit\u00e9 du monde est rest\u00e9 temporairement inaccessible en raison d\u2019un mouvement social"},"content":{"rendered":"<p>Les visiteurs ont d\u00fb prendre leur mal en patience\u00a0: le <a href=\"https:\/\/www.20minutes.fr\/dossier\/louvre\" class=\"color-ultramarine c-link\" target=\"_blank\" rel=\"noopener\">mus\u00e9e du Louvre<\/a> est rest\u00e9 inaccessible pendant plusieurs heures le lundi 16\u00a0juin 2025 au matin en raison d\u2019un <a href=\"https:\/\/www.20minutes.fr\/dossier\/mouvement_social\" class=\"color-ultramarine c-link\" target=\"_blank\" rel=\"noopener\">mouvement social<\/a> spontan\u00e9 des agents d\u2019accueil d\u00e9non\u00e7ant <a href=\"https:\/\/www.20minutes.fr\/production\/4157109-20250610-surtourisme-si-allait-voir-ailleurs\" class=\"color-ultramarine c-link\" target=\"_blank\" rel=\"noopener\">le surtourisme<\/a> et la d\u00e9gradation de leurs conditions de travail, a indiqu\u00e9 \u00e0 l\u2019AFP l\u2019institution et le syndicat CGT Culture.<\/p>\n<\/p>\n<p>Le <a href=\"https:\/\/www.20minutes.fr\/diaporama\/diaporama-4136071-musees-plus-visites-monde-2024\" class=\"color-ultramarine c-link\" target=\"_blank\" rel=\"noopener\">mus\u00e9e le plus visit\u00e9 au monde<\/a> n\u2019a pu ouvrir qu\u2019aux alentours de 14h30, selon une porte-parole du Louvre, des images sur les <a href=\"https:\/\/www.20minutes.fr\/dossier\/reseaux_sociaux\" class=\"color-ultramarine c-link\" target=\"_blank\" rel=\"noopener\">r\u00e9seaux sociaux<\/a> montrant des hordes de touristes faisant la queue, parfois assis \u00e0 m\u00eame le sol, dans l\u2019incompr\u00e9hension.<\/p>\n<p>Surfr\u00e9quentation vs sous-effectif<\/p>\n<p>Les agents d\u2019accueil et de surveillance protestaient contre \u00ab\u00a0la surfr\u00e9quentation\u00a0\u00bb du mus\u00e9e et les <a href=\"https:\/\/www.20minutes.fr\/arts-stars\/culture\/2527151-20190527-musee-louvre-ferme-lundi-denoncer-sous-effectif-face-hyper-frequentation\" class=\"color-ultramarine c-link\" target=\"_blank\" rel=\"noopener\">probl\u00e8mes de \u00ab\u00a0sous-effectif\u00a0\u00bb<\/a>, a indiqu\u00e9 \u00e0 l\u2019AFP Christian Galani, membre du bureau national de la CGT Culture, dont il est le repr\u00e9sentant au Louvre.<\/p>\n<p>R\u00e9unis pour une \u00ab\u00a0heure mensuelle d\u2019information syndicale\u00a0\u00bb \u00e0 l\u2019initiative du syndicat Sud Culture Solidaires, les employ\u00e9s ont refus\u00e9 de rejoindre leur poste tant que la direction ne prenait pas connaissance de leurs dol\u00e9ances.<\/p>\n<p>\u00ab\u00a0En l\u2019espace de 15 ans, nous avons perdu environ 200 emplois en \u00e9quivalent temps plein\u00a0\u00bb, a d\u00e9plor\u00e9 M. Galani, qui a aussi point\u00e9 des \u00ab\u00a0conditions de visite d\u00e9grad\u00e9es\u00a0\u00bb pour le public.<\/p>\n<p>Affluence \u00e9norme<\/p>\n<p>L\u2019engouement des visiteurs \u2013 20.000 admirent chaque jour la <a href=\"https:\/\/www.20minutes.fr\/arts-stars\/culture\/4090768-20240513-geologue-pense-avoir-perce-mystere-arriere-plan-joconde\" class=\"color-ultramarine c-link\" target=\"_blank\" rel=\"noopener\">Joconde de L\u00e9onard de Vinci<\/a> \u2013 g\u00eane en effet souvent les conditions de visite des espaces environnants, \u00e0 commencer par les <a href=\"https:\/\/www.20minutes.fr\/arts-stars\/culture\/4136616-20250201-musee-louvre-titien-veronese-peintures-va-beneficier-demenagement-joconde\" class=\"color-ultramarine c-link\" target=\"_blank\" rel=\"noopener\">Noces de Cana de V\u00e9ron\u00e8se<\/a>, accroch\u00e9 dans la m\u00eame salle des Etats. L\u2019institution a en principe une jauge limit\u00e9e \u00e0 30.000 visiteurs quotidiens.<\/p>\n<p>Le Louvre a accueilli en tout pr\u00e8s de 9\u00a0millions de personnes en\u00a02024, dont 80\u00a0% de touristes \u00e9trangers, devant le <a href=\"https:\/\/www.20minutes.fr\/monde\/royaume-uni\/4135498-20250125-royaume-uni-british-museum-partiellement-ferme-apres-attaque-systemes-informatiques-ex-employe\" class=\"color-ultramarine c-link\" target=\"_blank\" rel=\"noopener\">British Museum<\/a>, les mus\u00e9es du Vatican et le <a href=\"https:\/\/www.20minutes.fr\/culture\/2012139-20170211-metropolitan-museum-of-art-met-375000-uvres-libre-telechargement\" class=\"color-ultramarine c-link\" target=\"_blank\" rel=\"noopener\">Met \u00e0 New York<\/a>.<\/p>\n<p>Un grand plan de r\u00e9novation<\/p>\n<p>La pr\u00e9sidente-directrice du mus\u00e9e du Louvre, <a href=\"https:\/\/www.20minutes.fr\/arts-stars\/culture\/3048395-20210526-laurence-cars-future-presidente-musee-louvre\" class=\"color-ultramarine c-link\" target=\"_blank\" rel=\"noopener\">Laurence des Cars<\/a>, avait ainsi tir\u00e9 la sonnette d\u2019alarme en janvier\u00a02025, d\u00e9crivant une institution v\u00e9tuste confront\u00e9e entre autres \u00e0 des probl\u00e8mes d\u2019infiltration d\u2019eau et de temp\u00e9rature dans les salles pour la conservation des \u0153uvres.<\/p>\n<p>En r\u00e9ponse, le pr\u00e9sident <a href=\"https:\/\/www.20minutes.fr\/politique\/emmanuel-macron\/\" class=\"color-ultramarine c-link\" target=\"_blank\" rel=\"noopener\">Emmanuel Macron<\/a> avait annonc\u00e9 un <a href=\"https:\/\/www.20minutes.fr\/arts-stars\/culture\/4135974-20250128-musee-louvre-nouvelle-grande-entree-joconde-isolee-macron-annonce-grandes-transformations\" class=\"color-ultramarine c-link\" target=\"_blank\" rel=\"noopener\">projet de r\u00e9novation colossal<\/a>, dont le co\u00fbt est \u00e9valu\u00e9 \u00e0 environ 700 \u00e0 800\u00a0millions d\u2019euros sur une dizaine d\u2019ann\u00e9es, d\u2019apr\u00e8s son entourage.<\/p>\n<p><a href=\"https:\/\/www.20minutes.fr\/dossier\/louvre\" class=\"c-link c-btn c-btn--primary\" target=\"_blank\" rel=\"noopener\">Notre dossier \u00ab Mus\u00e9e du Louvre \u00bb<\/a><\/p>\n<p>Baptis\u00e9 \u00ab\u00a0<a href=\"https:\/\/www.elysee.fr\/emmanuel-macron\/2025\/01\/28\/pour-la-nouvelle-renaissance-du-louvre\" rel=\"nofollow noopener\" target=\"_blank\" class=\"color-ultramarine c-link\">Nouvelle Renaissance du Louvre<\/a>\u00a0\u00bb, il pr\u00e9voit d\u2019ici\u00a02031 une nouvelle entr\u00e9e pour d\u00e9congestionner la <a href=\"https:\/\/www.20minutes.fr\/paris\/4059776-20231027-paris-militants-ecolos-derniere-renovation-aspergent-pyramide-louvre-eau-orange\" class=\"color-ultramarine c-link\" target=\"_blank\" rel=\"noopener\">pyramide de verre<\/a>, une salle d\u2019exposition d\u00e9di\u00e9e \u00e0 la Joconde, ainsi qu\u2019un billet d\u2019entr\u00e9e plus cher pour les visiteurs non europ\u00e9ens, avec, \u00e0 terme, un objectif de 12\u00a0millions de visiteurs annuels.<\/p>\n","protected":false},"excerpt":{"rendered":"Les visiteurs ont d\u00fb prendre leur mal en patience\u00a0: le mus\u00e9e du Louvre est rest\u00e9 inaccessible pendant plusieurs&hellip;\n","protected":false},"author":2,"featured_media":183228,"comment_status":"","ping_status":"","sticky":false,"template":"","format":"standard","meta":{"footnotes":""},"categories":[1358],"tags":[1348,1384,1385,251,1386,58,59,1011,27,13461,6151,11274,12771,3048,21832,602,133],"class_list":{"0":"post-183227","1":"post","2":"type-post","3":"status-publish","4":"format-standard","5":"has-post-thumbnail","7":"category-arts-et-design","8":"tag-arts","9":"tag-arts-and-design","10":"tag-arts-et-design","11":"tag-culture","12":"tag-design","13":"tag-divertissement","14":"tag-entertainment","15":"tag-fr","16":"tag-france","17":"tag-frequentation","18":"tag-greve","19":"tag-louvre","20":"tag-mouvements-sociaux","21":"tag-musee","22":"tag-oeuvre-dart","23":"tag-tourisme","24":"tag-video"},"share_on_mastodon":{"url":"https:\/\/pubeurope.com\/@fr\/114698500522628449","error":""},"_links":{"self":[{"href":"https:\/\/www.europesays.com\/fr\/wp-json\/wp\/v2\/posts\/183227","targetHints":{"allow":["GET"]}}],"collection":[{"href":"https:\/\/www.europesays.com\/fr\/wp-json\/wp\/v2\/posts"}],"about":[{"href":"https:\/\/www.europesays.com\/fr\/wp-json\/wp\/v2\/types\/post"}],"author":[{"embeddable":true,"href":"https:\/\/www.europesays.com\/fr\/wp-json\/wp\/v2\/users\/2"}],"replies":[{"embeddable":true,"href":"https:\/\/www.europesays.com\/fr\/wp-json\/wp\/v2\/comments?post=183227"}],"version-history":[{"count":0,"href":"https:\/\/www.europesays.com\/fr\/wp-json\/wp\/v2\/posts\/183227\/revisions"}],"wp:featuredmedia":[{"embeddable":true,"href":"https:\/\/www.europesays.com\/fr\/wp-json\/wp\/v2\/media\/183228"}],"wp:attachment":[{"href":"https:\/\/www.europesays.com\/fr\/wp-json\/wp\/v2\/media?parent=183227"}],"wp:term":[{"taxonomy":"category","embeddable":true,"href":"https:\/\/www.europesays.com\/fr\/wp-json\/wp\/v2\/categories?post=183227"},{"taxonomy":"post_tag","embeddable":true,"href":"https:\/\/www.europesays.com\/fr\/wp-json\/wp\/v2\/tags?post=183227"}],"curies":[{"name":"wp","href":"https:\/\/api.w.org\/{rel}","templated":true}]}}