{"id":18323,"date":"2025-04-11T21:41:09","date_gmt":"2025-04-11T21:41:09","guid":{"rendered":"https:\/\/www.europesays.com\/fr\/18323\/"},"modified":"2025-04-11T21:41:09","modified_gmt":"2025-04-11T21:41:09","slug":"a-brest-dans-le-quartier-de-pontanezen-24-heures-sous-tension-avant-lembrasement-video","status":"publish","type":"post","link":"https:\/\/www.europesays.com\/fr\/18323\/","title":{"rendered":"\u00c0 Brest, dans le quartier de Pontan\u00e9zen, 24\u00a0heures sous tension avant l\u2019embrasement [Vid\u00e9o]"},"content":{"rendered":"<p>Le quartier de Pontan\u00e9zen, \u00e0 Brest, s\u2019est embras\u00e9 le jeudi 10 avril 2025 au soir, peu avant 23\u00a0h. Un bloc de b\u00e9ton pos\u00e9 sur les rails de tramway a forc\u00e9 une rame de la ligne\u00a0A \u00e0 s\u2019arr\u00eater. Rapidement <a href=\"https:\/\/www.letelegramme.fr\/finistere\/brest-29200\/affrontements-entre-forces-de-lordre-et-bandes-de-jeunes-dans-le-quartier-de-pontanezen-a-brest-6796559.php\" target=\"_blank\" rel=\"noopener\">pris pour cible par une vingtaine d\u2019individus aux visages masqu\u00e9s<\/a>, touch\u00e9 par des tirs de mortiers d\u2019artifice, le tramway a r\u00e9ussi \u00e0 faire marche arri\u00e8re et \u00e0 regagner son d\u00e9p\u00f4t, gr\u00e2ce \u00e0 l\u2019intervention rapide des policiers.<\/p>\n<p>Mais ce sont bien les fonctionnaires de police qui \u00e9taient la cible des \u00e9meutiers, selon les diverses sources interrog\u00e9es ce vendredi matin. \u00c0 leur tour <a href=\"https:\/\/www.letelegramme.fr\/finistere\/brest-29200\/violences-urbaines-un-policier-blesse-dans-le-quartier-de-pontanezen-a-brest-6796624.php\" target=\"_blank\" rel=\"noopener\">vis\u00e9s par les mortiers d\u2019artifice<\/a>, mais aussi divers projectiles, pendant de longues minutes, les policiers ont d\u00fb tirer de nombreuses grenades lacrymog\u00e8nes pour disperser leurs assaillants. Quatre v\u00e9hicules ont \u00e9galement \u00e9t\u00e9 incendi\u00e9s pendant ces affrontements. \u00ab\u00a0Une v\u00e9ritable sc\u00e8ne de gu\u00e9rilla urbaine\u00a0\u00bb, d\u00e9crit ainsi une source polici\u00e8re.<\/p>\n<p>Un v\u00e9hicule de police cibl\u00e9 par des jets de pierre<\/p>\n<p>Pourquoi un tel embrasement\u00a0? Selon nos informations, ce coup de sang dans un quartier souvent \u00e9ruptif trouverait son origine dans un premier incident survenu mercredi soir. Un rod\u00e9o urbain, le long de la ligne de tramway, aurait provoqu\u00e9 une premi\u00e8re intervention de la Police nationale dans le quartier.<\/p>\n<p>Le conducteur du v\u00e9hicule impliqu\u00e9, apr\u00e8s avoir refus\u00e9 d\u2019obtemp\u00e9rer, a \u00e9t\u00e9 poursuivi par les fonctionnaires de police, finalement attir\u00e9s dans un \u00ab\u00a0traquenard\u00a0\u00bb\u00a0: au c\u0153ur du quartier, le v\u00e9hicule de police a \u00e9t\u00e9 pris pour cible par un attroupement de jeunes. Le jet d\u2019un pav\u00e9 a notamment bris\u00e9 le pare-brise du v\u00e9hicule de police, pouss\u00e9 \u00e0 quitter les lieux.<\/p>\n<p>Selon nos informations, cet incident aurait provoqu\u00e9 un dispositif de patrouilles renforc\u00e9es dans le secteur de Pontan\u00e9zen, jeudi, avec plusieurs op\u00e9rations de contr\u00f4le.<\/p>\n<p>\u00ab\u00a0Ils attirent la foudre et, apr\u00e8s, r\u00e9agissent\u00a0\u00bb<\/p>\n<p>Une pr\u00e9sence qui d\u00e9range, puisqu\u2019elle perturbe fortement le trafic de stup\u00e9fiants install\u00e9 dans le secteur. Et c\u2019est ce qui aurait provoqu\u00e9 l\u2019attaque du tramway, qui n\u2019avait pour seule finalit\u00e9 que d\u2019attirer les effectifs de police (\u00e9quipe cynophile, brigade anticriminalit\u00e9 et police secours) patrouillant sur le secteur. \u00ab\u00a0C\u2019est ce qui est fou avec ces jeunes de Ponta\u00a0: ils provoquent, attirent la foudre et, apr\u00e8s, r\u00e9agissent parce que les coll\u00e8gues viennent dans leur secteur\u00a0! C\u2019est incompr\u00e9hensible\u00a0\u00bb, se d\u00e9sole un policier brestois.<\/p>\n<p>Ce dernier pointe au passage les difficult\u00e9s d\u2019intervention dans le quartier\u00a0: \u00ab\u00a0M\u00eame s\u2019il y a trois \u00e9quipages police secours, la nuit, au milieu des tours, dans un secteur que ces jeunes ma\u00eetrisent parfaitement et o\u00f9 ils ont entrepos\u00e9 des projectiles ou des mortiers d\u2019artifice, c\u2019est extr\u00eamement compliqu\u00e9 d\u2019intervenir\u00a0\u00bb.<\/p>\n","protected":false},"excerpt":{"rendered":"Le quartier de Pontan\u00e9zen, \u00e0 Brest, s\u2019est embras\u00e9 le jeudi 10 avril 2025 au soir, peu avant 23\u00a0h.&hellip;\n","protected":false},"author":2,"featured_media":18324,"comment_status":"","ping_status":"","sticky":false,"template":"","format":"standard","meta":{"footnotes":""},"categories":[4],"tags":[11,3450,829,765,118,7267,1011,27,12,1072,25,656,2955],"class_list":{"0":"post-18323","1":"post","2":"type-post","3":"status-publish","4":"format-standard","5":"has-post-thumbnail","7":"category-france","8":"tag-actualites","9":"tag-brest","10":"tag-bretagne","11":"tag-en-continu","12":"tag-faits-divers","13":"tag-faits-divers-a-brest","14":"tag-fr","15":"tag-france","16":"tag-news","17":"tag-police","18":"tag-republique-francaise","19":"tag-securite","20":"tag-videos"},"share_on_mastodon":{"url":"https:\/\/pubeurope.com\/@fr\/114321508485259434","error":""},"_links":{"self":[{"href":"https:\/\/www.europesays.com\/fr\/wp-json\/wp\/v2\/posts\/18323","targetHints":{"allow":["GET"]}}],"collection":[{"href":"https:\/\/www.europesays.com\/fr\/wp-json\/wp\/v2\/posts"}],"about":[{"href":"https:\/\/www.europesays.com\/fr\/wp-json\/wp\/v2\/types\/post"}],"author":[{"embeddable":true,"href":"https:\/\/www.europesays.com\/fr\/wp-json\/wp\/v2\/users\/2"}],"replies":[{"embeddable":true,"href":"https:\/\/www.europesays.com\/fr\/wp-json\/wp\/v2\/comments?post=18323"}],"version-history":[{"count":0,"href":"https:\/\/www.europesays.com\/fr\/wp-json\/wp\/v2\/posts\/18323\/revisions"}],"wp:featuredmedia":[{"embeddable":true,"href":"https:\/\/www.europesays.com\/fr\/wp-json\/wp\/v2\/media\/18324"}],"wp:attachment":[{"href":"https:\/\/www.europesays.com\/fr\/wp-json\/wp\/v2\/media?parent=18323"}],"wp:term":[{"taxonomy":"category","embeddable":true,"href":"https:\/\/www.europesays.com\/fr\/wp-json\/wp\/v2\/categories?post=18323"},{"taxonomy":"post_tag","embeddable":true,"href":"https:\/\/www.europesays.com\/fr\/wp-json\/wp\/v2\/tags?post=18323"}],"curies":[{"name":"wp","href":"https:\/\/api.w.org\/{rel}","templated":true}]}}