{"id":183245,"date":"2025-06-17T11:46:10","date_gmt":"2025-06-17T11:46:10","guid":{"rendered":"https:\/\/www.europesays.com\/fr\/183245\/"},"modified":"2025-06-17T11:46:10","modified_gmt":"2025-06-17T11:46:10","slug":"melanie-g-recevra-la-legion-dhonneur-a-titre-posthume","status":"publish","type":"post","link":"https:\/\/www.europesays.com\/fr\/183245\/","title":{"rendered":"M\u00e9lanie G. recevra la L\u00e9gion d&rsquo;honneur \u00e0 titre posthume"},"content":{"rendered":"<p>La victime recevra aussi le titre de commandeur des Palmes acad\u00e9miques, et la qualit\u00e9 de pupille de la Nation sera attribu\u00e9e \u00e0 son enfant, a ajout\u00e9 le minist\u00e8re de l\u2019\u00c9ducation nationale ce mardi.<\/p>\n<p class=\"fig-paragraph\">La surveillante de coll\u00e8ge de 31 ans poignard\u00e9e \u00e0 mort par un \u00e9l\u00e8ve la semaine derni\u00e8re \u00e0\u00a0<a href=\"http:\/\/www.lefigaro.fr\/nogent-une-marche-blanche-rassemble-1500-personnes-a-en-memoire-de-melanie-g-20250613\" data-fig-type=\"Article\" data-gtm-custom-categorie=\"navigation\" data-gtm-custom-action=\"crossclick\" data-gtm-custom-label=\"Contextuel\" data-gtm-event=\"customEventSPE\" data-fig-domain=\"LEFIGARO\" target=\"_blank\" rel=\"noopener\">Nogent\u00a0<\/a>(Haute-Marne) sera d\u00e9cor\u00e9e de la\u00a0<a href=\"http:\/\/www.lefigaro.fr\/culture\/il-a-fait-preuve-d-un-acte-de-courage-rachida-dati-choquee-par-l-exclusion-de-la-legion-d-honneur-de-sarkozy-20250617\" data-fig-type=\"NewsFlash\" data-gtm-custom-categorie=\"navigation\" data-gtm-custom-action=\"crossclick\" data-gtm-custom-label=\"Contextuel\" data-gtm-event=\"customEventSPE\" data-fig-domain=\"LEFIGARO\" target=\"_blank\" rel=\"noopener\">L\u00e9gion d&rsquo;honneur<\/a>\u00a0\u00e0 titre posthume, a-t-on appris mardi 17 juin 2025 aupr\u00e8s du minist\u00e8re de l&rsquo;<a href=\"http:\/\/www.lefigaro.fr\/politique\/max-brisson-senateur-lr-osons-un-big-bang-de-l-education-nationale-en-partant-de-l-etablissement-20250606\" data-fig-type=\"Article\" data-gtm-custom-categorie=\"navigation\" data-gtm-custom-action=\"crossclick\" data-gtm-custom-label=\"Contextuel\" data-gtm-event=\"customEventSPE\" data-fig-domain=\"LEFIGARO\" target=\"_blank\" rel=\"noopener\">\u00c9ducation nationale<\/a>.<\/p>\n<p class=\"fig-paragraph\">La victime recevra aussi le titre de commandeur des\u00a0<a href=\"https:\/\/www.lefigaro.fr\/actualites\/2010\/02\/22\/01001-20100222ARTFIG00823-les-palmes-academiques-pour-mohammed-ben-laden-.php\" data-fig-type=\"Article\" data-gtm-custom-categorie=\"navigation\" data-gtm-custom-action=\"crossclick\" data-gtm-custom-label=\"Contextuel\" data-gtm-event=\"customEventSPE\" data-fig-domain=\"LEFIGARO\" target=\"_blank\" rel=\"noopener\">Palmes acad\u00e9miques<\/a>, et la qualit\u00e9 de pupille de la Nation sera attribu\u00e9e \u00e0 son enfant, a ajout\u00e9 le minist\u00e8re, pr\u00e9cisant que la c\u00e9r\u00e9monie serait organis\u00e9e \u00aben fonction du souhait de la famille\u00bb.<\/p>\n<p>Fascination pour la violence et la mort<\/p>\n<p class=\"fig-paragraph\">Les obs\u00e8ques de la jeune femme, M\u00e9lanie, ont lieu mardi dans une stricte intimit\u00e9 familiale \u00e0 Sarcey, un petit village pr\u00e8s de Nogent o\u00f9 elle vivait. Ses proches avaient organis\u00e9 vendredi dernier une marche blanche en sa m\u00e9moire, qui avait rassembl\u00e9 environ 1500 personnes \u00e0 Nogent.<\/p>\n<p class=\"fig-paragraph\">Le coll\u00e9gien de 14 ans interpell\u00e9 imm\u00e9diatement apr\u00e8s les faits a \u00e9t\u00e9 mis en examen jeudi pour meurtre aggrav\u00e9 par la circonstance que sa victime \u00e9tait charg\u00e9e d&rsquo;une mission de service public, et plac\u00e9 en d\u00e9tention provisoire. Du fait de sa minorit\u00e9, il encourt une peine de 20 ans de prison.<\/p>\n<p class=\"fig-paragraph\">Le meurtre a eu lieu \u00e0 l&rsquo;entr\u00e9e du coll\u00e8ge\u00a0<a href=\"https:\/\/www.lefigaro.fr\/histoire\/archives\/2018\/08\/24\/26010-20180824ARTFIG00230-il-y-a-30-ans-la-mort-de-francoise-dolto-pionniere-de-la-cause-des-enfants.php\" data-fig-type=\"Article\" data-gtm-custom-categorie=\"navigation\" data-gtm-custom-action=\"crossclick\" data-gtm-custom-label=\"Contextuel\" data-gtm-event=\"customEventSPE\" data-fig-domain=\"LEFIGARO\" target=\"_blank\" rel=\"noopener\">Fran\u00e7oise Dolto<\/a>, alors que des gendarmes proc\u00e9daient \u00e0 un contr\u00f4le inopin\u00e9 des sacs des \u00e9l\u00e8ves, pour saisir d&rsquo;\u00e9ventuelles armes blanches. Un gendarme a \u00e9t\u00e9 bless\u00e9 \u00e0 la main lors des faits.<\/p>\n<p>50% des postes de m\u00e9decins scolaires sont vacants<\/p>\n<p class=\"fig-paragraph\">Durant sa garde \u00e0 vue, le suspect avait confi\u00e9 aux enqu\u00eateurs avoir voulu tuer une surveillante, \u00abn&rsquo;importe laquelle\u00bb. Il n&rsquo;a \u00abaucun signe \u00e9voquant un possible trouble mental\u00bb, mais fait preuve d&rsquo;une \u00abcertaine fascination pour la violence et la mort\u00bb et ne semble \u00abpas attacher d&rsquo;importance particuli\u00e8re\u00bb \u00e0 la vie, avait relev\u00e9 en milieu de semaine le procureur de Chaumont, Devis Devallois.<\/p>\n<p class=\"fig-paragraph\">Ce nouveau drame en milieu scolaire a eu un grand retentissement en France, dans les sph\u00e8res politique et \u00e9ducative en particulier. La ministre de l&rsquo;\u00c9ducation nationale<a href=\"http:\/\/www.lefigaro.fr\/actualite-france\/elisabeth-borne-veut-encourager-l-annee-de-cesure-apres-le-bac-20250604\" data-fig-type=\"Article\" data-gtm-custom-categorie=\"navigation\" data-gtm-custom-action=\"crossclick\" data-gtm-custom-label=\"Contextuel\" data-gtm-event=\"customEventSPE\" data-fig-domain=\"LEFIGARO\" target=\"_blank\" rel=\"noopener\">\u00a0\u00c9lisabeth Borne\u00a0<\/a>a confirm\u00e9 vendredi que chaque \u00e9tablissement devrait se doter d&rsquo;ici la fin de l&rsquo;ann\u00e9e d&rsquo;un \u00abprotocole de rep\u00e9rage et de prise en charge des situations de souffrance psychologique chez les jeunes\u00bb.<\/p>\n<p class=\"fig-paragraph\">Reconnaissant que 50% des postes de m\u00e9decins scolaires \u00absont vacants\u00bb, la ministre s&rsquo;est engag\u00e9e \u00e0 \u00abrenforcer les effectifs\u00bb pour les infirmi\u00e8res, psychologues notamment, soulignant que cela serait arbitr\u00e9 \u00abdans le cadre des discussions budg\u00e9taires\u00bb \u00e0 venir.<\/p>\n","protected":false},"excerpt":{"rendered":"La victime recevra aussi le titre de commandeur des Palmes acad\u00e9miques, et la qualit\u00e9 de pupille de la&hellip;\n","protected":false},"author":2,"featured_media":183246,"comment_status":"","ping_status":"","sticky":false,"template":"","format":"standard","meta":{"footnotes":""},"categories":[4],"tags":[47,1058,1054,1059,1060,1055,11,1057,5757,118,1011,27,1061,303,10254,12,1062,25,656,104,1056,809],"class_list":{"0":"post-183245","1":"post","2":"type-post","3":"status-publish","4":"format-standard","5":"has-post-thumbnail","7":"category-france","8":"tag-actualite","9":"tag-actualite-education","10":"tag-actualite-france","11":"tag-actualite-justice","12":"tag-actualite-securite","13":"tag-actualite-societe","14":"tag-actualites","15":"tag-education","16":"tag-elisabeth-borne","17":"tag-faits-divers","18":"tag-fr","19":"tag-france","20":"tag-immigration","21":"tag-justice","22":"tag-legion-dhonneur","23":"tag-news","24":"tag-polemique","25":"tag-republique-francaise","26":"tag-securite","27":"tag-societe","28":"tag-societe-francaise","29":"tag-violence"},"share_on_mastodon":{"url":"https:\/\/pubeurope.com\/@fr\/114698543642799545","error":""},"_links":{"self":[{"href":"https:\/\/www.europesays.com\/fr\/wp-json\/wp\/v2\/posts\/183245","targetHints":{"allow":["GET"]}}],"collection":[{"href":"https:\/\/www.europesays.com\/fr\/wp-json\/wp\/v2\/posts"}],"about":[{"href":"https:\/\/www.europesays.com\/fr\/wp-json\/wp\/v2\/types\/post"}],"author":[{"embeddable":true,"href":"https:\/\/www.europesays.com\/fr\/wp-json\/wp\/v2\/users\/2"}],"replies":[{"embeddable":true,"href":"https:\/\/www.europesays.com\/fr\/wp-json\/wp\/v2\/comments?post=183245"}],"version-history":[{"count":0,"href":"https:\/\/www.europesays.com\/fr\/wp-json\/wp\/v2\/posts\/183245\/revisions"}],"wp:featuredmedia":[{"embeddable":true,"href":"https:\/\/www.europesays.com\/fr\/wp-json\/wp\/v2\/media\/183246"}],"wp:attachment":[{"href":"https:\/\/www.europesays.com\/fr\/wp-json\/wp\/v2\/media?parent=183245"}],"wp:term":[{"taxonomy":"category","embeddable":true,"href":"https:\/\/www.europesays.com\/fr\/wp-json\/wp\/v2\/categories?post=183245"},{"taxonomy":"post_tag","embeddable":true,"href":"https:\/\/www.europesays.com\/fr\/wp-json\/wp\/v2\/tags?post=183245"}],"curies":[{"name":"wp","href":"https:\/\/api.w.org\/{rel}","templated":true}]}}