{"id":183266,"date":"2025-06-17T12:00:14","date_gmt":"2025-06-17T12:00:14","guid":{"rendered":"https:\/\/www.europesays.com\/fr\/183266\/"},"modified":"2025-06-17T12:00:14","modified_gmt":"2025-06-17T12:00:14","slug":"les-dealers-nous-ont-propose-des-bonbons-a-rennes-les-nouvelles-methodes-de-la-police-pour-eviter-lentree-des-enfants-dans-le-trafic-de-drogue","status":"publish","type":"post","link":"https:\/\/www.europesays.com\/fr\/183266\/","title":{"rendered":"\u00ab\u00a0Les dealers nous ont propos\u00e9 des bonbons\u00a0\u00bb\u00a0: \u00e0 Rennes, les nouvelles m\u00e9thodes de la police pour \u00e9viter l\u2019entr\u00e9e des enfants dans le trafic de drogue"},"content":{"rendered":"<p>\u00ab \u00c0 10 ans, plus de la moiti\u00e9 des enfants scolaris\u00e9s dans des \u00e9coles proches de points de deal ont d\u00e9j\u00e0 \u00e9t\u00e9 approch\u00e9s par des dealers. \u00bb \u00c0 Rennes, le constat de Fr\u00e9d\u00e9ric Breubion, chef du bureau de police du Blosne, est sans appel. Pour \u00e9viter le recrutement d\u2019enfants dans le trafic de stup\u00e9fiants, ce mardi 17 juin, la police rennaise organisait une matin\u00e9e de d\u00e9couverte du commissariat. 79 \u00e9l\u00e8ves de CM1 scolaris\u00e9s dans les \u00e9coles primaires Volga et Thorign\u00e9 au Blosne participaient.<\/p>\n<p>\u00ab Plus de la moiti\u00e9 d\u2019entre eux a d\u00e9j\u00e0 eu des propositions des dealers, souffle le chef de police. Au d\u00e9part, les trafiquants pr\u00e9sentent un visage sympathique. Ils proposent des bonbons ou des kebabs. Apr\u00e8s, quand ils les connaissent un peu plus, ils leur demandent des petits services moyennant des r\u00e9mun\u00e9rations. Voil\u00e0 comment ils recrutent des enfants pour devenir des guetteurs. \u00bb<\/p>\n<p>Sur le sujet, les enfants ont en effet tous des anecdotes \u00e0 raconter. Bountouraby, 10 ans, explique : \u00ab Je jouais au parc Slov\u00e8ne avec mes trois petits fr\u00e8res quand les dealers nous ont propos\u00e9 des bonbons. Mes fr\u00e8res se sont pr\u00e9cipit\u00e9s, mais moi j\u2019ai dit : \u00ab non \u00bb. En classe on m\u2019avait pr\u00e9venue que cette proposition \u00e9tait int\u00e9ress\u00e9e pour nous faire rentrer dans leur trafic, je sais maintenant qu\u2019il faut dire non. \u00bb Et l\u2019\u00e9l\u00e8ve de CM1 de continuer : \u00ab Mais il n\u2019y a pas que le trafic, il y a aussi les rod\u00e9os en scooter. Le mois dernier, on jouait au parc quand un gars est pass\u00e9 \u00e0 fond sur son scooter. Le petit fr\u00e8re d\u2019une copine courait mais il est tomb\u00e9. La moto n\u2019a pas pu l\u2019\u00e9viter et lui a roul\u00e9 dessus. Le pauvre\u2026 Il a 7 ans\u2026 Il a eu le front ouvert et la jambe cass\u00e9e. Il y avait du sang partout\u2026 \u00bb<\/p>\n<p>Le r\u00e9cit de Bountouraby d\u00e9clenche de nombreux souvenirs chez ses copines de classe. Toutes ont \u00e9t\u00e9 t\u00e9moins de faits similaires. Trafic, rod\u00e9os ou fusillades\u2026 Elles ont toutes des choses \u00e0 dire.<\/p>\n<p>\u00ab La situation se d\u00e9grade depuis 5 ou 6 ans, ajoute Maud, institutrice \u00e0 l\u2019\u00e9cole Thorign\u00e9 depuis 12 ans. L\u2019ambiance n\u2019est pas propice au travail. On a mis des grandes b\u00e2ches noires en maternelle pour \u00e9viter que la drogue ne soit cach\u00e9e dans la cour de r\u00e9cr\u00e9, on a occult\u00e9 les fen\u00eatres. Nos \u00e9l\u00e8ves arrivent \u00e0 l\u2019\u00e9cole avec plein de choses dans la t\u00eate. Quand il y a eu les fusillades pour le point de deal de Banat l\u2019an dernier, les \u00e9l\u00e8ves n\u2019\u00e9taient pas concentr\u00e9s du tout la semaine suivante. Les trafics mettent \u00e0 mal notre travail. On explique aux \u00e9l\u00e8ves qu\u2019il faut travailler \u00e0 l\u2019\u00e9cole, qu\u2019il y a des r\u00e8gles, qu\u2019il faut s\u2019entraider, que l\u2019empathie est importante\u2026 Et en sortant de l\u2019\u00e9cole, ils se confrontent \u00e0 une r\u00e9alit\u00e9 totalement diff\u00e9rente. \u00bb<\/p>\n<p><img decoding=\"async\" src=\"https:\/\/www.europesays.com\/fr\/wp-content\/uploads\/2025\/06\/6851541d680e421fc5032041.1.jpeg\" width=\"480\" height=\"300\" class=\"web_golden_m\" loading=\"lazy\" alt=\"D\u00e9monstration de drone.\"\/>D\u00e9monstration de drone. (Le T\u00e9l\u00e9gramme\/Claire Staes)<\/p>\n<p>C\u2019est la deuxi\u00e8me ann\u00e9e que la police de Rennes cr\u00e9e un partenariat avec les \u00e9coles du Blosne pour tenter d\u2019\u00e9viter que les enfants n\u2019entrent dans le trafic. C\u2019est \u00e9galement l\u2019occasion de faire changer l\u2019image que les jeunes peuvent avoir de la police. \u00ab On est all\u00e9 rencontrer les \u00e9l\u00e8ves \u00e0 deux reprises dans leur classe durant l\u2019ann\u00e9e scolaire, explique Maud Le Jossec, lieutenant en charge du dispositif. On se pr\u00e9sente. Ils nous connaissent. On explique notre m\u00e9tier et on rappelle qu\u2019on est l\u00e0 pour prot\u00e9ger la population. \u00bb<\/p>\n","protected":false},"excerpt":{"rendered":"\u00ab \u00c0 10 ans, plus de la moiti\u00e9 des enfants scolaris\u00e9s dans des \u00e9coles proches de points de&hellip;\n","protected":false},"author":2,"featured_media":183267,"comment_status":"","ping_status":"","sticky":false,"template":"","format":"standard","meta":{"footnotes":""},"categories":[2821],"tags":[1111,11,829,765,1777,674,118,3383,1011,27,12,584,25],"class_list":{"0":"post-183266","1":"post","2":"type-post","3":"status-publish","4":"format-standard","5":"has-post-thumbnail","7":"category-rennes","8":"tag-actu","9":"tag-actualites","10":"tag-bretagne","11":"tag-en-continu","12":"tag-eu","13":"tag-europe","14":"tag-faits-divers","15":"tag-faits-divers-a-rennes","16":"tag-fr","17":"tag-france","18":"tag-news","19":"tag-rennes","20":"tag-republique-francaise"},"share_on_mastodon":{"url":"https:\/\/pubeurope.com\/@fr\/114698598767954793","error":""},"_links":{"self":[{"href":"https:\/\/www.europesays.com\/fr\/wp-json\/wp\/v2\/posts\/183266","targetHints":{"allow":["GET"]}}],"collection":[{"href":"https:\/\/www.europesays.com\/fr\/wp-json\/wp\/v2\/posts"}],"about":[{"href":"https:\/\/www.europesays.com\/fr\/wp-json\/wp\/v2\/types\/post"}],"author":[{"embeddable":true,"href":"https:\/\/www.europesays.com\/fr\/wp-json\/wp\/v2\/users\/2"}],"replies":[{"embeddable":true,"href":"https:\/\/www.europesays.com\/fr\/wp-json\/wp\/v2\/comments?post=183266"}],"version-history":[{"count":0,"href":"https:\/\/www.europesays.com\/fr\/wp-json\/wp\/v2\/posts\/183266\/revisions"}],"wp:featuredmedia":[{"embeddable":true,"href":"https:\/\/www.europesays.com\/fr\/wp-json\/wp\/v2\/media\/183267"}],"wp:attachment":[{"href":"https:\/\/www.europesays.com\/fr\/wp-json\/wp\/v2\/media?parent=183266"}],"wp:term":[{"taxonomy":"category","embeddable":true,"href":"https:\/\/www.europesays.com\/fr\/wp-json\/wp\/v2\/categories?post=183266"},{"taxonomy":"post_tag","embeddable":true,"href":"https:\/\/www.europesays.com\/fr\/wp-json\/wp\/v2\/tags?post=183266"}],"curies":[{"name":"wp","href":"https:\/\/api.w.org\/{rel}","templated":true}]}}