{"id":183268,"date":"2025-06-17T12:01:14","date_gmt":"2025-06-17T12:01:14","guid":{"rendered":"https:\/\/www.europesays.com\/fr\/183268\/"},"modified":"2025-06-17T12:01:14","modified_gmt":"2025-06-17T12:01:14","slug":"manifestation-a-rennes-le-19-juin-contre-la-loi-duplomb-jugee-toxique-pour-lagriculture","status":"publish","type":"post","link":"https:\/\/www.europesays.com\/fr\/183268\/","title":{"rendered":"Manifestation \u00e0 Rennes le 19 juin contre la loi Duplomb, jug\u00e9e toxique pour l\u2019agriculture"},"content":{"rendered":"<p>            Par<br \/>\n        <strong><br \/>\n            <a href=\"https:\/\/actu.fr\/auteur\/redaction-terra\" title=\"Consulter tous les articles de R\u00e9daction Terra\" rel=\"nofollow noopener\" target=\"_blank\">R\u00e9daction Terra<\/a><br \/>\n        <\/strong><\/p>\n<p>        Publi\u00e9 le<\/p>\n<p>            17 juin 2025 \u00e0 12h00        <\/p>\n<p>Le <b>jeudi 19\u00a0juin 2025,<\/b> \u00e0 14\u2009h, une <b>manifestation <\/b>s\u2019\u00e9lancera de l\u2019Esplanade Charles de\u00a0Gaulle \u00e0 <b>Rennes <\/b>\u00e0 l\u2019appel de nombreuses organisations paysannes, environnementales et citoyennes. En ligne de mire\u2009: la <b>proposition de loi Duplomb<\/b>, d\u00e9nonc\u00e9e comme un recul <b>dangereux pour l\u2019agriculture, l\u2019environnement et la sant\u00e9 publique.<\/b><\/p>\n<p class=\" wall-content\">Dans un communiqu\u00e9 commun, les <a href=\"https:\/\/www.confederationpaysanne.bzh\/\" rel=\"nofollow noopener\" target=\"_blank\">Conf\u00e9d\u00e9rations paysannes de Bretagne<\/a>, accompagn\u00e9es de structures comme <a href=\"https:\/\/www.bretagne-vivante.org\/\" rel=\"nofollow noopener\" target=\"_blank\">Bretagne Vivante<\/a>, <a href=\"https:\/\/terredeliens.org\/\" rel=\"nofollow noopener\" target=\"_blank\">Terre de Liens<\/a>, la FRCIVAM, l\u2019Atelier Paysan, <a href=\"https:\/\/www.eau-et-rivieres.org\/home\" rel=\"nofollow noopener\" target=\"_blank\">Eau et Rivi\u00e8res de Bretagne<\/a> ou encore France Nature Environnement, fustigent une politique agricole men\u00e9e \u00ab\u2009au m\u00e9pris de la d\u00e9mocratie et de l\u2019int\u00e9r\u00eat g\u00e9n\u00e9ral\u2009\u00bb.<\/p>\n<p>R\u00e9introduction de n\u00e9onicotino\u00efdes<\/p>\n<p class=\" wall-content\">La loi Duplomb est accus\u00e9e de favoriser les int\u00e9r\u00eats de l\u2019agro-industrie au d\u00e9triment des paysans, de la biodiversit\u00e9 et des ressources naturelles. Les opposants refusent notamment la r\u00e9introduction de n\u00e9onicotino\u00efdes \u00ab\u2009dont la dangerosit\u00e9 est scientifiquement prouv\u00e9e\u2009\u00bb, l\u2019agrandissement des exploitations industrielles et la construction de m\u00e9ga-bassines, jug\u00e9es incompatibles avec la r\u00e9silience face \u00e0 la crise de l\u2019eau.<\/p>\n<p class=\" wall-content\">Les organisations appellent \u00e0 une mobilisation citoyenne large pour d\u00e9fendre une agriculture de proximit\u00e9, respectueuse du vivant et accessible \u00e0 une nouvelle g\u00e9n\u00e9ration d\u2019agriculteurs. \u00ab\u2009L\u2019eau, la terre, le vivant, notre alimentation ne sont pas des marchandises\u2009\u00bb, rappellent les signataires.<\/p>\n<p>Vid\u00e9os : en ce moment sur Actu<\/p>\n<p class=\" wall-content\">Suivez toute l\u2019actualit\u00e9 de vos villes et m\u00e9dias favoris en vous inscrivant \u00e0 <a href=\"https:\/\/moncompte.actu.fr\" title=\"D\u00e9couvez Mon Actu\" rel=\"nofollow noopener\" data-trk=\"{&quot;cta&quot;:{&quot;action&quot;:&quot;https:\\\/\\\/moncompte.actu.fr&quot;,&quot;category&quot;:&quot;mon compte&quot;,&quot;from&quot;:&quot;article footer&quot;,&quot;name&quot;:&quot;Mon actu&quot;,&quot;type&quot;:&quot;cta&quot;}}\" target=\"_blank\">Mon Actu<\/a>.<\/p>\n","protected":false},"excerpt":{"rendered":"Par R\u00e9daction Terra Publi\u00e9 le 17 juin 2025 \u00e0 12h00 Le jeudi 19\u00a0juin 2025, \u00e0 14\u2009h, une manifestation&hellip;\n","protected":false},"author":2,"featured_media":183269,"comment_status":"","ping_status":"","sticky":false,"template":"","format":"standard","meta":{"footnotes":""},"categories":[2821],"tags":[1111,11,327,829,436,1777,674,1011,27,12,584,25,104,3427],"class_list":{"0":"post-183268","1":"post","2":"type-post","3":"status-publish","4":"format-standard","5":"has-post-thumbnail","7":"category-rennes","8":"tag-actu","9":"tag-actualites","10":"tag-agriculture","11":"tag-bretagne","12":"tag-environnement","13":"tag-eu","14":"tag-europe","15":"tag-fr","16":"tag-france","17":"tag-news","18":"tag-rennes","19":"tag-republique-francaise","20":"tag-societe","21":"tag-syndicats"},"share_on_mastodon":{"url":"https:\/\/pubeurope.com\/@fr\/114698602605907861","error":""},"_links":{"self":[{"href":"https:\/\/www.europesays.com\/fr\/wp-json\/wp\/v2\/posts\/183268","targetHints":{"allow":["GET"]}}],"collection":[{"href":"https:\/\/www.europesays.com\/fr\/wp-json\/wp\/v2\/posts"}],"about":[{"href":"https:\/\/www.europesays.com\/fr\/wp-json\/wp\/v2\/types\/post"}],"author":[{"embeddable":true,"href":"https:\/\/www.europesays.com\/fr\/wp-json\/wp\/v2\/users\/2"}],"replies":[{"embeddable":true,"href":"https:\/\/www.europesays.com\/fr\/wp-json\/wp\/v2\/comments?post=183268"}],"version-history":[{"count":0,"href":"https:\/\/www.europesays.com\/fr\/wp-json\/wp\/v2\/posts\/183268\/revisions"}],"wp:featuredmedia":[{"embeddable":true,"href":"https:\/\/www.europesays.com\/fr\/wp-json\/wp\/v2\/media\/183269"}],"wp:attachment":[{"href":"https:\/\/www.europesays.com\/fr\/wp-json\/wp\/v2\/media?parent=183268"}],"wp:term":[{"taxonomy":"category","embeddable":true,"href":"https:\/\/www.europesays.com\/fr\/wp-json\/wp\/v2\/categories?post=183268"},{"taxonomy":"post_tag","embeddable":true,"href":"https:\/\/www.europesays.com\/fr\/wp-json\/wp\/v2\/tags?post=183268"}],"curies":[{"name":"wp","href":"https:\/\/api.w.org\/{rel}","templated":true}]}}