{"id":183270,"date":"2025-06-17T12:02:11","date_gmt":"2025-06-17T12:02:11","guid":{"rendered":"https:\/\/www.europesays.com\/fr\/183270\/"},"modified":"2025-06-17T12:02:11","modified_gmt":"2025-06-17T12:02:11","slug":"strasbourg-la-grogne-des-personnels-des-services-penitentiaires-dinsertion-et-probation-contre-la-politique-de-darmanin","status":"publish","type":"post","link":"https:\/\/www.europesays.com\/fr\/183270\/","title":{"rendered":"Strasbourg. La grogne des personnels des Services p\u00e9nitentiaires d&rsquo;insertion et probation contre la politique de Darmanin"},"content":{"rendered":"<p>Une vingtaine d\u2019agents des services p\u00e9nitentiaires d\u2019insertion et de probation (SPIP) \u00e9taient mobilis\u00e9s ce mardi 17 juin devant le tribunal judiciaire de Strasbourg contre la politique du ministre de la Justice G\u00e9rald Darmanin, jug\u00e9e trop \u00ab r\u00e9pressive \u00bb.<\/p>\n<p>Pour d\u00e9noncer \u00ab cette atteinte au droit \u00bb sur les actions d\u2019insertions, notamment la suppression de plus de 150 activit\u00e9s culturelles en prison (partout en France), la compagnie du Crieur a accompagn\u00e9 les personnels.<\/p>\n<p>\u00ab Surench\u00e8re dangereuse\u00a0\u00bb<\/p>\n<p>\u00ab On veut marquer le coup. La politique du ministre pose question comme cette surench\u00e8re dangereuse \u00e0 la stigmatisation des d\u00e9tenus, la surpopulation carc\u00e9rale qui atteint des sommets avec des conditions de vie qui se d\u00e9gradent, la r\u00e9ouverture des quartiers de s\u00e9curit\u00e9, ou sa volont\u00e9 de r\u00e9tablir les peines planchers et supprimer la prison avec sursis \u00bb, expliquent Aurore Zunino, secr\u00e9taire locale de la CGT SPIP 54, et Margaux Le Gallo, secr\u00e9taire nationale.<\/p>\n<p>Elles \u00e9voquent aussi une \u00ab destruction des missions et du travail des professionnels du SPIP \u00bb et un \u00ab abandon budg\u00e9taire \u00bb. <\/p>\n","protected":false},"excerpt":{"rendered":"Une vingtaine d\u2019agents des services p\u00e9nitentiaires d\u2019insertion et de probation (SPIP) \u00e9taient mobilis\u00e9s ce mardi 17 juin devant&hellip;\n","protected":false},"author":2,"featured_media":183271,"comment_status":"","ping_status":"","sticky":false,"template":"","format":"standard","meta":{"footnotes":""},"categories":[2820],"tags":[1111,11,2389,2649,2880,1777,674,274,107,1011,27,775,12,25,801,640],"class_list":{"0":"post-183270","1":"post","2":"type-post","3":"status-publish","4":"format-standard","5":"has-post-thumbnail","7":"category-strasbourg","8":"tag-actu","9":"tag-actualites","10":"tag-alsace","11":"tag-bas-rhin","12":"tag-edition-strasbourg","13":"tag-eu","14":"tag-europe","15":"tag-faits-divers-justice","16":"tag-fil-info","17":"tag-fr","18":"tag-france","19":"tag-grand-est","20":"tag-news","21":"tag-republique-francaise","22":"tag-social","23":"tag-strasbourg"},"share_on_mastodon":{"url":"https:\/\/pubeurope.com\/@fr\/114698606616504697","error":""},"_links":{"self":[{"href":"https:\/\/www.europesays.com\/fr\/wp-json\/wp\/v2\/posts\/183270","targetHints":{"allow":["GET"]}}],"collection":[{"href":"https:\/\/www.europesays.com\/fr\/wp-json\/wp\/v2\/posts"}],"about":[{"href":"https:\/\/www.europesays.com\/fr\/wp-json\/wp\/v2\/types\/post"}],"author":[{"embeddable":true,"href":"https:\/\/www.europesays.com\/fr\/wp-json\/wp\/v2\/users\/2"}],"replies":[{"embeddable":true,"href":"https:\/\/www.europesays.com\/fr\/wp-json\/wp\/v2\/comments?post=183270"}],"version-history":[{"count":0,"href":"https:\/\/www.europesays.com\/fr\/wp-json\/wp\/v2\/posts\/183270\/revisions"}],"wp:featuredmedia":[{"embeddable":true,"href":"https:\/\/www.europesays.com\/fr\/wp-json\/wp\/v2\/media\/183271"}],"wp:attachment":[{"href":"https:\/\/www.europesays.com\/fr\/wp-json\/wp\/v2\/media?parent=183270"}],"wp:term":[{"taxonomy":"category","embeddable":true,"href":"https:\/\/www.europesays.com\/fr\/wp-json\/wp\/v2\/categories?post=183270"},{"taxonomy":"post_tag","embeddable":true,"href":"https:\/\/www.europesays.com\/fr\/wp-json\/wp\/v2\/tags?post=183270"}],"curies":[{"name":"wp","href":"https:\/\/api.w.org\/{rel}","templated":true}]}}