{"id":183278,"date":"2025-06-17T12:06:14","date_gmt":"2025-06-17T12:06:14","guid":{"rendered":"https:\/\/www.europesays.com\/fr\/183278\/"},"modified":"2025-06-17T12:06:14","modified_gmt":"2025-06-17T12:06:14","slug":"porcelaines-un-food-tour-et-les-autres-infos-commerce-de-nantes","status":"publish","type":"post","link":"https:\/\/www.europesays.com\/fr\/183278\/","title":{"rendered":"Porcelaines, un food tour et les autres infos commerce de Nantes"},"content":{"rendered":"<p>Retrouvez chaque semaine notre rubrique Au fil des vitrines, d\u00e9di\u00e9e aux \u00e9chos commerces \u00e0 Nantes. <\/p>\n<p>Food tour interculturel<\/p>\n<p>\u00c0 l\u2019initiative de SINGA Nantes, association engag\u00e9e pour l\u2019inclusion des nouveaux arrivants par la cr\u00e9ation de lien et par l\u2019entrepreneuriat, un nouvel \u00e9v\u00e9nement verra le jour samedi 28\u00a0juin\u00a0: un Food Tour interculturel au d\u00e9part du Magmaa Food Hall. Pendant 3\u00a0heures, les participants vivront une exp\u00e9rience culinaire et humaine unique\u00a0: 5\u00a0\u00e9tapes gourmandes, 5\u00a0entrepreneurs inspirants, 5\u00a0histoires \u00e0 d\u00e9couvrir. Chaque halte sera l\u2019occasion d\u2019\u00e9changer directement avec les restaurateurs sur leur parcours, leurs recettes, mais aussi sur les r\u00e9alit\u00e9s de la migration et de l\u2019entrepreneuriat en France La Maison Cambodgienne, Tinto, Parvana, Bahia et Annapurna.<\/p>\n<p>\u00a0Ce qui rend ce Food Tour si fort, est que chaque plat raconte une histoire. Derri\u00e8re les saveurs, il y a un parcours de migration, une envie de transmettre sa culture, de reconstruire un projet et de contribuer \u00e0 la ville. Ces rencontres, pleines d\u2019humanit\u00e9, bousculent les id\u00e9es re\u00e7ues\u00a0, partage Maya Chase, charg\u00e9e de la communaut\u00e9, de lieux et d\u2019\u00e9v\u00e9nements chez SINGA Nantes.<\/p>\n<p>Samedi 28\u00a0juin, de 11\u00a0h\u00a030 \u00e0 14\u00a0h\u00a030. D\u00e9part\u00a0: Magmaa Food Hall \u2013 \u00cele de Nantes. Tarif\u00a0: 30\u00a0\u20ac par personne. Inscriptions aupr\u00e8s de Maya Chase\u00a0: 06\u00a001\u00a082\u00a004\u00a062<\/p>\n<p>\t<img decoding=\"async\" src=\"https:\/\/www.europesays.com\/fr\/wp-content\/uploads\/2025\/06\/P35296063D6857764G_px_640_.jpg\" alt=\"photo andy propose diff\u00e9rents caf\u00e9s tr\u00e8s qualitatifs de la marque tinto.  \u00a9  photo presse oc\u00e9an-philippe corbou\" width=\"640\" title=\" Andy propose diff\u00e9rents caf\u00e9s tr\u00e8s qualitatifs de la marque Tinto.   Photo Presse Oc\u00e9an-Philippe Corbou \"\/><\/p>\n<p class=\"elmt-legende\"> Andy propose diff\u00e9rents caf\u00e9s tr\u00e8s qualitatifs de la marque Tinto.   Photo Presse Oc\u00e9an-Philippe Corbou <\/p>\n<p>Les Porcelaines Samie s\u2019installent route de Vannes<\/p>\n<p>Pr\u00e9c\u00e9demment situ\u00e9 au n\u00b0\u00a066, le magasin des Porcelaines Samie donne d\u00e9sormais rendez-vous \u00e0 ses clients au 46,\u00a0route de Vannes. La soci\u00e9t\u00e9, qui poss\u00e8de dix magasins en France, a fait le choix d\u2019une surface plus petite afin de proposer une ambiance plus cosy \u00e0 sa client\u00e8le. La disposition en longueur a \u00e9t\u00e9 retravaill\u00e9e avec le choix de placer les porcelaines sur des \u00e9tag\u00e8res en bois qui donnent de la chaleur \u00e0 la boutique.<\/p>\n<p>?? LIRE AUSSI : <a href=\"https:\/\/nantes.maville.com\/actu\/actudet_-commerce.-kerners-un-air-de-morbihan-en-coeur-de-ville-de-nantes-_8-6857571_actu.Htm\" target=\"_blank\" rel=\"noopener\">Commerce. Kerners, un air de Morbihan en c\u0153ur de ville de Nantes<\/a> <\/p>\n<p>Les produits propos\u00e9s restent les m\u00eames, avec une porcelaine issue du kaolin et transform\u00e9e dans une unit\u00e9 de fabrication situ\u00e9e \u00e0 c\u00f4t\u00e9 de Limoges (\u00e0 Saint-Yrieix-la-Perche). Entreprise reconnue et renomm\u00e9e pour sa porcelaine blanche, les Porcelaines M. P. Samie sont gages de qualit\u00e9 et de s\u00e9rieux. La gamme est tr\u00e8s large.<\/p>\n<p>La porcelaine de Limoges se distingue par sa blancheur, sa translucidit\u00e9 et sa finesse. Sa r\u00e9putation, alliance de tradition et de modernit\u00e9 demeure in\u00e9gal\u00e9e.<\/p>\n<p>Porcelaines Samie, 46,\u00a0route de Vannes. 02\u00a051\u00a011\u00a033\u00a033.<\/p>\n<p>\u00c0 lire aussi<\/p>\n<p>?\u00a0De nouveaux points de vente et de nouvelles enseignes se sont install\u00e9s \u00e0 l\u2019a\u00e9roport Nantes-Atlantique. Un renouvellement de l\u2019offre au sein de l\u2019a\u00e9rogare visant \u00e0 proposer plus de local, d\u2019accessibilit\u00e9 et de diversification aux voyageurs.<a href=\"https:\/\/nantes.maville.com\/actu\/actudet_-aeroport-nantes-atlantique-de-nouveaux-commerces-s-installent-dans-l-aerogare-_8-6846784_actu.Htm\" target=\"_self\" rel=\"noopener\"> \u00c0 d\u00e9couvrir ici<\/a>.<\/p>\n<p>? <a href=\"https:\/\/nantes.maville.com\/actu\/actudet_-les-commercants-de-talensac-a-nantes-lancent-une-petition-pur-denoncer-l-etat-du-marche-_8-6850146_actu.Htm\" target=\"_self\" rel=\"noopener\">Les commer\u00e7ants du march\u00e9 de Talensac viennent de lancer une p\u00e9tition<\/a> pour d\u00e9fendre le fleuron des march\u00e9s nantais qui est en piteux \u00e9tat. Et ils attendent toujours une rencontre avec Johanna Rolland.<\/p>\n<p>? La question de la r\u00e9duction des places de stationnement demeure la principale critique au projet de r\u00e9am\u00e9nagement de la place Zola \u00e0 Nantes. D\u2019aucuns pr\u00e9disent des difficult\u00e9s d\u2019acc\u00e8s aux commerces et des gal\u00e8res pour les riverains. <a href=\"https:\/\/nantes.maville.com\/actu\/actudet_-ou-vont-se-garer-les-clients-du-marche-l-epineuse-question-du-parking-de-la-future-place-zola-_8-6843131_actu.Htm\" target=\"_self\" rel=\"noopener\">Une \u00e9pineuse question du parking de la future place Zola dont on parle par ici<\/a>.<\/p>\n<p>Contactez-nous<\/p>\n<p>Vous modifiez votre boutique, vous d\u00e9m\u00e9nagez votre commerce, vous cr\u00e9ez une surface commerciale et vous souhaitez que  <a href=\"https:\/\/www.ouest-france.fr\/presse-ocean\/\" target=\"_self\" rel=\"noopener\">Presse Oc\u00e9an<\/a>  parle de vous\u00a0? N\u2019h\u00e9sitez pas \u00e0 contacter la r\u00e9daction \u00e0 l\u2019adresse suivante\u00a0: <strong>redaction.web@presse-ocean.com<\/strong><\/p>\n<p>\u00a0<\/p>\n","protected":false},"excerpt":{"rendered":"Retrouvez chaque semaine notre rubrique Au fil des vitrines, d\u00e9di\u00e9e aux \u00e9chos commerces \u00e0 Nantes. Food tour interculturel&hellip;\n","protected":false},"author":2,"featured_media":183279,"comment_status":"","ping_status":"","sticky":false,"template":"","format":"standard","meta":{"footnotes":""},"categories":[2818],"tags":[1111,11,215,1777,674,2656,1011,27,1114,766,12,2636,32143,25,3272,3584],"class_list":{"0":"post-183278","1":"post","2":"type-post","3":"status-publish","4":"format-standard","5":"has-post-thumbnail","7":"category-nantes","8":"tag-actu","9":"tag-actualites","10":"tag-commerce","11":"tag-eu","12":"tag-europe","13":"tag-food","14":"tag-fr","15":"tag-france","16":"tag-infos","17":"tag-nantes","18":"tag-news","19":"tag-pays-de-la-loire","20":"tag-porcelaines","21":"tag-republique-francaise","22":"tag-saint-nazaire","23":"tag-tour"},"share_on_mastodon":{"url":"https:\/\/pubeurope.com\/@fr\/114698622368446460","error":""},"_links":{"self":[{"href":"https:\/\/www.europesays.com\/fr\/wp-json\/wp\/v2\/posts\/183278","targetHints":{"allow":["GET"]}}],"collection":[{"href":"https:\/\/www.europesays.com\/fr\/wp-json\/wp\/v2\/posts"}],"about":[{"href":"https:\/\/www.europesays.com\/fr\/wp-json\/wp\/v2\/types\/post"}],"author":[{"embeddable":true,"href":"https:\/\/www.europesays.com\/fr\/wp-json\/wp\/v2\/users\/2"}],"replies":[{"embeddable":true,"href":"https:\/\/www.europesays.com\/fr\/wp-json\/wp\/v2\/comments?post=183278"}],"version-history":[{"count":0,"href":"https:\/\/www.europesays.com\/fr\/wp-json\/wp\/v2\/posts\/183278\/revisions"}],"wp:featuredmedia":[{"embeddable":true,"href":"https:\/\/www.europesays.com\/fr\/wp-json\/wp\/v2\/media\/183279"}],"wp:attachment":[{"href":"https:\/\/www.europesays.com\/fr\/wp-json\/wp\/v2\/media?parent=183278"}],"wp:term":[{"taxonomy":"category","embeddable":true,"href":"https:\/\/www.europesays.com\/fr\/wp-json\/wp\/v2\/categories?post=183278"},{"taxonomy":"post_tag","embeddable":true,"href":"https:\/\/www.europesays.com\/fr\/wp-json\/wp\/v2\/tags?post=183278"}],"curies":[{"name":"wp","href":"https:\/\/api.w.org\/{rel}","templated":true}]}}