{"id":183285,"date":"2025-06-17T12:10:10","date_gmt":"2025-06-17T12:10:10","guid":{"rendered":"https:\/\/www.europesays.com\/fr\/183285\/"},"modified":"2025-06-17T12:10:10","modified_gmt":"2025-06-17T12:10:10","slug":"toulouse-cette-vente-aux-encheres-caritative-vient-au-secours-du-canal-du-midi","status":"publish","type":"post","link":"https:\/\/www.europesays.com\/fr\/183285\/","title":{"rendered":"Toulouse. Cette vente aux ench\u00e8res caritative vient au secours du canal du Midi"},"content":{"rendered":"<p>            Par<br \/>\n        <strong><br \/>\n            <a href=\"https:\/\/actu.fr\/auteur\/ancelin-emeryhenriot\" title=\"Consulter tous les articles de Ancelin Emery-Henriot\" rel=\"nofollow noopener\" target=\"_blank\">Ancelin Emery-Henriot<\/a><br \/>\n        <\/strong><\/p>\n<p>        Publi\u00e9 le<\/p>\n<p>            17 juin 2025 \u00e0 13h21        <\/p>\n<p>Ceux qui avaient manqu\u00e9 <a href=\"https:\/\/actu.fr\/occitanie\/toulouse_31555\/toulouse-une-vente-caritative-inedite-dans-un-lieu-normalement-ferme-au-public_60395853.html\" rel=\"nofollow noopener\" target=\"_blank\">l\u2019\u00e9v\u00e9nement de 2023<\/a> sont vernis. Une <strong>vente aux ench\u00e8res<\/strong> caritative a lieu ce mardi 17 juin 2025 \u00e0 <a href=\"https:\/\/actu.fr\/toulouse\/\" rel=\"nofollow noopener\" target=\"_blank\">Toulouse<\/a> afin de collecter des fonds pour venir en aide au <strong>canal du Midi<\/strong>. Organis\u00e9e par les Voies navigables de France et le programme Replantons le canal, qui est parrain\u00e9 par le centurion de l\u2019\u00e9quipe de France de rugby <strong>Fabien Pelous<\/strong>, elle prend place au ch\u00e2teau Bonrepos-Riquet, \u00e0 partir de 21\u2009h.<\/p>\n<p>Replanter sur les rives du canal du Midi<\/p>\n<p class=\" wall-content\">Un \u00e9v\u00e9nement qui pourrait \u00eatre tr\u00e8s important pour la protection du Canal. En effet, <strong>les platanes<\/strong> qui le bordent sont touch\u00e9s par une maladie appel\u00e9e<strong> le chancre color\u00e9<\/strong>. Incurable, cette derni\u00e8re condamne l\u2019arbre \u00e0 mourir en quelques mois ou ann\u00e9es. Elle se transmet par les racines, par l\u2019eau ou par l\u2019activit\u00e9 humaine.<\/p>\n<p class=\" wall-content\">Elle a d\u00e9j\u00e0 contamin\u00e9 pr\u00e8s de <strong>33\u2009000 arbres<\/strong>. Artpaug\u00e9, l\u2019organisme de vente qui chapeaute l\u2019\u00e9v\u00e9nement, pr\u00e9cise que l\u2019effort collectif a d\u00e9j\u00e0 permis d\u2019en replanter plus de 20\u2009000. La soir\u00e9e pourrait permettre de faire grimper ce chiffre.<\/p>\n<p>    <img   decoding=\"async\" loading=\"lazy\" src=\"https:\/\/www.europesays.com\/fr\/wp-content\/uploads\/2025\/06\/chateau-bonrepos-riquet-960x640.jpg\" alt=\"La vente aux ench\u00e8re aura lieu \u00e0 partir de 21 h au ch\u00e2teau Bonrepos-Riquet.\" width=\"960\" height=\"640\"\/><br \/>\n    La vente aux ench\u00e8res a lieu \u00e0 partir de 21\u2009h au ch\u00e2teau Bonrepos-Riquet. (\u00a9MAIRIE BONREPOS-RIQUET \/ Wikimedia Commons \u2013 CC BY-SA)3 artistes<\/p>\n<p class=\" wall-content\">Pour cela, elle pourra compter sur <strong>l\u2019altruisme<\/strong> de trois artistes talentueux. <strong>Juliette Agnel<\/strong> est \u201cune figure de la photographie fran\u00e7aise\u201d, d\u00e9j\u00e0 r\u00e9compens\u00e9e de prix pour son travail. Elle propose<strong>\u00a0trois clich\u00e9s impressionnants<\/strong>, r\u00e9alis\u00e9s durant un s\u00e9jour sur les bords du canal.<\/p>\n<p>Vid\u00e9os : en ce moment sur Actu<\/p>\n<p class=\" wall-content\">Bien qu\u2019\u00e9galement originaire de la Ville rose, <strong>Thomas Berthuel-Bonnes<\/strong> a lui export\u00e9 ses ateliers dans le Pays basque. Sp\u00e9cialiste de l\u2019abstrait, il pr\u00e9sente <strong>deux toiles<\/strong>. En bonus, le peintre s\u2019est donn\u00e9 le challenge de travailler sur un ballon de rugby, qui fera \u00e9galement partie des lots.<\/p>\n<p>Entre 300 et 5\u2009000\u00a0\u20ac<\/p>\n<p class=\" wall-content\">Enfin, l\u2019artiste polyvalent <strong>Alain Biet<\/strong> fera par ailleurs partie de la f\u00eate. Il est l\u2019auteur d\u2019une s\u00e9rie nomm\u00e9e Grands Canons, o\u00f9 il r\u00e9alise pr\u00e8s de <strong>8\u2009000 dessins aquarelles<\/strong> \u00e0 l\u2019\u00e9chelle un, d\u2019objets du quotidien. L\u2019\u0153uvre Jumelle de face, qui en est tir\u00e9e, est la derni\u00e8re pi\u00e8ce qui sera mise en vente ce mardi.<\/p>\n<p><strong>Infos Pratiques<\/strong><br \/>Les lots sont estim\u00e9s entre 500 et 5\u2009000\u00a0\u20ac selon les \u0153uvres<br \/>Ch\u00e2teau Bonrepos-Riquet, Place Paul Riquet \u00e0 Bonrepos-Riquet<\/p>\n<p class=\" wall-content\">Suivez toute l\u2019actualit\u00e9 de vos villes et m\u00e9dias favoris en vous inscrivant \u00e0 <a href=\"https:\/\/moncompte.actu.fr\" title=\"D\u00e9couvez Mon Actu\" rel=\"nofollow noopener\" data-trk=\"{&quot;cta&quot;:{&quot;action&quot;:&quot;https:\\\/\\\/moncompte.actu.fr&quot;,&quot;category&quot;:&quot;mon compte&quot;,&quot;from&quot;:&quot;article footer&quot;,&quot;name&quot;:&quot;Mon actu&quot;,&quot;type&quot;:&quot;cta&quot;}}\" target=\"_blank\">Mon Actu<\/a>.<\/p>\n","protected":false},"excerpt":{"rendered":"Par Ancelin Emery-Henriot Publi\u00e9 le 17 juin 2025 \u00e0 13h21 Ceux qui avaient manqu\u00e9 l\u2019\u00e9v\u00e9nement de 2023 sont&hellip;\n","protected":false},"author":2,"featured_media":183286,"comment_status":"","ping_status":"","sticky":false,"template":"","format":"standard","meta":{"footnotes":""},"categories":[2816],"tags":[1111,11,4861,1777,674,1011,27,226,12,2680,52,25,2312],"class_list":{"0":"post-183285","1":"post","2":"type-post","3":"status-publish","4":"format-standard","5":"has-post-thumbnail","7":"category-toulouse","8":"tag-actu","9":"tag-actualites","10":"tag-canal-du-midi","11":"tag-eu","12":"tag-europe","13":"tag-fr","14":"tag-france","15":"tag-maladie","16":"tag-news","17":"tag-occitanie","18":"tag-planete","19":"tag-republique-francaise","20":"tag-toulouse"},"share_on_mastodon":{"url":"https:\/\/pubeurope.com\/@fr\/114698638119258270","error":""},"_links":{"self":[{"href":"https:\/\/www.europesays.com\/fr\/wp-json\/wp\/v2\/posts\/183285","targetHints":{"allow":["GET"]}}],"collection":[{"href":"https:\/\/www.europesays.com\/fr\/wp-json\/wp\/v2\/posts"}],"about":[{"href":"https:\/\/www.europesays.com\/fr\/wp-json\/wp\/v2\/types\/post"}],"author":[{"embeddable":true,"href":"https:\/\/www.europesays.com\/fr\/wp-json\/wp\/v2\/users\/2"}],"replies":[{"embeddable":true,"href":"https:\/\/www.europesays.com\/fr\/wp-json\/wp\/v2\/comments?post=183285"}],"version-history":[{"count":0,"href":"https:\/\/www.europesays.com\/fr\/wp-json\/wp\/v2\/posts\/183285\/revisions"}],"wp:featuredmedia":[{"embeddable":true,"href":"https:\/\/www.europesays.com\/fr\/wp-json\/wp\/v2\/media\/183286"}],"wp:attachment":[{"href":"https:\/\/www.europesays.com\/fr\/wp-json\/wp\/v2\/media?parent=183285"}],"wp:term":[{"taxonomy":"category","embeddable":true,"href":"https:\/\/www.europesays.com\/fr\/wp-json\/wp\/v2\/categories?post=183285"},{"taxonomy":"post_tag","embeddable":true,"href":"https:\/\/www.europesays.com\/fr\/wp-json\/wp\/v2\/tags?post=183285"}],"curies":[{"name":"wp","href":"https:\/\/api.w.org\/{rel}","templated":true}]}}