{"id":183289,"date":"2025-06-17T12:12:09","date_gmt":"2025-06-17T12:12:09","guid":{"rendered":"https:\/\/www.europesays.com\/fr\/183289\/"},"modified":"2025-06-17T12:12:09","modified_gmt":"2025-06-17T12:12:09","slug":"hellemmes-les-petits-freres-des-pauvres-organisent-leur-traditionnelle-brocante-ce-samedi","status":"publish","type":"post","link":"https:\/\/www.europesays.com\/fr\/183289\/","title":{"rendered":"Hellemmes. Les petits fr\u00e8res des pauvres organisent leur traditionnelle brocante ce samedi"},"content":{"rendered":"<p>            Par<br \/>\n        <strong><br \/>\n            <a href=\"https:\/\/actu.fr\/auteur\/nicolas-demollien\" title=\"Consulter tous les articles de Nicolas Demollien\" target=\"_blank\" rel=\"noopener\">Nicolas Demollien<\/a><br \/>\n        <\/strong><\/p>\n<p>        Publi\u00e9 le<\/p>\n<p>            17 juin 2025 \u00e0 13h58        <\/p>\n<p>Voil\u00e0 qui promet d\u2019attirer de nombreux visiteurs ! Ce samedi 21 juin 2025, l\u2019<b>association Les petits fr\u00e8res des pauvres<\/b> organise sa traditionnelle <b>brocante solidaire<\/b> dans les locaux de l\u2019ancienne usine Rydel \u00e0 <a href=\"https:\/\/actu.fr\/tag\/hellemes\" target=\"_blank\" rel=\"noopener\">Hellemmes<\/a> (206, rue Faidherbe), de 9h \u00e0 17h.<\/p>\n<p>Que trouverez-vous \u00e0 la brocante des petits fr\u00e8res des pauvres ?<\/p>\n<p class=\" wall-content\">Et les amateurs d\u2019<b>objets anciens<\/b> devraient \u00eatre particuli\u00e8rement ravis puisque vous y trouverez un <b>choix large et diversifi\u00e9<\/b> : meubles mais aussi bibelots, livres, vaisselle ou encore des tapis et divers objets.<\/p>\n<p class=\" wall-content\">\u00ab\u00a0Les biens propos\u00e9s viennent de dons de particuliers, c\u2019est un moyen d\u2019une part de financer l\u2019action de l\u2019association et d\u2019autre part, de redonner une nouvelle vie \u00e0 des objets\u00a0\u00bb, souligne-t-on du c\u00f4t\u00e9 de la structure.<\/p>\n<p class=\" wall-content\">Les petits fr\u00e8res des pauvres ont vocation \u00e0\u00a0lutter contre l\u2019exclusion et de recr\u00e9er du lien social pour les personnes qui souffrent de solitude.<b\/><\/p>\n<p class=\" wall-content\">Plus d\u2019infos sur l\u2019association sur le site <a href=\"https:\/\/www.petitsfreresdespauvres.fr\/\" target=\"_blank\" rel=\"noopener\">petitsfreresdespauvres.fr<\/a><\/p>\n<p>Vid\u00e9os : en ce moment sur Actu<\/p>\n<p class=\" wall-content\">Suivez toute l\u2019actualit\u00e9 de vos villes et m\u00e9dias favoris en vous inscrivant \u00e0 <a href=\"https:\/\/moncompte.actu.fr\" title=\"D\u00e9couvez Mon Actu\" rel=\"nofollow noopener\" data-trk=\"{&quot;cta&quot;:{&quot;action&quot;:&quot;https:\\\/\\\/moncompte.actu.fr&quot;,&quot;category&quot;:&quot;mon compte&quot;,&quot;from&quot;:&quot;article footer&quot;,&quot;name&quot;:&quot;Mon actu&quot;,&quot;type&quot;:&quot;cta&quot;}}\" target=\"_blank\">Mon Actu<\/a>.<\/p>\n","protected":false},"excerpt":{"rendered":"Par Nicolas Demollien Publi\u00e9 le 17 juin 2025 \u00e0 13h58 Voil\u00e0 qui promet d\u2019attirer de nombreux visiteurs !&hellip;\n","protected":false},"author":2,"featured_media":183290,"comment_status":"","ping_status":"","sticky":false,"template":"","format":"standard","meta":{"footnotes":""},"categories":[2815],"tags":[1111,11,6961,1777,674,1011,27,811,5782,1307,1652,12,25],"class_list":{"0":"post-183289","1":"post","2":"type-post","3":"status-publish","4":"format-standard","5":"has-post-thumbnail","7":"category-lille","8":"tag-actu","9":"tag-actualites","10":"tag-brocante","11":"tag-eu","12":"tag-europe","13":"tag-fr","14":"tag-france","15":"tag-hauts-de-france","16":"tag-hellemmes","17":"tag-lille","18":"tag-loisirs-culture","19":"tag-news","20":"tag-republique-francaise"},"share_on_mastodon":{"url":"https:\/\/pubeurope.com\/@fr\/114698645890054952","error":""},"_links":{"self":[{"href":"https:\/\/www.europesays.com\/fr\/wp-json\/wp\/v2\/posts\/183289","targetHints":{"allow":["GET"]}}],"collection":[{"href":"https:\/\/www.europesays.com\/fr\/wp-json\/wp\/v2\/posts"}],"about":[{"href":"https:\/\/www.europesays.com\/fr\/wp-json\/wp\/v2\/types\/post"}],"author":[{"embeddable":true,"href":"https:\/\/www.europesays.com\/fr\/wp-json\/wp\/v2\/users\/2"}],"replies":[{"embeddable":true,"href":"https:\/\/www.europesays.com\/fr\/wp-json\/wp\/v2\/comments?post=183289"}],"version-history":[{"count":0,"href":"https:\/\/www.europesays.com\/fr\/wp-json\/wp\/v2\/posts\/183289\/revisions"}],"wp:featuredmedia":[{"embeddable":true,"href":"https:\/\/www.europesays.com\/fr\/wp-json\/wp\/v2\/media\/183290"}],"wp:attachment":[{"href":"https:\/\/www.europesays.com\/fr\/wp-json\/wp\/v2\/media?parent=183289"}],"wp:term":[{"taxonomy":"category","embeddable":true,"href":"https:\/\/www.europesays.com\/fr\/wp-json\/wp\/v2\/categories?post=183289"},{"taxonomy":"post_tag","embeddable":true,"href":"https:\/\/www.europesays.com\/fr\/wp-json\/wp\/v2\/tags?post=183289"}],"curies":[{"name":"wp","href":"https:\/\/api.w.org\/{rel}","templated":true}]}}