{"id":183295,"date":"2025-06-17T12:15:11","date_gmt":"2025-06-17T12:15:11","guid":{"rendered":"https:\/\/www.europesays.com\/fr\/183295\/"},"modified":"2025-06-17T12:15:11","modified_gmt":"2025-06-17T12:15:11","slug":"on-observe-a-marseille-une-hausse-de-23-des-personnes-en-situation-de-rue","status":"publish","type":"post","link":"https:\/\/www.europesays.com\/fr\/183295\/","title":{"rendered":"On observe \u00e0 Marseille une hausse de 23% des personnes en situation de rue"},"content":{"rendered":"<p class=\"font-bold\">Audrey Garino, adjointe Printemps Marseillais au Maire en charge des affaires sociales, de la solidarit\u00e9, de la lutte contre la pauvret\u00e9 et de l\u02bc\u00e9galit\u00e9 des droits, \u00e9tait l&rsquo;invit\u00e9e de Maritima ce matin<\/p>\n<p>La municipalit\u00e9 et l&rsquo;Etat viennent d&rsquo;inaugurer le\u00a0centre d\u2019h\u00e9bergement La Grande Maison dans le quartier de la Belle de Mai, rue Cavaignac.\u00a0<\/p>\n<p>La Ville de Marseille s\u2019\u00e9tait engag\u00e9e en novembre 2022, lors des \u00c9tats G\u00e9n\u00e9raux pour le Logement, \u00e0 participer \u00e0 la cr\u00e9ation de 1 000 places d\u2019h\u00e9bergement sur le territoire pour r\u00e9pondre au besoin des personnes en situation de grande pr\u00e9carit\u00e9.<\/p>\n<p>Audrey Garino revient aussi dans cet entretien vid\u00e9o sur l&rsquo;\u00e9tat de la pr\u00e9carit\u00e9 dans la ville apr\u00e8s la nuit de la solidarit\u00e9 qui s&rsquo;est d\u00e9roul\u00e9e en janvier.<\/p>\n<p>\u00a0<\/p>\n<\/p>\n<p>\u00a0<\/p>\n<p>Photo Ville de Marseille<\/p>\n<p>\u00a0<\/p>\n","protected":false},"excerpt":{"rendered":"Audrey Garino, adjointe Printemps Marseillais au Maire en charge des affaires sociales, de la solidarit\u00e9, de la lutte&hellip;\n","protected":false},"author":2,"featured_media":183296,"comment_status":"","ping_status":"","sticky":false,"template":"","format":"standard","meta":{"footnotes":""},"categories":[2814],"tags":[1111,11,1777,674,1011,27,884,12,32144,10181,882,25,3910],"class_list":{"0":"post-183295","1":"post","2":"type-post","3":"status-publish","4":"format-standard","5":"has-post-thumbnail","7":"category-marseille","8":"tag-actu","9":"tag-actualites","10":"tag-eu","11":"tag-europe","12":"tag-fr","13":"tag-france","14":"tag-marseille","15":"tag-news","16":"tag-nuit-de-la-solidarite","17":"tag-precarite","18":"tag-provence-alpes-cote-dazur","19":"tag-republique-francaise","20":"tag-sdf"},"share_on_mastodon":{"url":"https:\/\/pubeurope.com\/@fr\/114698657762314425","error":""},"_links":{"self":[{"href":"https:\/\/www.europesays.com\/fr\/wp-json\/wp\/v2\/posts\/183295","targetHints":{"allow":["GET"]}}],"collection":[{"href":"https:\/\/www.europesays.com\/fr\/wp-json\/wp\/v2\/posts"}],"about":[{"href":"https:\/\/www.europesays.com\/fr\/wp-json\/wp\/v2\/types\/post"}],"author":[{"embeddable":true,"href":"https:\/\/www.europesays.com\/fr\/wp-json\/wp\/v2\/users\/2"}],"replies":[{"embeddable":true,"href":"https:\/\/www.europesays.com\/fr\/wp-json\/wp\/v2\/comments?post=183295"}],"version-history":[{"count":0,"href":"https:\/\/www.europesays.com\/fr\/wp-json\/wp\/v2\/posts\/183295\/revisions"}],"wp:featuredmedia":[{"embeddable":true,"href":"https:\/\/www.europesays.com\/fr\/wp-json\/wp\/v2\/media\/183296"}],"wp:attachment":[{"href":"https:\/\/www.europesays.com\/fr\/wp-json\/wp\/v2\/media?parent=183295"}],"wp:term":[{"taxonomy":"category","embeddable":true,"href":"https:\/\/www.europesays.com\/fr\/wp-json\/wp\/v2\/categories?post=183295"},{"taxonomy":"post_tag","embeddable":true,"href":"https:\/\/www.europesays.com\/fr\/wp-json\/wp\/v2\/tags?post=183295"}],"curies":[{"name":"wp","href":"https:\/\/api.w.org\/{rel}","templated":true}]}}