{"id":183300,"date":"2025-06-17T12:19:11","date_gmt":"2025-06-17T12:19:11","guid":{"rendered":"https:\/\/www.europesays.com\/fr\/183300\/"},"modified":"2025-06-17T12:19:11","modified_gmt":"2025-06-17T12:19:11","slug":"airbus-annonce-une-commande-de-100-avions-a321neo-par-la-compagnie-vietnamienne-vietjet","status":"publish","type":"post","link":"https:\/\/www.europesays.com\/fr\/183300\/","title":{"rendered":"Airbus annonce une commande de 100 avions A321neo par la compagnie vietnamienne Vietjet"},"content":{"rendered":"<p class=\"fig-paragraph\">La premi\u00e8re journ\u00e9e a \u00e9t\u00e9 marqu\u00e9e <strong>par une pol\u00e9mique sur la pr\u00e9sence d\u2019industriels de l\u2019armement isra\u00e9liens<\/strong>. Plusieurs stands isra\u00e9liens de l\u2019armement exposant des \u00abarmes offensives\u00bb ont vu leur acc\u00e8s condamn\u00e9 sur d\u00e9cision du gouvernement fran\u00e7ais, provoquant la col\u00e8re d\u2019Isra\u00ebl. Pour le minist\u00e8re isra\u00e9lien de la D\u00e9fense, qui a d\u00e9nonc\u00e9 une \u00abs\u00e9gr\u00e9gation\u00bb, cette mesure \u00abrompt avec les pratiques habituelles des expositions de d\u00e9fense dans le monde\u00bb. Le pr\u00e9sident isra\u00e9lien Isaac Herzog s\u2019est dit \u00abchoqu\u00e9\u00bb.<\/p>\n<p class=\"fig-paragraph\">Cette affaire a presque \u00e9clips\u00e9<strong> les annonces commerciales que les constructeurs r\u00e9servent au Bourget<\/strong>. Airbus a ainsi engrang\u00e9 105 commandes fermes, dont 25 gros porteurs A350 de la compagnie saoudienne Riyadh Air, en plein lancement, et 40 monocouloirs A220 de la polonaise LOT, jusqu\u2019alors acquise \u00e0 la concurrence. En outre, le g\u00e9ant industriel europ\u00e9en a sign\u00e9 pour 30 monocouloirs A320neo et 10 avions-cargo A350F avec un loueur saoudien.<\/p>\n<p class=\"fig-paragraph\">Son rival Boeing a laiss\u00e9 le champ libre,<strong> l\u2019avionneur am\u00e9ricain ayant d\u00e9cid\u00e9 de r\u00e9duire ses activit\u00e9s au Bourget<\/strong> apr\u00e8s le crash d\u2019un 787 d\u2019Air India qui a fait au moins 279 morts la semaine derni\u00e8re. \u00abNous nous concentrons sur le soutien \u00e0 nos clients, plut\u00f4t que des annonces de commandes lors de ce salon\u00bb, a d\u00e9clar\u00e9 lundi \u00e0 l\u2019AFP une porte-parole de Boeing. Son patron Kelly Ortberg avait d\u00e9j\u00e0 indiqu\u00e9 avoir annul\u00e9 sa venue en France pour \u00abrester avec nos \u00e9quipes et consacrer notre attention \u00e0 notre client et \u00e0 l\u2019enqu\u00eate\u00bb.<\/p>\n<p class=\"fig-paragraph\"><strong>Fran\u00e7ois Bayrou a inaugur\u00e9 le Salon.<\/strong> Il a \u00e9t\u00e9 \u00e0 la rencontre d\u2019\u00e9tudiants de la fili\u00e8re a\u00e9ronautique et spatiale, s\u2019est rendu sur les stands des industriels comme Safran, ou Dassault*, a ensuite rencontr\u00e9 Yannick Assouad directrice g\u00e9n\u00e9rale adjointe avionique chez Thal\u00e8s. Le Premier ministre a salu\u00e9 les \u00abprogr\u00e8s technologiques en mati\u00e8re d\u2019aviation\u00bb qui permettront de \u00abrelever le d\u00e9fi \u00e9nerg\u00e9tique et environnemental\u00bb.<\/p>\n<p class=\"fig-paragraph\">*Le groupe Dassault est propri\u00e9taire du \u00abFigaro\u00bb<\/p>\n<p>    Plusieurs stands isra\u00e9liens de l\u2019armement exposant des \u00abarmes offensives\u00bb ont vu leur acc\u00e8s condamn\u00e9 sur d\u00e9cision du gouvernement fran\u00e7ais, provoquant la col\u00e8re d\u2019Isra\u00ebl.<br \/>\n                Benoit Tessier \/ REUTERS<\/p>\n","protected":false},"excerpt":{"rendered":"La premi\u00e8re journ\u00e9e a \u00e9t\u00e9 marqu\u00e9e par une pol\u00e9mique sur la pr\u00e9sence d\u2019industriels de l\u2019armement isra\u00e9liens. Plusieurs stands&hellip;\n","protected":false},"author":2,"featured_media":183301,"comment_status":"","ping_status":"","sticky":false,"template":"","format":"standard","meta":{"footnotes":""},"categories":[1592],"tags":[1111,339,11,340,343,345,350,130,344,352,349,33,341,313,1777,674,1011,27,346,662,342,353,351,347,12,626,348,25,32145,354],"class_list":{"0":"post-183300","1":"post","2":"type-post","3":"status-publish","4":"format-standard","5":"has-post-thumbnail","7":"category-ile-de-france","8":"tag-actu","9":"tag-actualite-economique","10":"tag-actualites","11":"tag-bourse","12":"tag-cac-40","13":"tag-chef-dentreprise","14":"tag-concurrence","15":"tag-consommation","16":"tag-creation-dentreprise","17":"tag-crise","18":"tag-delocalisations","19":"tag-economie","20":"tag-emploi","21":"tag-entreprises","22":"tag-eu","23":"tag-europe","24":"tag-fr","25":"tag-france","26":"tag-grands-patrons","27":"tag-ile-de-france","28":"tag-impots","29":"tag-licenciements","30":"tag-monopole","31":"tag-multinationales","32":"tag-news","33":"tag-paris","34":"tag-privatisation","35":"tag-republique-francaise","36":"tag-salon-du-bourget","37":"tag-unio"},"share_on_mastodon":{"url":"https:\/\/pubeurope.com\/@fr\/114698673440173369","error":""},"_links":{"self":[{"href":"https:\/\/www.europesays.com\/fr\/wp-json\/wp\/v2\/posts\/183300","targetHints":{"allow":["GET"]}}],"collection":[{"href":"https:\/\/www.europesays.com\/fr\/wp-json\/wp\/v2\/posts"}],"about":[{"href":"https:\/\/www.europesays.com\/fr\/wp-json\/wp\/v2\/types\/post"}],"author":[{"embeddable":true,"href":"https:\/\/www.europesays.com\/fr\/wp-json\/wp\/v2\/users\/2"}],"replies":[{"embeddable":true,"href":"https:\/\/www.europesays.com\/fr\/wp-json\/wp\/v2\/comments?post=183300"}],"version-history":[{"count":0,"href":"https:\/\/www.europesays.com\/fr\/wp-json\/wp\/v2\/posts\/183300\/revisions"}],"wp:featuredmedia":[{"embeddable":true,"href":"https:\/\/www.europesays.com\/fr\/wp-json\/wp\/v2\/media\/183301"}],"wp:attachment":[{"href":"https:\/\/www.europesays.com\/fr\/wp-json\/wp\/v2\/media?parent=183300"}],"wp:term":[{"taxonomy":"category","embeddable":true,"href":"https:\/\/www.europesays.com\/fr\/wp-json\/wp\/v2\/categories?post=183300"},{"taxonomy":"post_tag","embeddable":true,"href":"https:\/\/www.europesays.com\/fr\/wp-json\/wp\/v2\/tags?post=183300"}],"curies":[{"name":"wp","href":"https:\/\/api.w.org\/{rel}","templated":true}]}}