{"id":183318,"date":"2025-06-17T12:28:09","date_gmt":"2025-06-17T12:28:09","guid":{"rendered":"https:\/\/www.europesays.com\/fr\/183318\/"},"modified":"2025-06-17T12:28:09","modified_gmt":"2025-06-17T12:28:09","slug":"le-moral-des-investisseurs-surprend-a-la-hausse-en-juin","status":"publish","type":"post","link":"https:\/\/www.europesays.com\/fr\/183318\/","title":{"rendered":"le moral des investisseurs surprend \u00e0 la hausse en juin"},"content":{"rendered":"<p class=\"fig-paragraph\">Le moral des investisseurs allemands a surpris \u00e0 la hausse en juin, port\u00e9 par le rebond des investissements et l&rsquo;app\u00e9tit des consommateurs, alors que le pays a l&rsquo;espoir de conjurer la stagnation \u00e9conomique en cours depuis plus de deux ans. En juin, le barom\u00e8tre mensuel de<a href=\"http:\/\/www.lefigaro.fr\/flash-eco\/allemagne-forte-remontee-du-moral-des-investisseurs-en-novembre-20221115\" data-fig-type=\"NewsFlash\" data-gtm-custom-categorie=\"navigation\" data-gtm-custom-action=\"crossclick\" data-gtm-custom-label=\"Contextuel\" data-gtm-event=\"customEventSPE\" data-fig-domain=\"LEFIGARO\" target=\"_blank\" rel=\"noopener\">\u00a0l&rsquo;institut \u00e9conomique ZEW<\/a>\u00a0s&rsquo;est \u00e9lev\u00e9 \u00e0 47,5 points, presque le double du mois pr\u00e9c\u00e9dent. Cela d\u00e9passe nettement les attentes des analystes sond\u00e9s par Factset, qui tablaient sur un indice \u00e0 27,0 points. Apr\u00e8s une chute provoqu\u00e9e par la guerre commerciale initi\u00e9e par Donald Trump, cet indicateur scrut\u00e9 par le milieu des affaires retrouve presque son niveau atteint en mars, \u00e0 51,6 points.<\/p>\n<p class=\"fig-paragraph\">Un autre indicateur du ZEW, portant sur l&rsquo;\u00e9valuation de la situation \u00e9conomique actuelle, s&rsquo;est lui am\u00e9lior\u00e9 de 10,0 points en juin, pour atteindre -72,0 points. Il s&rsquo;agit de la plus forte augmentation depuis avril 2023, pr\u00e9cise le communiqu\u00e9, bien que l&rsquo;indice conserve la valeur la plus faible de la zone euro. Achim Wambach, pr\u00e9sident du ZEW, salue une \u00abam\u00e9lioration sensible\u00bb du barom\u00e8tre, port\u00e9 par \u00abl&rsquo;augmentation r\u00e9cente des investissements et de la demande des consommateurs\u00bb. L&rsquo;institut a agr\u00e9g\u00e9 les estimations de 200 investisseurs sond\u00e9s d\u00e9but juin. Ceux-ci voient aussi d&rsquo;un \u0153il positif les all\u00e8gements fiscaux pour les entreprises pr\u00e9sent\u00e9s par le ministre des finances Lars Klingbeil d\u00e9but juin. \u00abCeci, associ\u00e9 aux r\u00e9centes baisses des taux d&rsquo;int\u00e9r\u00eat de la BCE, pourrait mettre fin \u00e0 la stagnation \u00e9conomique de pr\u00e8s de trois ans en Allemagne\u00bb, ajoute Achim Wambach.<\/p>\n<p class=\"fig-paragraph\">Jeudi, les instituts \u00e9conomiques phares du pays ont revu \u00e0 la hausse leurs projections, pr\u00e9disant une croissance du\u00a0<a href=\"http:\/\/www.lefigaro.fr\/flash-eco\/allemagne-le-pib-surpasse-les-attentes-au-premier-trimestre-en-hausse-de-0-2-20250430\" data-fig-type=\"NewsFlash\" data-gtm-custom-categorie=\"navigation\" data-gtm-custom-action=\"crossclick\" data-gtm-custom-label=\"Contextuel\" data-gtm-event=\"customEventSPE\" data-fig-domain=\"LEFIGARO\" target=\"_blank\" rel=\"noopener\">Produit Int\u00e9rieur Brut\u00a0<\/a>de 0,3% en Allemagne. Mais la politique commerciale am\u00e9ricaine comporte des risques importants pour la premi\u00e8re \u00e9conomie europ\u00e9enne, tandis que le gouvernement table toujours sur une stagnation.<\/p>\n","protected":false},"excerpt":{"rendered":"Le moral des investisseurs allemands a surpris \u00e0 la hausse en juin, port\u00e9 par le rebond des investissements&hellip;\n","protected":false},"author":2,"featured_media":183319,"comment_status":"","ping_status":"","sticky":false,"template":"","format":"standard","meta":{"footnotes":""},"categories":[1587],"tags":[1111,47,11,672,1117,1109,1804,913,1805,1112,1803,636,341,257,1777,674,632,1108,107,1106,1107,1119,1801,1116,1110,1114,399,500,12,1113,1118,1802,137,401,1115],"class_list":{"0":"post-183318","1":"post","2":"type-post","3":"status-publish","4":"format-standard","5":"has-post-thumbnail","7":"category-allemagne","8":"tag-actu","9":"tag-actualite","10":"tag-actualites","11":"tag-allemagne","12":"tag-assurance","13":"tag-breves","14":"tag-bundesrepublik-deutschland","15":"tag-croissance","16":"tag-de","17":"tag-depeches","18":"tag-deutschland","19":"tag-devises","20":"tag-emploi","21":"tag-entreprise","22":"tag-eu","23":"tag-europe","24":"tag-fcp","25":"tag-fil","26":"tag-fil-info","27":"tag-flash","28":"tag-flash-actu","29":"tag-formation","30":"tag-germany","31":"tag-immobilier","32":"tag-informations","33":"tag-infos","34":"tag-investissement","35":"tag-medias","36":"tag-news","37":"tag-nouvelles","38":"tag-placement","39":"tag-republique-federale-dallemagne","40":"tag-retraite","41":"tag-sicav","42":"tag-taux"},"share_on_mastodon":{"url":"https:\/\/pubeurope.com\/@fr\/114698708787468964","error":""},"_links":{"self":[{"href":"https:\/\/www.europesays.com\/fr\/wp-json\/wp\/v2\/posts\/183318","targetHints":{"allow":["GET"]}}],"collection":[{"href":"https:\/\/www.europesays.com\/fr\/wp-json\/wp\/v2\/posts"}],"about":[{"href":"https:\/\/www.europesays.com\/fr\/wp-json\/wp\/v2\/types\/post"}],"author":[{"embeddable":true,"href":"https:\/\/www.europesays.com\/fr\/wp-json\/wp\/v2\/users\/2"}],"replies":[{"embeddable":true,"href":"https:\/\/www.europesays.com\/fr\/wp-json\/wp\/v2\/comments?post=183318"}],"version-history":[{"count":0,"href":"https:\/\/www.europesays.com\/fr\/wp-json\/wp\/v2\/posts\/183318\/revisions"}],"wp:featuredmedia":[{"embeddable":true,"href":"https:\/\/www.europesays.com\/fr\/wp-json\/wp\/v2\/media\/183319"}],"wp:attachment":[{"href":"https:\/\/www.europesays.com\/fr\/wp-json\/wp\/v2\/media?parent=183318"}],"wp:term":[{"taxonomy":"category","embeddable":true,"href":"https:\/\/www.europesays.com\/fr\/wp-json\/wp\/v2\/categories?post=183318"},{"taxonomy":"post_tag","embeddable":true,"href":"https:\/\/www.europesays.com\/fr\/wp-json\/wp\/v2\/tags?post=183318"}],"curies":[{"name":"wp","href":"https:\/\/api.w.org\/{rel}","templated":true}]}}