{"id":183320,"date":"2025-06-17T12:29:09","date_gmt":"2025-06-17T12:29:09","guid":{"rendered":"https:\/\/www.europesays.com\/fr\/183320\/"},"modified":"2025-06-17T12:29:09","modified_gmt":"2025-06-17T12:29:09","slug":"wall-street-vue-en-baisse-leurope-dans-le-rouge-la-geopolitique-domine","status":"publish","type":"post","link":"https:\/\/www.europesays.com\/fr\/183320\/","title":{"rendered":"Wall Street vue en baisse, l&rsquo;Europe dans le rouge, la g\u00e9opolitique domine"},"content":{"rendered":"<p>PARIS (Reuters) &#8211;     Wall Street est attendue en baisse \u00e0 l&rsquo;ouverture mardi et les Bourses europ\u00e9ennes sont dans le rouge \u00e0 mi-s\u00e9ance dans un contexte de prudence li\u00e9e aux tensions g\u00e9opolitiques et dans l&rsquo;attente de la d\u00e9cision de politique mon\u00e9taire de la R\u00e9serve f\u00e9d\u00e9rale am\u00e9ricaine (Fed).     Les futures sur indices new-yorkais signalent une ouverture de Wall Street en repli de 0,58% pour le Dow Jones, de 0,59% pour le Standard &amp; Poor&rsquo;s 500 et de 0,64% pour le Nasdaq. <\/p>\n<p>\u00c0 Paris, le CAC 40 perd 1,07% \u00e0 7.659,05 points vers 10h35 GMT. \u00c0 Francfort, le Dax recule de 0,45% et \u00e0 Londres, le FTSE fl\u00e9chit de 1,27%. <\/p>\n<p>L&rsquo;indice paneurop\u00e9en FTSEurofirst 300 r\u00e9gresse de 0,94% et l&rsquo;EuroStoxx 50 de la zone euro de 1,34%. Le Stoxx 600, dont tous les grands compartiments sont dans le rouge, abandonne 0,95%, la g\u00e9opolitique dominant.<\/p>\n<p>Le conflit entre Isra\u00ebl et l&rsquo;Iran est entr\u00e9 mardi dans son cinqui\u00e8me jour et les deux bellig\u00e9rants ne semblent montrer aucun signe d&rsquo;apaisement. T\u00e9h\u00e9ran menace d&rsquo;intensifier ses attaques contre l&rsquo;Etat h\u00e9breu tandis que Tsahal a annonc\u00e9 avoir tu\u00e9 Ali Chadmani, le chef d&rsquo;\u00e9tat-major iranien, tr\u00e8s proche du guide supr\u00eame Ali Khamenei. <\/p>\n<p>Le pr\u00e9sident am\u00e9ricain, Donald Trump, a par ailleurs affirm\u00e9 lundi soir que son d\u00e9part anticip\u00e9 du sommet du G7 au Canada n&rsquo;avait rien \u00e0 voir avec un projet de cessez-le-feu entre l&rsquo;Iran et Isra\u00ebl, \u00e9voqu\u00e9 par le pr\u00e9sident Emmanuel Macron.<\/p>\n<p>\u00ab\u00a0Faux ! Il ignore totalement pourquoi je suis en route pour Washington, mais cela n&rsquo;a certainement rien \u00e0 voir avec un cessez-le-feu. Bien plus important que cela\u00a0\u00bb, a \u00e9crit le locataire de la Maison blanche sur son r\u00e9seau Truth Social.<\/p>\n<p>Ces propos ambigus peuvent faire craindre une escalade des tensions, comme nourrir l&rsquo;espoir d&rsquo;un r\u00e9pit dans la r\u00e9gion, alors que l&rsquo;indice de l&rsquo;\u00e9nergie en Europe grimpe de pr\u00e8s de 1%.<\/p>\n<p>\u00ab\u00a0La principale question est de savoir ce qui va se passer dans le d\u00e9troit (d&rsquo;Ormuz) et si une fermeture a lieu, cela aura des cons\u00e9quences sur les prix du p\u00e9trole\u00a0\u00bb, pr\u00e9vient Jukka Jarvela, directeur actions cot\u00e9es chez Mandatum Asset Management.<\/p>\n<p>\u00ab\u00a0Si les prix du p\u00e9trole restent \u00e0 un niveau \u00e9lev\u00e9, cela acc\u00e9l\u00e9rera \u00e0 nouveau l&rsquo;inflation, ce qui serait n\u00e9gatif pour les actions\u00a0\u00bb, a-t-il ajout\u00e9.<\/p>\n<p>Les craintes sur l&rsquo;inflation reviennent au premier plan alors que la Fed tient ce mardi une r\u00e9union de deux jours qui devrait donner lieu \u00e0 un statu quo sur ses co\u00fbts d&#8217;emprunt. Mais les investisseurs seront attentifs aux commentaires de son pr\u00e9sident, Jerome Powell, press\u00e9 par Donald Trump de baisser les taux des fonds f\u00e9d\u00e9raux pour donner davantage de pouvoir d&rsquo;achat aux m\u00e9nages et relancer l&rsquo;\u00e9conomie.<\/p>\n<p>A cet \u00e9gard, la publication aux Etats-Unis dans l&rsquo;apr\u00e8s-midi de la statistique des ventes au d\u00e9tail et celle de la production industrielle pour le mois de mai fourniront un aper\u00e7u de l&rsquo;\u00e9volution de la conjoncture. <\/p>\n<p>LES VALEURS \u00c0 SUIVRE \u00c0 WALL STREET<\/p>\n<p>Le secteur des \u00e9nergies renouvelables, avec des valeurs comme Enphase Energy, Sunrun, SolarEdge Technologies et First Solar, perd entre 11% et 27,5% en avant-Bourse, en r\u00e9action \u00e0 un projet s\u00e9natorial am\u00e9ricain visant \u00e0 supprimer progressivement les cr\u00e9dits d&rsquo;imp\u00f4ts dans le secteur d&rsquo;ici 2028.<\/p>\n<p>En avant-Bourse, Eli Lilly c\u00e8de 1,2% et Verve Therapeutics bondit de 82,9% alors que les deux groupes sont en discussions avanc\u00e9es en vue d&rsquo;une acquisition par le premier du second pour un montant pouvant atteindre 1,3 milliard de dollars, selon le Financial Times. <\/p>\n<p>VALEURS EN EUROPE <\/p>\n<p>Les groupes europ\u00e9ens sp\u00e9cialis\u00e9s dans les \u00e9nergies renouvelables reculent en Bourse apr\u00e8s une proposition de la commission des finances du S\u00e9nat am\u00e9ricain visant \u00e0 mettre fin aux cr\u00e9dits d&rsquo;imp\u00f4t dans le solaire et l&rsquo;\u00e9olienne d&rsquo;ici 2028. SMA Solar chute de 3,52%, Orsted de 1,21%, Nordex de 2,02% et Vestas de 0,89%.<\/p>\n<p>Asos perd 2,07% \u00e0 la suite de la nomination par le groupe de mode britannique d&rsquo;Aaron Izzard comme directeur financier, en remplacement de Dave Murray.<\/p>\n<p>Universal Music Group NV abandonne 3,59% apr\u00e8s que Goldman Sachs a lanc\u00e9 une vente d&rsquo;environ 14 millions d&rsquo;actions du groupe au prix de 27,02 euros, repr\u00e9sentant une d\u00e9cote de 2% par rapport au cours de cl\u00f4ture de lundi.<\/p>\n<p>Le groupe britannique de mat\u00e9riel de construction Ashtead c\u00e8de 0,61% apr\u00e8s avoir averti mardi d&rsquo;un ralentissement de la croissance de ses revenus locatifs. <\/p>\n<p>TAUX <\/p>\n<p>Les rendements obligataires souverains en zone euro sont l\u00e9g\u00e8rement orient\u00e9s \u00e0 la hausse mardi, avec un Bund allemand \u00e0 dix ans \u00e0 2,546% (+1,5 point de base).<\/p>\n<p>Le rendement des Treasuries am\u00e9ricains \u00e0 dix ans recule mardi de trois points, \u00e0 4,424%, annulant pratiquement la hausse de la veille, dans l&rsquo;attente de la d\u00e9cision de la Fed.<\/p>\n<p>CHANGES<\/p>\n<p>Le dollar se stabilise face au yen, qui a oscill\u00e9 entre pertes et gains apr\u00e8s le statu quo sur les taux d\u00e9cid\u00e9 par la Banque du Japon (BoJ), tandis que son gouverneur, Kazuo Ueda, a mis en garde contre une forte incertitude commerciale.<\/p>\n<p>Le yen se traite \u00e0 144,74 pour un dollar, tandis que le billet vert prend 0,18% face \u00e0 un panier de devises internationales et est pratiquement inchang\u00e9 contre l&rsquo;euro \u00e0 1,1562.<\/p>\n<p>La livre sterling s&rsquo;\u00e9change \u00e0 1,3553 dollar (-0,18%) alors que la Banque d&rsquo;Angleterre (BoE) doit rendre jeudi sa d\u00e9cision de politique mon\u00e9taire.<\/p>\n<p>P\u00c9TROLE <\/p>\n<p>Le march\u00e9 p\u00e9trolier monte mardi, les analystes estimant que l&rsquo;incertitude avec le conflit entre l&rsquo;Iran et Isra\u00ebl devrait maintenir les cours \u00e0 un niveau \u00e9lev\u00e9. L&rsquo;Iran est le troisi\u00e8me producteur parmi les Etats membres de l&rsquo;Organisation des pays exportateurs de p\u00e9trole (Opep) et de nombreuses inqui\u00e9tudes s&rsquo;expriment quant \u00e0 l&rsquo;impact des combats sur ses exportations. <\/p>\n<p>Le Brent avance de 1,71% \u00e0 74,46 dollars le baril et le brut l\u00e9ger am\u00e9ricain (West Texas Intermediate, WTI) de 1,53% \u00e0 72,84 dollars. <\/p>\n<p>PRINCIPAUX INDICATEURS \u00c9CONOMIQUES \u00c0 L&rsquo;AGENDA DU 17 JUIN :<\/p>\n<p>           PAYS  GMT    INDICATEUR                           P\u00c9RIODE  CONSENSUS  PR\u00c9C\u00c9DENT          <\/p>\n<p>           USA   12h30  Ventes au d\u00e9tail                     mai      -0,7%      +0,1%          <\/p>\n<p>                        &#8211; sur un an                                   n.d.       +5,16%          <\/p>\n<p>           USA   13h15  Production industrielle              mai      +0,1%      +0,0%          <\/p>\n<p>                        &#8211; sur un an                                   n.d.       +1,49%          <\/p>\n<p> (R\u00e9dig\u00e9 par Claude Chendjou, \u00e9dit\u00e9 par Blandine H\u00e9nault)<\/p>\n","protected":false},"excerpt":{"rendered":"PARIS (Reuters) &#8211; Wall Street est attendue en baisse \u00e0 l&rsquo;ouverture mardi et les Bourses europ\u00e9ennes sont dans&hellip;\n","protected":false},"author":2,"featured_media":183321,"comment_status":"","ping_status":"","sticky":false,"template":"","format":"standard","meta":{"footnotes":""},"categories":[1586],"tags":[11,2125,1777,674,1011,27,2124,12,25],"class_list":{"0":"post-183320","1":"post","2":"type-post","3":"status-publish","4":"format-standard","5":"has-post-thumbnail","7":"category-europe","8":"tag-actualites","9":"tag-depeches-reuters","10":"tag-eu","11":"tag-europe","12":"tag-fr","13":"tag-france","14":"tag-infos-reuters","15":"tag-news","16":"tag-republique-francaise"},"share_on_mastodon":{"url":"https:\/\/pubeurope.com\/@fr\/114698712747469193","error":""},"_links":{"self":[{"href":"https:\/\/www.europesays.com\/fr\/wp-json\/wp\/v2\/posts\/183320","targetHints":{"allow":["GET"]}}],"collection":[{"href":"https:\/\/www.europesays.com\/fr\/wp-json\/wp\/v2\/posts"}],"about":[{"href":"https:\/\/www.europesays.com\/fr\/wp-json\/wp\/v2\/types\/post"}],"author":[{"embeddable":true,"href":"https:\/\/www.europesays.com\/fr\/wp-json\/wp\/v2\/users\/2"}],"replies":[{"embeddable":true,"href":"https:\/\/www.europesays.com\/fr\/wp-json\/wp\/v2\/comments?post=183320"}],"version-history":[{"count":0,"href":"https:\/\/www.europesays.com\/fr\/wp-json\/wp\/v2\/posts\/183320\/revisions"}],"wp:featuredmedia":[{"embeddable":true,"href":"https:\/\/www.europesays.com\/fr\/wp-json\/wp\/v2\/media\/183321"}],"wp:attachment":[{"href":"https:\/\/www.europesays.com\/fr\/wp-json\/wp\/v2\/media?parent=183320"}],"wp:term":[{"taxonomy":"category","embeddable":true,"href":"https:\/\/www.europesays.com\/fr\/wp-json\/wp\/v2\/categories?post=183320"},{"taxonomy":"post_tag","embeddable":true,"href":"https:\/\/www.europesays.com\/fr\/wp-json\/wp\/v2\/tags?post=183320"}],"curies":[{"name":"wp","href":"https:\/\/api.w.org\/{rel}","templated":true}]}}