{"id":183330,"date":"2025-06-17T12:35:12","date_gmt":"2025-06-17T12:35:12","guid":{"rendered":"https:\/\/www.europesays.com\/fr\/183330\/"},"modified":"2025-06-17T12:35:12","modified_gmt":"2025-06-17T12:35:12","slug":"beach-pro-tour-elite-lelite-du-volleyball-de-plage-revient-a-montreal-en-aout","status":"publish","type":"post","link":"https:\/\/www.europesays.com\/fr\/183330\/","title":{"rendered":"Beach Pro Tour\u00a0\u2013 Elite | L\u2019\u00e9lite du volleyball de plage revient \u00e0 Montr\u00e9al en ao\u00fbt"},"content":{"rendered":"<p class=\"lead textModule textModule--type-lead \" style=\"\">Apr\u00e8s une absence d\u2019un an, les t\u00eates d\u2019affiche mondiales du volleyball de plage reviendront \u00e0 Montr\u00e9al l\u2019\u00e9t\u00e9 prochain. Le Beach Pro Tour\u00a0\u2013 Elite sera organis\u00e9 par les promoteurs des Grands Prix cyclistes et du marathon, du 13 au 17\u00a0ao\u00fbt, sur le circuit Gilles-Villeneuve dans l\u2019\u00eele Notre-Dame.<\/p>\n<p>                    Publi\u00e9 \u00e0 7\u00a0h\u00a000<\/p>\n<p>    <a class=\"print\" href=\"https:\/\/www.lapresse.ca\/sports\/2025-06-17\/beach-pro-tour-elite\/javascript:window.print();\" title=\"Imprimer la page\" rel=\"nofollow noopener\" target=\"_blank\"><\/p>\n<p>        <img loading=\"lazy\" decoding=\"async\" width=\"16\" height=\"18\" src=\"https:\/\/www.europesays.com\/fr\/wp-content\/uploads\/2025\/04\/share-icon.png\" alt=\"Partager\"\/><\/p>\n<p class=\"paragraph textModule textModule--type-paragraph \" style=\"\">Apr\u00e8s une premi\u00e8re pr\u00e9sentation couronn\u00e9e de succ\u00e8s en 2023, le tournoi r\u00e9unissant 32 des meilleurs duos f\u00e9minins et masculins de\u00a0la s\u00e9rie\u00a0Elite16 de Volleyball World a \u00e9t\u00e9 annul\u00e9 l\u2019an dernier. Les co\u00fbts du montage et du d\u00e9montage des gradins et l\u2019impr\u00e9visibilit\u00e9 du financement public avaient \u00e9t\u00e9 cit\u00e9s par le fondateur du festival SMASH, Patrice Brunet, qui avait \u00e9galement renonc\u00e9 \u00e0 tenir le Triathlon mondial en septembre dernier.<\/p>\n<p class=\"paragraph textModule textModule--type-paragraph \" style=\"\">\u00ab\u00a0C\u2019est Tourisme Montr\u00e9al qui nous a sollicit\u00e9s l\u2019ann\u00e9e derni\u00e8re pour savoir si, selon nous, cet \u00e9v\u00e8nement pouvait \u00eatre viable et repens\u00e9\u00a0\u00bb, a r\u00e9v\u00e9l\u00e9 le nouveau directeur g\u00e9n\u00e9ral du Beach Pro Tour, Joseph Limare, qui occupe les m\u00eames fonctions pour le cyclisme et le marathon.<\/p>\n<p class=\"paragraph textModule textModule--type-paragraph \" style=\"\">Apr\u00e8s avoir d\u00e9clin\u00e9 l\u2019invitation initiale de relancer le tournoi d\u00e8s 2024, le promoteur a\u00a0pris quelques mois pour analyser les caract\u00e9ristiques du circuit et discuter avec Volleyball World, qui chapeaute toutes les comp\u00e9titions internationales. \u00c0 la fin de l\u2019ann\u00e9e, \u00ab\u00a0les bailleurs de fonds publics\u00a0\u00bb ont\u00a0garanti leur participation.<\/p>\n<p class=\"paragraph textModule textModule--type-paragraph \" style=\"\">\u00ab\u00a0En janvier, on a confirm\u00e9 une entente de quatre ans pour une licence au Qu\u00e9bec\u00a0\u00bb, a\u00a0indiqu\u00e9 le DG en entrevue t\u00e9l\u00e9phonique, ajoutant que la prochaine \u00e9tape \u00e9tait de trouver des partenaires priv\u00e9s pour bonifier un budget global qui surpasse les 2\u00a0millions de dollars. Sport Canada n\u2019a toujours pas donn\u00e9 sa r\u00e9ponse dans le cadre de son programme d\u2019accueil de manifestations sportives unisport.<\/p>\n<p class=\"paragraph textModule textModule--type-paragraph \" style=\"\">Le d\u00e9placement du lieu de la comp\u00e9tition de\u00a0la ligne de d\u00e9part\/arriv\u00e9e \u00e0 l\u2019\u00e9pingle du\u00a0circuit de course automobile permettra d\u2019utiliser une partie des gradins destin\u00e9s au Grand Prix de Formule 1, qui s\u2019est d\u00e9roul\u00e9 dimanche. \u00ab\u00a0On a choisi de rendre l\u2019\u00e9v\u00e8nement plus accessible et surtout de\u00a0construire les terrains l\u00e0 o\u00f9 il y a des tribunes existantes\u00a0\u00bb, a pr\u00e9cis\u00e9 M.\u00a0Limare, relevant la proximit\u00e9 de la station de m\u00e9tro de l\u2019\u00eele Sainte-H\u00e9l\u00e8ne.<\/p>\n<p class=\"paragraph textModule textModule--type-paragraph \" style=\"\">Le court principal pourra accueillir environ 3200\u00a0spectateurs, contre 800 pour le terrain secondaire. Une zone VIP am\u00e9nag\u00e9e entre les deux surfaces de jeu permettra aux privil\u00e9gi\u00e9s de suivre deux matchs en m\u00eame\u00a0temps. Mis en vente au grand public \u00e0 partir de mardi, les billets les moins chers se d\u00e9taillent 25\u00a0$. Ils peuvent monter jusqu\u2019\u00e0 300\u00a0$ pour les demi-finales et finales du dimanche dans l\u2019espace VIP.<\/p>\n<p class=\"epigraph textModule textModule--type-epigraph \" style=\"\">Les organisateurs visent \u00e0 attirer 20\u00a0000\u00a0spectateurs pour les cinq jours de comp\u00e9tition, par rapport \u00e0\u00a015\u00a0000 lors du tournoi inaugural. L\u2019objectif est d\u2019\u00e9couler 25\u00a0000\u00a0billets en\u00a02028.<\/p>\n<p class=\"paragraph textModule textModule--type-paragraph \" style=\"\">\u00ab\u00a0Les Montr\u00e9alais sont tr\u00e8s int\u00e9ress\u00e9s par cet \u00e9v\u00e8nement et Montr\u00e9al est une ville de sport, a fait valoir le DG. On se rend compte qu\u2019il y a une explosion de la pratique du volleyball et du nombre de licenci\u00e9s au Canada. Il y a donc une demande. On l\u2019a vu avec le succ\u00e8s de la\u00a0Ligue des nations \u00e0 Qu\u00e9bec la\u00a0semaine\u00a0derni\u00e8re.\u00a0\u00bb<\/p>\n<p class=\"paragraph textModule textModule--type-paragraph \" style=\"\">Au total, pr\u00e8s de 40\u00a0000\u00a0personnes ont\u00a0assist\u00e9 \u00e0 la comp\u00e9tition pr\u00e9sent\u00e9e au\u00a0Centre Vid\u00e9otron, dont une foule de 12\u00a0302\u00a0spectateurs pour un duel Canada-France, un record d\u2019affluence pour un match de volleyball en Am\u00e9rique du Nord.<\/p>\n<p class=\"paragraph textModule textModule--type-paragraph \" style=\"\">Les Canadiennes Melissa Humana-Paredes et Brandie Wilkerson, tenantes du titre \u00e0\u00a0Montr\u00e9al, ont \u00e9t\u00e9 \u00ab\u00a0les premi\u00e8res \u00e0 confirmer leur pr\u00e9sence\u00a0\u00bb en ao\u00fbt dernier, s\u2019est r\u00e9joui Joseph Limare. Ce dernier garantit aux m\u00e9daill\u00e9es d\u2019argent olympiques un laissez-passer si elles ne figurent pas parmi les 12\u00a0meilleures paires invit\u00e9es au tableau principal dans deux mois. Quatre autres duos seront issus des qualifications disput\u00e9es le mercredi et auxquelles des joueurs locaux auront acc\u00e8s.<\/p>\n<p>                                        <img decoding=\"async\" src=\"https:\/\/www.europesays.com\/fr\/wp-content\/uploads\/2025\/06\/614da47ef61e34128af6c2a0318ea4de.jpg\" alt=\"\" class=\"photoModule__visual\" itemprop=\"contentUrl url\"\/><\/p>\n<p class=\"credit photoModule__caption photoModule__caption--credit\" style=\"\">\n                    PHOTO ADRIAN WYLD, ARCHIVES LA PRESSE CANADIENNE\n                <\/p>\n<p class=\"description photoModule__caption photoModule__caption--description\" style=\"\">\n                    Brandie Wilkerson et Melissa Humana-Paredes\n                <\/p>\n<p class=\"paragraph textModule textModule--type-paragraph \" style=\"\">\u00ab\u00a0Montr\u00e9al occupe une place bien sp\u00e9ciale dans nos c\u0153urs, surtout depuis le succ\u00e8s retentissant du dernier tournoi organis\u00e9 ici,\u00a0a affirm\u00e9 Humana-Paredes dans un communiqu\u00e9. Les fans m\u2019ont compl\u00e8tement renvers\u00e9e avec leur passion et leur fiert\u00e9\u00a0! Je\u00a0sais que plusieurs athl\u00e8tes ont h\u00e2te de revenir, tout comme moi et Brandie en tant\u00a0que championnes en titre.\u00a0\u00bb<\/p>\n<p class=\"paragraph textModule textModule--type-paragraph \" style=\"\">Le DG de Beach Volleyball \u00c9v\u00e9nements, le\u00a0nom du nouvel OBNL, promet une \u00ab\u00a0ambiance festive\u00a0\u00bb et une \u00ab\u00a0communion avec le public\u00a0\u00bb\u00a0: \u00ab\u00a0Le public fait partie de l\u2019\u00e9preuve. Il y aura de la musique pendant les\u00a0matchs, un DJ, on va avoir un village des\u00a0fans, un espace-famille et une offre\u00a0alimentaire.\u00a0\u00bb<\/p>\n<p class=\"paragraph textModule textModule--type-paragraph \" style=\"\">Montr\u00e9al sera le seul arr\u00eat nord-am\u00e9ricain du circuit\u00a0Elite16, qui compte 11\u00a0tournois r\u00e9partis en Europe, au Br\u00e9sil, en Afrique du\u00a0Sud et au Qatar.<\/p>\n<p><a class=\"linkModule SPO\" href=\"https:\/\/mtlbeachprotour.com\/\" target=\"_blank\" style=\"&#010;                \" rel=\"nofollow noopener\"><\/p>\n<p>        Consultez le site du Montr\u00e9al Beach Pro Tour<\/p>\n<p><\/a><\/p>\n<p class=\"chapter textModule textModule--type-chapter&#10;    \" style=\"\">\u00ab\u00a0\u00c7a reste fastidieux\u00a0\u00bb<\/p>\n<p class=\"paragraph textModule textModule--type-paragraph&#10;    \" style=\"\">En plus des Grands Prix cyclistes WorldTour, du\u00a0Marathon Beneva de Montr\u00e9al et maintenant du Beach Pro Tour\u00a0\u2013 \u00c9lite, le groupe dirig\u00e9 par\u00a0le\u00a0PDG S\u00e9bastien Arsenault planche sur l\u2019organisation des Championnats du monde de\u00a0cyclisme sur route UCI, qui se d\u00e9rouleront \u00e0\u00a0Montr\u00e9al en 2026. Deux \u00e9preuves f\u00e9minines WorldTour sont \u00e9galement dans les cartons pour 2027, mais le DG Joseph Limare a pr\u00e9venu que son \u00e9quipe n\u2019ira pas de l\u2019avant sans obtenir au pr\u00e9alable un engagement politique des diff\u00e9rents ordres de gouvernement. \u00ab\u00a0Chaque fois qu\u2019on se lance dans un nouveau projet ou qu\u2019on est dans la continuit\u00e9 de nos projets existants, on doit solliciter un minimum de sept minist\u00e8res, bureaux ou paliers gouvernementaux, d\u00e9plore-t-il. C\u2019est quasiment une ressource \u00e0 temps plein qui doit travailler sur ces suivis.\u00a0\u00bb Au dernier Sommet du sport, il a demand\u00e9 un \u00ab\u00a0guichet unique\u00a0\u00bb pour les promoteurs. \u00ab\u00a0Tourisme Montr\u00e9al est un leader pour faire avancer les choses de ce c\u00f4t\u00e9,\u00a0mais \u00e7a reste fastidieux\u00a0\u00bb, souligne-t-il.<\/p>\n","protected":false},"excerpt":{"rendered":"Apr\u00e8s une absence d\u2019un an, les t\u00eates d\u2019affiche mondiales du volleyball de plage reviendront \u00e0 Montr\u00e9al l\u2019\u00e9t\u00e9 prochain.&hellip;\n","protected":false},"author":2,"featured_media":183331,"comment_status":"","ping_status":"","sticky":false,"template":"","format":"standard","meta":{"footnotes":""},"categories":[1417],"tags":[1011,27,60,1470,1469],"class_list":{"0":"post-183330","1":"post","2":"type-post","3":"status-publish","4":"format-standard","5":"has-post-thumbnail","7":"category-volley","8":"tag-fr","9":"tag-france","10":"tag-sports","11":"tag-volley","12":"tag-volleyball"},"share_on_mastodon":{"url":"https:\/\/pubeurope.com\/@fr\/114698736388062219","error":""},"_links":{"self":[{"href":"https:\/\/www.europesays.com\/fr\/wp-json\/wp\/v2\/posts\/183330","targetHints":{"allow":["GET"]}}],"collection":[{"href":"https:\/\/www.europesays.com\/fr\/wp-json\/wp\/v2\/posts"}],"about":[{"href":"https:\/\/www.europesays.com\/fr\/wp-json\/wp\/v2\/types\/post"}],"author":[{"embeddable":true,"href":"https:\/\/www.europesays.com\/fr\/wp-json\/wp\/v2\/users\/2"}],"replies":[{"embeddable":true,"href":"https:\/\/www.europesays.com\/fr\/wp-json\/wp\/v2\/comments?post=183330"}],"version-history":[{"count":0,"href":"https:\/\/www.europesays.com\/fr\/wp-json\/wp\/v2\/posts\/183330\/revisions"}],"wp:featuredmedia":[{"embeddable":true,"href":"https:\/\/www.europesays.com\/fr\/wp-json\/wp\/v2\/media\/183331"}],"wp:attachment":[{"href":"https:\/\/www.europesays.com\/fr\/wp-json\/wp\/v2\/media?parent=183330"}],"wp:term":[{"taxonomy":"category","embeddable":true,"href":"https:\/\/www.europesays.com\/fr\/wp-json\/wp\/v2\/categories?post=183330"},{"taxonomy":"post_tag","embeddable":true,"href":"https:\/\/www.europesays.com\/fr\/wp-json\/wp\/v2\/tags?post=183330"}],"curies":[{"name":"wp","href":"https:\/\/api.w.org\/{rel}","templated":true}]}}