{"id":183346,"date":"2025-06-17T12:44:14","date_gmt":"2025-06-17T12:44:14","guid":{"rendered":"https:\/\/www.europesays.com\/fr\/183346\/"},"modified":"2025-06-17T12:44:14","modified_gmt":"2025-06-17T12:44:14","slug":"des-toiles-a-plusieurs-millions-a-art-basel-malgre-le-refroidissement-du-marche-de-lart-16-06-2025-a-2013","status":"publish","type":"post","link":"https:\/\/www.europesays.com\/fr\/183346\/","title":{"rendered":"Des toiles \u00e0 plusieurs millions \u00e0 Art Basel malgr\u00e9 le refroidissement du march\u00e9 de l&rsquo;art &#8211; 16\/06\/2025 \u00e0 20:13"},"content":{"rendered":"<p>        <img fetchpriority=\"high\" decoding=\"async\" src=\"https:\/\/www.europesays.com\/fr\/wp-content\/uploads\/2025\/06\/7c0b7909eb823923dddb5e673847f961-760x507.jpg\" alt=\"( AFP \/ FABRICE COFFRINI )\" loading=\"eager\" width=\"760\" height=\"507\" style=\"max-width: 100%!important; height: auto;\"\/><\/p>\n<p class=\"c-image-news__legend\">( AFP \/ FABRICE COFFRINI )<\/p>\n<p>\n La foire de l&rsquo;art de B\u00e2le ouvrira ses portes au public jeudi, apr\u00e8s deux journ\u00e9es et demi r\u00e9serv\u00e9es aux collectionneurs, et va permettre de prendre la temp\u00e9rature du march\u00e9 de l&rsquo;art contemporain, refroidi par les incertitudes \u00e9conomiques et g\u00e9opolitiques.\n<\/p>\n<p>\n D\u00e8s la semaine derni\u00e8re, avant m\u00eame que l&rsquo;\u00e9v\u00e9nement ne d\u00e9bute, des gros chiffres commen\u00e7aient d\u00e9j\u00e0 \u00e0 circuler, la galerie new-yorkaise Pace pr\u00e9voyant de proposer une toile de Pablo Picasso \u00e0 plus de 30 millions de dollars (25,8 millions d&rsquo;euros).\n<\/p>\n<p>\n Elle esp\u00e8re \u00e9galement trouver un acqu\u00e9reur pour une oeuvre de la peintre et graveuse am\u00e9ricaine Joan Mitchell aux environs de 15 \u00e0 20 millions de dollars, faisant fi de la r\u00e9cente ti\u00e9deur de la demande lors des ench\u00e8res de printemps \u00e0 New York.\n<\/p>\n<p>\n Art Basel est un \u00e9v\u00e9nement \u00e0 part dans le monde l&rsquo;art. Les galeries, artistes et riches collectionneurs se pressent chaque ann\u00e9e \u00e0 B\u00e2le, en Suisse, pour participer \u00e0 cette grand-messe o\u00f9 se scellent toujours de tr\u00e8s grosses ventes.\n<\/p>\n<p>\n En 2022, en pleine euphorie du march\u00e9 de l&rsquo;art, une sculpture de l&rsquo;artiste franco-am\u00e9ricaine Louise Bourgeois y avait trouv\u00e9 preneur pour 40 millions de dollars.\n<\/p>\n<p>\n L&rsquo;ann\u00e9e suivante, une autre de ses sculptures s&rsquo;\u00e9tait vendue \u00e0 22,5 millions de dollars, tandis qu&rsquo;en 2024 une toile de Joan Mitchell \u00e9tait partie \u00e0 20 millions de dollars.\n<\/p>\n<p>\n L&rsquo;\u00e9dition 2025, qui r\u00e9unit 289 galeries venues d&rsquo;une quarantaine de pays, se tient cependant dans un climat beaucoup moins porteur. Car malgr\u00e9 des ventes \u00e0 huit chiffres l&rsquo;an pass\u00e9, le march\u00e9 de l&rsquo;art dans son ensemble s&rsquo;est d\u00e9j\u00e0 nettement repli\u00e9 en 2024.\n<\/p>\n<p>\n Selon un rapport r\u00e9alis\u00e9 pour Art Basel par le cabinet Arts Economics et la banque suisse UBS, les ventes sur le march\u00e9 de l&rsquo;art ont d\u00e9clin\u00e9 de 12% en 2024, \u00e0 57,5 milliards de dollars, apr\u00e8s deux ann\u00e9es de forte hausse en 2021 et 2022. Le march\u00e9 avait toutefois donn\u00e9 des premiers signes d&rsquo;essoufflement d\u00e8s 2023.\n<\/p>\n<p> &#8211; Valeurs s\u00fbres &#8211;<\/p>\n<p>\n Ce repli a surtout touch\u00e9 les maisons d&rsquo;ench\u00e8res, avec un recul des ventes estim\u00e9 \u00e0 20%, \u00e0 23,4 milliards de dollars, celles des galeries fl\u00e9chissant de 6%, \u00e0 34,1 milliards de dollars.\n<\/p>\n<p>\n L&rsquo;an pass\u00e9, la demande a \u00e9t\u00e9 frein\u00e9e par les incertitudes autour de nombreuses \u00e9lections, qui se sont ajout\u00e9es aux incertitudes \u00e9conomiques, touchant en particulier les segments de prix les plus \u00e9lev\u00e9s, notamment les oeuvres \u00e0 plus de 10 millions de dollars, d&rsquo;apr\u00e8s ce rapport.\n<\/p>\n<p>\n Dans un classement des artistes contemporains les plus cot\u00e9s aux ench\u00e8res, la soci\u00e9t\u00e9 d&rsquo;assurances Hiscox constate \u00e9galement une chute de la demande pour les oeuvres r\u00e9centes.\n<\/p>\n<p>\n En 2024, la valeur des ventes pour les oeuvres cr\u00e9\u00e9es apr\u00e8s 2000 s&rsquo;est contract\u00e9e de 27%, les collectionneurs pr\u00e9f\u00e9rant celles plus anciennes d&rsquo;artistes \u00e9tablis.\n<\/p>\n<p>\n \u00ab\u00a0Il y a une tendance aux valeurs refuges, \u00e0 se repositionner sur des valeurs s\u00fbres\u00a0\u00bb, observe pour l&rsquo;AFP Julie Hugues, responsable du march\u00e9 de l&rsquo;art chez cet assureur, qui note que les collectionneurs privil\u00e9gient davantage les oeuvres sur lesquelles ils sont plus certains de la valeur de leur placement, au d\u00e9triment des jeunes artistes.\n<\/p>\n<p>\n Elle constate \u00ab\u00a0un certain attentisme\u00a0\u00bb, d&rsquo;autant que l&rsquo;incertitude s&rsquo;est encore amplifi\u00e9e depuis d\u00e9but 2025, avec les tensions g\u00e9opolitiques et multiples rebondissements autour des droits de douane de la Maison Blanche.\n<\/p>\n<p>\n \u00ab\u00a0Actuellement, il y a moins de transactions parce que tout le monde attend de voir ce qui va se passer\u00a0\u00bb, explique-t-elle.\n<\/p>\n<p>\n La foire va donc \u00eatre suivie de pr\u00e8s par les professionnels du march\u00e9, m\u00eame si elle est souvent consid\u00e9r\u00e9e comme un thermom\u00e8tre imparfait. Compte tenu de la qualit\u00e9 des pi\u00e8ces qui y sont pr\u00e9sent\u00e9es, de grosses ventes continuent souvent de s&rsquo;y conclure, m\u00eame quand le reste du march\u00e9 faiblit.\n<\/p>\n<p>\n Les galeries y apportent toujours leurs plus belles pi\u00e8ces, notamment pour sa section appel\u00e9e Unlimited, qui regroupe les oeuvres de tr\u00e8s grande taille, donnant \u00e0 l&rsquo;\u00e9v\u00e9nement des allures de mus\u00e9e.\n<\/p>\n<p>\n La foire accueillera d&rsquo;abord les grands collectionneurs, puis ouvrira ses portes au public du 19 au 22 juin. L&rsquo;an pass\u00e9, l&rsquo;\u00e9v\u00e9nement avait attir\u00e9 91.000 visiteurs.\n<\/p>\n<p>\n noo\/jco<\/p>\n","protected":false},"excerpt":{"rendered":"( AFP \/ FABRICE COFFRINI ) La foire de l&rsquo;art de B\u00e2le ouvrira ses portes au public jeudi,&hellip;\n","protected":false},"author":2,"featured_media":183347,"comment_status":"","ping_status":"","sticky":false,"template":"","format":"standard","meta":{"footnotes":""},"categories":[1358],"tags":[400,1348,1384,1385,398,408,405,1386,58,59,1011,27,403,402,399,404,401,406,407],"class_list":{"0":"post-183346","1":"post","2":"type-post","3":"status-publish","4":"format-standard","5":"has-post-thumbnail","7":"category-arts-et-design","8":"tag-action-cac-40","9":"tag-arts","10":"tag-arts-and-design","11":"tag-arts-et-design","12":"tag-bourse-de-paris","13":"tag-boursorama","14":"tag-cotations","15":"tag-design","16":"tag-divertissement","17":"tag-entertainment","18":"tag-fr","19":"tag-france","20":"tag-indices-devises","21":"tag-investir","22":"tag-investissement","23":"tag-marche-boursier","24":"tag-sicav","25":"tag-trackers","26":"tag-warrants"},"share_on_mastodon":{"url":"https:\/\/pubeurope.com\/@fr\/114698771750219497","error":""},"_links":{"self":[{"href":"https:\/\/www.europesays.com\/fr\/wp-json\/wp\/v2\/posts\/183346","targetHints":{"allow":["GET"]}}],"collection":[{"href":"https:\/\/www.europesays.com\/fr\/wp-json\/wp\/v2\/posts"}],"about":[{"href":"https:\/\/www.europesays.com\/fr\/wp-json\/wp\/v2\/types\/post"}],"author":[{"embeddable":true,"href":"https:\/\/www.europesays.com\/fr\/wp-json\/wp\/v2\/users\/2"}],"replies":[{"embeddable":true,"href":"https:\/\/www.europesays.com\/fr\/wp-json\/wp\/v2\/comments?post=183346"}],"version-history":[{"count":0,"href":"https:\/\/www.europesays.com\/fr\/wp-json\/wp\/v2\/posts\/183346\/revisions"}],"wp:featuredmedia":[{"embeddable":true,"href":"https:\/\/www.europesays.com\/fr\/wp-json\/wp\/v2\/media\/183347"}],"wp:attachment":[{"href":"https:\/\/www.europesays.com\/fr\/wp-json\/wp\/v2\/media?parent=183346"}],"wp:term":[{"taxonomy":"category","embeddable":true,"href":"https:\/\/www.europesays.com\/fr\/wp-json\/wp\/v2\/categories?post=183346"},{"taxonomy":"post_tag","embeddable":true,"href":"https:\/\/www.europesays.com\/fr\/wp-json\/wp\/v2\/tags?post=183346"}],"curies":[{"name":"wp","href":"https:\/\/api.w.org\/{rel}","templated":true}]}}