{"id":183350,"date":"2025-06-17T12:46:11","date_gmt":"2025-06-17T12:46:11","guid":{"rendered":"https:\/\/www.europesays.com\/fr\/183350\/"},"modified":"2025-06-17T12:46:11","modified_gmt":"2025-06-17T12:46:11","slug":"avant-premiere-les-feux-de-lamour-du-19-juin-2025-episode-9245-tf1","status":"publish","type":"post","link":"https:\/\/www.europesays.com\/fr\/183350\/","title":{"rendered":"Avant-premi\u00e8re &#8211; Les feux de l&#039;amour du 19 juin 2025 &#8211; Episode 9245 &#8211; TF1+"},"content":{"rendered":"<ol>\n<li><a href=\"https:\/\/news.google.com\/rss\/articles\/CBMixAFBVV95cUxPRHJ4Z05LMmlOaG9RVU8yWmViRTdqT0tLSnlRRFplcmNVVE5fYS10cURNWGNaUkdsU3YwTjNRODFMTWdmMDJRUXh3a0tITlpnMHU3UUNrMmQ5OWtYZGM4YlI0bFN4RTJaOXRaVThxR2paakhjTkM2ZmVmc1lUUmVILVdGT0ozVjBjb0R2M0pLOVBSakk2SE9WZnVPR1BhTmQ3Wjl5RnRnMXhMelJ6SVk3Njg2SWFQSzE4WlIwYTBNM2R0dzZ3?oc=5\" target=\"_blank\" rel=\"noopener\">Avant-premi\u00e8re &#8211; Les feux de l&rsquo;amour du 19 juin 2025 &#8211; Episode 9245<\/a>&nbsp;&nbsp;TF1+<\/li>\n<li><a href=\"https:\/\/news.google.com\/rss\/articles\/CBMikwFBVV95cUxQdEsxSzRub29ZdHk1dU9VY1FfVllHWWFJMUpsSFc0ZTV2Z0o2ZmhsTjdMUmhkZURpaERfRkwwRHZQbkhsaHNIRW13M1JWV0E2UW5pbElYSXpjOXktNHp5dUo3WVA1TjhNWG15ODRIS1ZROWdqUUdXWWJjQkxwWHRIZGlPd1poc09qdXRSbUZrbnBzRzA?oc=5\" target=\"_blank\" rel=\"noopener\">La Une HD &#8211; Les feux de l&rsquo;amour &#8211; E6846 \u00c9pisode 6846<\/a>&nbsp;&nbsp;Pickx.be<\/li>\n<li><a href=\"https:\/\/news.google.com\/rss\/articles\/CBMiwAFBVV95cUxOQkFBUGZNQ0xmWS1zQldjY2JGcGNYQjBnY0hYUWlfS1lqdjdsZmc1Q3hNZWpTbWlJX0piQTNvaFpOYVF2YlhsQ3hVa0MzOHZVRlBUbjFublQya0xxSnlheG5MenpHOWVwNFVwTGJ5c0FmUmNDM0dYYXFNSjFER09ibnpJa0RzakZHMENIU18tRXF3WG83akkyME10bFAxN1p5RWhoQ2JGT3J2bC1va0FGWTB6bndMakVrNHRsLUhRX1A?oc=5\" target=\"_blank\" rel=\"noopener\">Les Feux de l&rsquo;Amour: R\u00e9sum\u00e9 de l&rsquo;\u00e9pisode du 17 juin 2025 (Rtbf)<\/a>&nbsp;&nbsp;soap-passion.com<\/li>\n<li><a href=\"https:\/\/news.google.com\/rss\/articles\/CBMixwFBVV95cUxOTkFXOC1rU1h1WVplMlV1OURCSnEwVDYtbU1heFl6cFBGbWczMmRlMlBOeVN0UVBtdUhLQkd0UDhOV3NvNHB0QTZmOVlKbkJiNk02Z2pveFlsVEFpdnZSMFF6QXJwR1ZsdUlrNFM2WlZMUEdXY2RBODFiN3EycElQaDVnaDBNU3ZGU0JuQzNhZFlmTmJOdXMzb0VUakNrMkNkaTB5cXJCN1hEUEFwa1pFMXJpY2xseDNFMEpvZ0h1eEhUa2NSOVZv?oc=5\" target=\"_blank\" rel=\"noopener\">Les Feux de l&rsquo;Amour, spoilers semaine du 16 juin 2025 aux USA<\/a>&nbsp;&nbsp;soap-passion.com<\/li>\n<li><a href=\"https:\/\/news.google.com\/rss\/articles\/CBMivgFBVV95cUxNNWxfUDN3VHoyVUNxbWZ0cmRsbGstR0s4UlU0TTUxX3VLREFDbnZ3enFvV2NOYVJVMHNTM2dJTEVtTWJCalo1YkR2bVhsakhCYlo2ZmpISDZUaHkzVWNFc2hqZWloN3RIU0VLQ1pqbXR3em03LXMzdGowZHZkYVNRdE5TM182ZnNucVFpNGZySTZLSnZhdG5VVkxZUlJSdE1yWkMwazFfTTBSVnVxQ3YydklhaGhCV0R6aGZhcDRR?oc=5\" target=\"_blank\" rel=\"noopener\">Les Feux de l&rsquo;Amour: R\u00e9sum\u00e9 de l&rsquo;\u00e9pisode du 17 juin 2025 (Tf1)<\/a>&nbsp;&nbsp;soap-passion.com<\/li>\n<\/ol>\n","protected":false},"excerpt":{"rendered":"Avant-premi\u00e8re &#8211; Les feux de l&rsquo;amour du 19 juin 2025 &#8211; Episode 9245&nbsp;&nbsp;TF1+ La Une HD &#8211; Les&hellip;\n","protected":false},"author":2,"featured_media":183351,"comment_status":"","ping_status":"","sticky":false,"template":"","format":"standard","meta":{"footnotes":""},"categories":[1356],"tags":[58,59,1365,15848,1011,27,15850,15849,15852,252,1364,15853,15851],"class_list":{"0":"post-183350","1":"post","2":"type-post","3":"status-publish","4":"format-standard","5":"has-post-thumbnail","7":"category-television","8":"tag-divertissement","9":"tag-entertainment","10":"tag-episode","11":"tag-episode-les-feux-de-lamour","12":"tag-fr","13":"tag-france","14":"tag-les-feux-de-lamour","15":"tag-les-feux-de-lamour-episode","16":"tag-streaming-les-feux-de-lamour","17":"tag-television","18":"tag-tv","19":"tag-video-en-streaming-les-feux-de-lamour","20":"tag-video-les-feux-de-lamour"},"share_on_mastodon":{"url":"https:\/\/pubeurope.com\/@fr\/114698779636488046","error":""},"_links":{"self":[{"href":"https:\/\/www.europesays.com\/fr\/wp-json\/wp\/v2\/posts\/183350","targetHints":{"allow":["GET"]}}],"collection":[{"href":"https:\/\/www.europesays.com\/fr\/wp-json\/wp\/v2\/posts"}],"about":[{"href":"https:\/\/www.europesays.com\/fr\/wp-json\/wp\/v2\/types\/post"}],"author":[{"embeddable":true,"href":"https:\/\/www.europesays.com\/fr\/wp-json\/wp\/v2\/users\/2"}],"replies":[{"embeddable":true,"href":"https:\/\/www.europesays.com\/fr\/wp-json\/wp\/v2\/comments?post=183350"}],"version-history":[{"count":0,"href":"https:\/\/www.europesays.com\/fr\/wp-json\/wp\/v2\/posts\/183350\/revisions"}],"wp:featuredmedia":[{"embeddable":true,"href":"https:\/\/www.europesays.com\/fr\/wp-json\/wp\/v2\/media\/183351"}],"wp:attachment":[{"href":"https:\/\/www.europesays.com\/fr\/wp-json\/wp\/v2\/media?parent=183350"}],"wp:term":[{"taxonomy":"category","embeddable":true,"href":"https:\/\/www.europesays.com\/fr\/wp-json\/wp\/v2\/categories?post=183350"},{"taxonomy":"post_tag","embeddable":true,"href":"https:\/\/www.europesays.com\/fr\/wp-json\/wp\/v2\/tags?post=183350"}],"curies":[{"name":"wp","href":"https:\/\/api.w.org\/{rel}","templated":true}]}}