{"id":183352,"date":"2025-06-17T12:47:09","date_gmt":"2025-06-17T12:47:09","guid":{"rendered":"https:\/\/www.europesays.com\/fr\/183352\/"},"modified":"2025-06-17T12:47:09","modified_gmt":"2025-06-17T12:47:09","slug":"lheritage-du-rappeur-werenoi-roi-des-ventes-dalbums-en-france-vire-a-la-guerre-ouverte","status":"publish","type":"post","link":"https:\/\/www.europesays.com\/fr\/183352\/","title":{"rendered":"L&rsquo;h\u00e9ritage du rappeur Werenoi, roi des ventes d&rsquo;albums en France, vire \u00e0 la guerre ouverte"},"content":{"rendered":"<p><a href=\"https:\/\/www.dhnet.be\/medias\/musique\/2025\/05\/17\/artiste-discret-une-bete-de-ventes-et-un-gars-gentil-calme-simple-tres-discret-qui-etait-werenoi-le-rappeur-decede-a-seulement-31-ans-RZBPP7W5GFD5TCBZGCO6RAJQYY\/\" target=\"_blank\" rel=\"noopener noreferrer nofollow\" class=\"ap-StoryInterstitialLink ap-StoryElement ap-StoryElement--mb\">Artiste discret, une b\u00eate de ventes et un \u00ab\u00a0gars gentil, calme, simple, tr\u00e8s discret\u00a0\u00bb : qui \u00e9tait Werenoi, le rappeur d\u00e9c\u00e9d\u00e9 \u00e0 seulement 31 ans ?<\/a><\/p>\n<p class=\"ap-StoryElement ap-StoryElement--mb ap-StoryText\">L&rsquo;injonction \u00e0 ne pas \u00e9couter la musique de Werenoi n&rsquo;aura pas \u00e9t\u00e9 suivie dans les faits. Quelques jours \u00e0 peine apr\u00e8s sa mort, ses titres et albums connaissaient des envol\u00e9es spectaculaires sur les diff\u00e9rentes plateformes. De quoi \u00e9galement g\u00e9n\u00e9rer de plantureux profits pour ses ayants droit.<\/p>\n<p>Le million d&rsquo;euros au c\u0153ur de la discorde<\/p>\n<p class=\"ap-StoryElement ap-StoryElement--mb ap-StoryText\">La suite, c&rsquo;est une guerre des clans sans piti\u00e9 qui a \u00e9clat\u00e9 autour de l&rsquo;h\u00e9ritage du rappeur fran\u00e7ais. <a href=\"https:\/\/www.dhnet.be\/medias\/musique\/2025\/05\/19\/mort-de-werenoi-le-producteur-du-rappeur-sort-du-silence-M5UN5YUZUFDDZBEKAQEQCZK2K4\/\" target=\"_blank\" rel=\"nofollow noopener\">Babs, le producteur de Werenoi<\/a>, accuse la compagne du chanteur d&rsquo;avoir man\u0153uvr\u00e9 pour s&rsquo;approprier le magot. \u00ab\u00a0Mon fr\u00e8re t&rsquo;avait fait confiance, Fatima. Je t&rsquo;ai envoy\u00e9, de mon compte, un million d&rsquo;euros. D\u00e8s que tu as appris sa mort, tu t&rsquo;es pr\u00e9cipit\u00e9e pour appeler son avocat et lui fournir une fausse procuration, afin de mettre ses biens \u00e0 ton nom\u00a0\u00bb, a-t-il \u00e9crit sur les r\u00e9seaux sociaux. Il ponctue son message par ces mots : \u00ab\u00a0Tu seras maudite toute ta vie, et tu m&rsquo;auras sur ton dos jusqu&rsquo;\u00e0 ma mort. Tu fais souffrir une famille enti\u00e8re qui n&rsquo;arrive pas \u00e0 faire son deuil, et cette souffrance, tu la porteras en pleine figure\u00a0\u00bb.<\/p>\n<p>Menaces et passage \u00e0 tabac<\/p>\n<p class=\"ap-StoryElement ap-StoryElement--mb ap-StoryText\">Au Parisien, Fatima livre sa version des faits. Elle dit avoir \u00e9t\u00e9 tabass\u00e9e par le producteur de Werenoi dans la nuit du 21 au 22 mai. Sa confession n&rsquo;a qu&rsquo;un but, confie-t-elle : \u00ab\u00a0Raconter les violences dont j&rsquo;ai \u00e9t\u00e9 victime et d\u00e9noncer les mensonges qui circulent \u00e0 mon sujet mais en aucun cas mettre la famille de J\u00e9r\u00e9my (le pr\u00e9nom de Werenoi, NDLR) plus dans le malheur qu&rsquo;elle ne l&rsquo;est d\u00e9j\u00e0\u00a0\u00bb.<\/p>\n<p class=\"ap-StoryElement ap-StoryElement--mb ap-StoryText\">Au journal fran\u00e7ais, la jeune femme fait part des menaces qui lui ont \u00e9t\u00e9 adress\u00e9es, notamment via Whatsapp (\u00ab\u00a0Ma grande, tu devais m&rsquo;appeler aujourd&rsquo;hui, tu ne l&rsquo;as pas fait, un conseil ram\u00e8ne l&rsquo;argent\u00a0\u00bb). Des menaces qui portent sur elle mais aussi sa famille.<\/p>\n<p class=\"ap-StoryElement ap-StoryElement--mb ap-StoryText\">Une enqu\u00eate pour \u00ab\u00a0vol aggrav\u00e9\u00a0\u00bb et \u00ab\u00a0extorsion\u00a0\u00bb a \u00e9t\u00e9 ouverte par le parquet de Bobigny suite \u00e0 la plainte de la jeune femme, note Le Parisien. Elle vise Babs, le producteur du rappeur, et trois autres individus. Ils sont soup\u00e7onn\u00e9s de s&rsquo;en \u00eatre pris violemment \u00e0 Fatima pour r\u00e9cup\u00e9rer le million d&rsquo;euros que Werenoi aurait plac\u00e9 dans une banque aux \u00c9mirats arabes unis, l\u00e0 o\u00f9 Werenoi et Fatima habitaient. Un million d&rsquo;euros auquel Fatima n&rsquo;a pas acc\u00e8s puisqu&rsquo;il ne lui appartient pas, mart\u00e8le-t-elle.<\/p>\n<p><a href=\"https:\/\/www.dhnet.be\/actu\/monde\/2025\/05\/20\/le-rappeur-werenoi-a-ete-inhume-dans-son-quartier-de-montreuil-les-gens-se-reconnaissent-en-lui-parce-quil-etait-credible-BRTFREM365GUBBZLVR7OD65IJI\/\" target=\"_blank\" rel=\"noopener noreferrer nofollow\" class=\"ap-StoryInterstitialLink ap-StoryElement ap-StoryElement--mb\">Le rappeur Werenoi a \u00e9t\u00e9 inhum\u00e9 dans son quartier de Montreuil: \u00ab\u00a0Les gens se reconnaissent en lui parce qu&rsquo;il \u00e9tait cr\u00e9dible\u00a0\u00bb<\/a><\/p>\n<p class=\"ap-StoryElement ap-StoryElement--mb ap-StoryText\">Depuis la r\u00e9v\u00e9lation de l&rsquo;affaire par Le Parisien, l&rsquo;ex-compagne de Werenoi est aussi victime de cyberharc\u00e8lement, notamment de la part d&rsquo;influenceurs qui relaient les accusations port\u00e9es contre elles. Elle dit craindre pour sa s\u00e9curit\u00e9.<\/p>\n<p class=\"ap-StoryElement ap-StoryElement--mb ap-StoryText\">De son c\u00f4t\u00e9, le producteur de Werenoi dit agir pour la famille du rappeur. Il accuse Fatima de vouloir faire main basse sur la somme au c\u0153ur de la pol\u00e9mique.<\/p>\n","protected":false},"excerpt":{"rendered":"Artiste discret, une b\u00eate de ventes et un \u00ab\u00a0gars gentil, calme, simple, tr\u00e8s discret\u00a0\u00bb : qui \u00e9tait Werenoi,&hellip;\n","protected":false},"author":2,"featured_media":183353,"comment_status":"","ping_status":"","sticky":false,"template":"","format":"standard","meta":{"footnotes":""},"categories":[1355],"tags":[58,59,849,1011,27,1227,1361,873],"class_list":{"0":"post-183352","1":"post","2":"type-post","3":"status-publish","4":"format-standard","5":"has-post-thumbnail","7":"category-musique","8":"tag-divertissement","9":"tag-entertainment","10":"tag-festival","11":"tag-fr","12":"tag-france","13":"tag-horizontal","14":"tag-music","15":"tag-musique"},"share_on_mastodon":{"url":"https:\/\/pubeurope.com\/@fr\/114698783863486828","error":""},"_links":{"self":[{"href":"https:\/\/www.europesays.com\/fr\/wp-json\/wp\/v2\/posts\/183352","targetHints":{"allow":["GET"]}}],"collection":[{"href":"https:\/\/www.europesays.com\/fr\/wp-json\/wp\/v2\/posts"}],"about":[{"href":"https:\/\/www.europesays.com\/fr\/wp-json\/wp\/v2\/types\/post"}],"author":[{"embeddable":true,"href":"https:\/\/www.europesays.com\/fr\/wp-json\/wp\/v2\/users\/2"}],"replies":[{"embeddable":true,"href":"https:\/\/www.europesays.com\/fr\/wp-json\/wp\/v2\/comments?post=183352"}],"version-history":[{"count":0,"href":"https:\/\/www.europesays.com\/fr\/wp-json\/wp\/v2\/posts\/183352\/revisions"}],"wp:featuredmedia":[{"embeddable":true,"href":"https:\/\/www.europesays.com\/fr\/wp-json\/wp\/v2\/media\/183353"}],"wp:attachment":[{"href":"https:\/\/www.europesays.com\/fr\/wp-json\/wp\/v2\/media?parent=183352"}],"wp:term":[{"taxonomy":"category","embeddable":true,"href":"https:\/\/www.europesays.com\/fr\/wp-json\/wp\/v2\/categories?post=183352"},{"taxonomy":"post_tag","embeddable":true,"href":"https:\/\/www.europesays.com\/fr\/wp-json\/wp\/v2\/tags?post=183352"}],"curies":[{"name":"wp","href":"https:\/\/api.w.org\/{rel}","templated":true}]}}