{"id":183362,"date":"2025-06-17T12:52:10","date_gmt":"2025-06-17T12:52:10","guid":{"rendered":"https:\/\/www.europesays.com\/fr\/183362\/"},"modified":"2025-06-17T12:52:10","modified_gmt":"2025-06-17T12:52:10","slug":"om-5-mark-ii-place-a-lusb-c-et-la-photo-computationnelle","status":"publish","type":"post","link":"https:\/\/www.europesays.com\/fr\/183362\/","title":{"rendered":"OM-5 Mark II : place \u00e0 l\u2019USB-C et la photo computationnelle"},"content":{"rendered":"<p>                    <a aria-label=\"OM System OM-5 Mark II\" href=\"https:\/\/www.lesnumeriques.com\/appareil-photo-numerique\/om-system-om-5-mark-ii-p76764.html\" rel=\"nofollow noopener\" target=\"_blank\">OM System OM-5 Mark II<\/a><\/p>\n<p>                                                <a href=\"https:\/\/www.lesnumeriques.com\/appareil-photo-numerique\/om-system-om-5-mark-ii-p76764.html\" title=\"OM System OM-5 Mark II\" rel=\"nofollow noopener\" target=\"_blank\"><\/p>\n<p>            <img loading=\"lazy\" decoding=\"async\" src=\"data:image\/svg+xml,%3Csvg xmlns='http:\/\/www.w3.org\/2000\/svg'%3E%3C\/svg%3E\" draggable=\"false\" width=\"452\" height=\"254\" class=\"ed__title-xxs\" alt=\"OM System OM-5 Mark II\"\/><\/p>\n<p>                <\/a><\/p>\n<p>            En l&rsquo;absence d&rsquo;offres d\u00e9couvrez<\/p>\n<p>                Voir plus d&rsquo;offres\n        <\/p>\n<p>\n\tLes liens pr\u00e9sent\u00e9s ci-dessus pourraient ne pas fonctionner en pr\u00e9sence d&rsquo;un bloqueur de publicit\u00e9s.\n<\/p>\n<p>En bref<\/p>\n<ul class=\"ed__lists ed__bdy__l\">\n<li>Ce nouveau mod\u00e8le reprend la fiche technique du OM-5 de 2022, avec comme unique \u00e9volution majeure une prise USB-C (mais sans recharge en usage).<\/li>\n<li>Pas de nouveau capteur ni processeur, mais des ajustements pratiques comme un grip revu, un bouton CP d\u00e9di\u00e9 aux fonctions avanc\u00e9es et une interface utilisateur modernis\u00e9e.<\/li>\n<li>Vendu d\u00e8s mi-juillet \u00e0 partir de 1299 \u20ac, l\u2019OM-5 Mark II est propos\u00e9 avec une garantie 5 ans, une paire de jumelles et une batterie offerte pour toute commande avant le 31 juillet 2025.<\/li>\n<\/ul>\n<p class=\"ed__a-p ed__bdy__l\">Ceci n\u2019est pas vraiment un nouveau bo\u00eetier : l\u2019OM-5 Mark II qu\u2019OM System annonce ce jour est un appareil dont les composants sont tous connus, puisqu\u2019ils proviennent du premier OM-lanc\u00e9 en octobre 2022.<br \/>Mais nous sommes en juin 2025 et un \u00e9l\u00e9ment a chang\u00e9 entre ces deux ann\u00e9es : la r\u00e9gulation europ\u00e9enne. Depuis le premier janvier 2025, impossible en effet d\u2019importer un appareil photo num\u00e9rique \u00e9quip\u00e9 d\u2019autre chose que d\u2019une prise USB-C.<\/p>\n<p class=\"ed__a-p ed__bdy__l\">Face \u00e0 cette date butoir, les ing\u00e9nieurs d\u2019OM System, qui ont jug\u00e9 que l\u2019offre (et donc les ventes) de l\u2019OM-5 est encore bonne, ont donc proc\u00e9d\u00e9 \u00e0 une retouche fondamentale de leur bo\u00eetier milieu de gamme. Exit donc l\u2019ant\u00e9diluvienne prise Micro USB, bonjour une prise USB-C\u2026 Limit\u00e9e. Oui, car si la prise a \u00e9t\u00e9 chang\u00e9e, ce n\u2019est pas le cas des \u00e9tages d\u2019alimentation \u00e0 l\u2019int\u00e9rieur du bo\u00eetier. Impossible donc de recharger l\u2019appareil pendant son utilisation (en vid\u00e9o par exemple), la recharge ne fonctionne que l\u2019appareil \u00e9teint.<\/p>\n<p>        Publicit\u00e9, votre contenu continue ci-dessous<\/p>\n<p>Fiche technique de 5 ans d&rsquo;\u00e2ge<\/p>\n<p class=\"ed__a-p ed__bdy__l\"><img loading=\"lazy\" decoding=\"async\" src=\"data:image\/svg+xml,%3Csvg xmlns='http:\/\/www.w3.org\/2000\/svg'%3E%3C\/svg%3E\" draggable=\"false\" width=\"2000\" height=\"1500\" class=\"ed__title-xxs\" alt=\"\" style=\"background-color: #f2f2f2; aspect-ratio:2000\/1500;\"\/><\/p>\n<p class=\"ed__a-p ed__bdy__l\">Si on creuse la filiation de ce bo\u00eetier, l\u2019OM-5 II reprend donc la fiche technique du l\u2019OM-5 de 2022. Mais celui-ci r\u00e9cup\u00e9rait d\u00e9j\u00e0 le processeur TruePic IX et le capteur Live MOS 20 Mpix sont tous les deux issus de l\u2019OM-1 Mark III, le bo\u00eetier haut de gamme d\u2019Olympus en 2020. La fiche technique a au final 5 ans d\u2019\u00e2ge, ce qui explique que les performances pures \u2013 capteur, mais aussi AF \u2013 soient un peu dat\u00e9es.<\/p>\n<p class=\"ed__a-p ed__bdy__l\">Notez ici qu\u2019OM System n\u2019a gu\u00e8re le choix. Impossible en effet d\u2019int\u00e9grer le couteux capteur empil\u00e9 de l\u2019OM1 (Mark I\/Mark II). Le surco\u00fbt est trop grand, et cela phagocyterait les ventes des appareils plus chers. Et comme le march\u00e9 des capteurs Micro 4\/3 est tr\u00e8s r\u00e9duit et quasiment limit\u00e9 aux mod\u00e8les Sony, OM System ne dispose pas d\u2019autre option.<\/p>\n<p class=\"ed__a-p ed__bdy__l\"><img loading=\"lazy\" decoding=\"async\" src=\"data:image\/svg+xml,%3Csvg xmlns='http:\/\/www.w3.org\/2000\/svg'%3E%3C\/svg%3E\" draggable=\"false\" width=\"3000\" height=\"2000\" class=\"ed__title-xxs\" alt=\"L'OM-5 Mark II conserve un des avantages cl\u00e9s de la marque : la r\u00e9sistance aux poussi\u00e8res et \u00e0 l'humidit\u00e9 (IP 53), ainsi qu'au froid.\" style=\"background-color: #f2f2f2; aspect-ratio:3000\/2000;\"\/><\/p>\n<p>L&rsquo;OM-5 Mark II conserve un des avantages cl\u00e9s de la marque : la r\u00e9sistance aux poussi\u00e8res et \u00e0 l&rsquo;humidit\u00e9 (IP 53), ainsi qu&rsquo;au froid.<\/p>\n<p>\u00a9 OM System<\/p>\n<\/p>\n<p>        Publicit\u00e9, votre contenu continue ci-dessous<\/p>\n<p class=\"ed__a-p ed__bdy__l\">Il faut donc croiser les doigts pour que le monde des composants \u00e9lectroniques accouche de nouveaux capteurs Micro 4\/3, pas n\u00e9cessairement plus denses en pixels \u2013 quoi que\u2026 &#8211; mais proposant surtout des plages dynamiques et niveaux de bruits am\u00e9lior\u00e9s.<\/p>\n<p>\u00c9volutions ergonomiques int\u00e9ressantes<\/p>\n<p class=\"ed__a-p ed__bdy__l\"><img loading=\"lazy\" decoding=\"async\" src=\"data:image\/svg+xml,%3Csvg xmlns='http:\/\/www.w3.org\/2000\/svg'%3E%3C\/svg%3E\" draggable=\"false\" width=\"3000\" height=\"2000\" class=\"ed__title-xxs\" alt=\"\" style=\"background-color: #f2f2f2; aspect-ratio:3000\/2000;\"\/><\/p>\n<p class=\"ed__a-p ed__bdy__l\">Pas de suppl\u00e9ment de m\u00e9moire, pas de nouveau capteur ni de nouveau processeur d\u2019image, m\u00eames algorithmes, m\u00eame \u00e9cran tactile et m\u00eame viseur \u00e9lectronique (2,36 Mpix) : sur le plan de l\u2019\u00e9lectronique pure, les seules nouveaut\u00e9s sont la prise USB-C et un boost dans le viseur qui introduit un mode \u00ab vision nocturne \u00bb. Jugeant l\u2019offre technique suffisante \u2013 et cela se d\u00e9fend tout \u00e0 fait \u2013 OM System a cependant am\u00e9lior\u00e9 l\u2019ergonomie de son bo\u00eetier. Le grip a \u00e9t\u00e9 ainsi un peu retouch\u00e9, afin d\u2019offrir une meilleure pr\u00e9hension \u2013 mais sans nuire \u00e0 la compacit\u00e9.<\/p>\n<p class=\"ed__a-p ed__bdy__l\">La plus grosse am\u00e9lioration est l\u2019int\u00e9gration d\u2019un bouton CP, une commande qui donne un acc\u00e8s direct aux fonctions computationnelles d\u2019OM System : la simulation de filtre \u00e0 densit\u00e9 neutre en direct (Live ND), le mode haute d\u00e9finition (High Res Shot), l\u2019empilement des images \u00e0 distance de mise au point diff\u00e9rente (Focus Stacking), le mode haute plage dynamique (HDR) ou encore l\u2019Exposition multiple.<\/p>\n<p class=\"ed__a-p ed__bdy__l\">Des fonctions souvent exclusives \u00e0 la marque et qui lui permettent de se diff\u00e9rentier de ses comp\u00e9titeurs. Tout comme Fujifilm, qui met de plus en plus en avant le contr\u00f4le de ses rendus pellicule, OM System a compris que dans la course \u00e0 la technique pure, ce sont les atouts diff\u00e9renciants qu\u2019ils faut jouer.<\/p>\n<p class=\"ed__a-p ed__bdy__l\">On ajoute \u00e0 cela l\u2019introduction des nouveaux menus introduits par l\u2019OM-1 premier du nom, un brin plus clairs que les menus de l\u2019\u00e8re Olympus. Ou encore l\u2019utilisation de la lumi\u00e8re AF comme lampe d\u2019enregistrement en vid\u00e9o (tally light).<\/p>\n<p class=\"ed__a-p ed__bdy__l\"><img loading=\"lazy\" decoding=\"async\" src=\"data:image\/svg+xml,%3Csvg xmlns='http:\/\/www.w3.org\/2000\/svg'%3E%3C\/svg%3E\" draggable=\"false\" width=\"2000\" height=\"1607\" class=\"ed__title-xxs\" alt=\"\" style=\"background-color: #f2f2f2; aspect-ratio:2000\/1607;\"\/><\/p>\n<p class=\"ed__a-p ed__bdy__l\">Outre les traditionnels coloris noir et argent\u00e9s, OM System propose un troisi\u00e8me coloris appel\u00e9 \u00ab beige sable \u00bb. Une teinte qui ne sera disponible qu\u2019au lancement et uniquement jusqu\u2019\u00e0 la fin des stocks.<\/p>\n<p class=\"ed__a-p ed__bdy__l\">L\u2019OM-5 Mark II sera disponible \u00e0 partir de mi-juillet dans trois versions :<\/p>\n<ul class=\"ed__lists ed__bdy__l\">\n<li>OM-5 Mark II bo\u00eetier nu : 1299,00 \u20ac<\/li>\n<li>OM-5 Mark II + 12-45mm Pro f\/4.0 : 1699,00 \u20ac<\/li>\n<li>OM-5 Mark II + 14-150mm f\/4.0-5.6 II : 1699,00 \u20ac<\/li>\n<li\/>\n<\/ul>\n<p class=\"ed__a-p ed__bdy__l\">Pour s\u00e9duire le chaland tout en collant \u00e0 son image de marque \u00ab outdoor \u00bb, OM System offre de plus trois cadeaux pour tout achat\/commande avant le 31 juillet 2025 prochain :<\/p>\n<ul class=\"ed__lists ed__bdy__l\">\n<li>Une extension de garantie totale \u00e0 5 ans (valeur 149\u20ac)<\/li>\n<li>Une paire de jumelles 8\u201316&#215;40 (valeur 159\u20ac)<\/li>\n<li>Une batterie BLS-50 suppl\u00e9mentaire (valeur 54,90\u20ac)<\/li>\n<\/ul>\n<p>        Publicit\u00e9, votre contenu continue ci-dessous<\/p>\n<p class=\"ed__a-p ed__bdy__l\">Envie de faire encore plus d\u2019\u00e9conomies ? D\u00e9couvrez <a href=\"https:\/\/www.lesnumeriques.com\/codes-promo.html\" rel=\"nofollow noopener\" target=\"_blank\">nos codes promo<\/a> s\u00e9lectionn\u00e9s pour vous.<\/p>\n","protected":false},"excerpt":{"rendered":"OM System OM-5 Mark II En l&rsquo;absence d&rsquo;offres d\u00e9couvrez Voir plus d&rsquo;offres Les liens pr\u00e9sent\u00e9s ci-dessus pourraient ne&hellip;\n","protected":false},"author":2,"featured_media":183363,"comment_status":"","ping_status":"","sticky":false,"template":"","format":"standard","meta":{"footnotes":""},"categories":[7],"tags":[1011,27,43,40,41,39,42,44],"class_list":{"0":"post-183362","1":"post","2":"type-post","3":"status-publish","4":"format-standard","5":"has-post-thumbnail","7":"category-sciences-et-technologies","8":"tag-fr","9":"tag-france","10":"tag-science","11":"tag-science-and-technology","12":"tag-sciences","13":"tag-sciences-et-technologies","14":"tag-technologies","15":"tag-technology"},"share_on_mastodon":{"url":"https:\/\/pubeurope.com\/@fr\/114698803433651838","error":""},"_links":{"self":[{"href":"https:\/\/www.europesays.com\/fr\/wp-json\/wp\/v2\/posts\/183362","targetHints":{"allow":["GET"]}}],"collection":[{"href":"https:\/\/www.europesays.com\/fr\/wp-json\/wp\/v2\/posts"}],"about":[{"href":"https:\/\/www.europesays.com\/fr\/wp-json\/wp\/v2\/types\/post"}],"author":[{"embeddable":true,"href":"https:\/\/www.europesays.com\/fr\/wp-json\/wp\/v2\/users\/2"}],"replies":[{"embeddable":true,"href":"https:\/\/www.europesays.com\/fr\/wp-json\/wp\/v2\/comments?post=183362"}],"version-history":[{"count":0,"href":"https:\/\/www.europesays.com\/fr\/wp-json\/wp\/v2\/posts\/183362\/revisions"}],"wp:featuredmedia":[{"embeddable":true,"href":"https:\/\/www.europesays.com\/fr\/wp-json\/wp\/v2\/media\/183363"}],"wp:attachment":[{"href":"https:\/\/www.europesays.com\/fr\/wp-json\/wp\/v2\/media?parent=183362"}],"wp:term":[{"taxonomy":"category","embeddable":true,"href":"https:\/\/www.europesays.com\/fr\/wp-json\/wp\/v2\/categories?post=183362"},{"taxonomy":"post_tag","embeddable":true,"href":"https:\/\/www.europesays.com\/fr\/wp-json\/wp\/v2\/tags?post=183362"}],"curies":[{"name":"wp","href":"https:\/\/api.w.org\/{rel}","templated":true}]}}