{"id":183364,"date":"2025-06-17T12:53:10","date_gmt":"2025-06-17T12:53:10","guid":{"rendered":"https:\/\/www.europesays.com\/fr\/183364\/"},"modified":"2025-06-17T12:53:10","modified_gmt":"2025-06-17T12:53:10","slug":"lue-noffre-pas-un-accord-commercial-equitable-dit-trump-17-06-2025-a-1303","status":"publish","type":"post","link":"https:\/\/www.europesays.com\/fr\/183364\/","title":{"rendered":"L&rsquo;UE n&rsquo;offre pas un accord commercial \u00e9quitable, dit Trump &#8211; 17\/06\/2025 \u00e0 13:03"},"content":{"rendered":"<p>        <img fetchpriority=\"high\" decoding=\"async\" src=\"https:\/\/www.europesays.com\/fr\/wp-content\/uploads\/2025\/06\/56c06e0f82b342dfd9adc155ee7386bb-760x507.jpg\" alt=\"Le pr\u00e9sident am\u00e9ricain Donald Trump descend d'Air Force One apr\u00e8s son retour anticip\u00e9 du sommet des dirigeants du G7 au Canada, \u00e0 la base militaire conjointe Andrews\" loading=\"eager\" width=\"760\" height=\"507\" style=\"max-width: 100%!important; height: auto;\"\/><\/p>\n<p class=\"c-image-news__legend\">Le pr\u00e9sident am\u00e9ricain Donald Trump descend d&rsquo;Air Force One apr\u00e8s son retour anticip\u00e9 du sommet des dirigeants du G7 au Canada, \u00e0 la base militaire conjointe Andrews<\/p>\n<p>\n Le pr\u00e9sident am\u00e9ricain Donald Trump a d\u00e9clar\u00e9 mardi que l&rsquo;Union europ\u00e9enne (UE) n&rsquo;avait pas encore propos\u00e9 ce qu&rsquo;il consid\u00e9rait comme un accord commercial \u00e9quitable alors que Bruxelles est sous la menace de nouveaux droits de douane am\u00e9ricains.\n<\/p>\n<p>\n \u00ab\u00a0Nous discutons, mais je n&rsquo;ai pas l&rsquo;impression qu&rsquo;ils proposent un accord \u00e9quitable pour l&rsquo;instant\u00a0\u00bb, a d\u00e9clar\u00e9 Donald Trump \u00e0 des journalistes depuis l&rsquo;avion Air Force One alors qu&rsquo;il se rendait \u00e0 Washington apr\u00e8s avoir quitt\u00e9 de fa\u00e7on pr\u00e9matur\u00e9 le sommet du G7 au Canada.\n<\/p>\n<p>\n \u00ab\u00a0Soit ils concluent un bon accord, soit ils paient ce que nous leur demandons de payer\u00a0\u00bb, a-t-il ajout\u00e9.\n<\/p>\n<p>\n Le 9 avril, Donald Trump a suspendu pour 90 jours l&rsquo;instauration de droits de douane dits \u00ab\u00a0r\u00e9ciproques\u00a0\u00bb visant des dizaines de partenaires commerciaux, dont l&rsquo;UE, afin de parvenir \u00e0 des accords tarifaires.\n<\/p>\n<p>\n Lundi, le journal allemand Handelsblatt a rapport\u00e9 que l&rsquo;UE \u00e9tait pr\u00eate \u00e0 accepter \u00e0 certaines conditions un droit de douane am\u00e9ricain de 10% sur ses exportations, une information qualifi\u00e9e par la suite de \u00ab\u00a0sp\u00e9culative\u00a0\u00bb par la Commission europ\u00e9enne.\n<\/p>\n<p>\n Donald Trump a par ailleurs jug\u00e9 que le Japon, qui tente \u00e9galement de nouer un accord commercial avec Washington \u00e9tait \u00ab\u00a0dur\u00a0\u00bb dans les n\u00e9gociations.\n<\/p>\n<p>\n \u00ab\u00a0Ils sont durs, les Japonais sont durs, mais en fin de compte, vous devez comprendre que nous allons simplement envoyer une lettre disant &lsquo;voil\u00e0 ce que vous allez payer, sinon vous n&rsquo;\u00eates pas oblig\u00e9s de faire des affaires avec nous&rsquo;. Mais il y a une chance\u00a0\u00bb, a-t-il dit.\n<\/p>\n<p>\n (R\u00e9dig\u00e9 par Jeff Mason et Kanishka Singh, version fran\u00e7aise Elena Smirnova, \u00e9dit\u00e9 par Blandine H\u00e9nault)<\/p>\n","protected":false},"excerpt":{"rendered":"Le pr\u00e9sident am\u00e9ricain Donald Trump descend d&rsquo;Air Force One apr\u00e8s son retour anticip\u00e9 du sommet des dirigeants du&hellip;\n","protected":false},"author":2,"featured_media":183365,"comment_status":"","ping_status":"","sticky":false,"template":"","format":"standard","meta":{"footnotes":""},"categories":[6],"tags":[400,398,408,35,405,33,34,1011,27,403,402,399,404,401,406,407],"class_list":{"0":"post-183364","1":"post","2":"type-post","3":"status-publish","4":"format-standard","5":"has-post-thumbnail","7":"category-economie","8":"tag-action-cac-40","9":"tag-bourse-de-paris","10":"tag-boursorama","11":"tag-business","12":"tag-cotations","13":"tag-economie","14":"tag-economy","15":"tag-fr","16":"tag-france","17":"tag-indices-devises","18":"tag-investir","19":"tag-investissement","20":"tag-marche-boursier","21":"tag-sicav","22":"tag-trackers","23":"tag-warrants"},"share_on_mastodon":{"url":"https:\/\/pubeurope.com\/@fr\/114698807153228358","error":""},"_links":{"self":[{"href":"https:\/\/www.europesays.com\/fr\/wp-json\/wp\/v2\/posts\/183364","targetHints":{"allow":["GET"]}}],"collection":[{"href":"https:\/\/www.europesays.com\/fr\/wp-json\/wp\/v2\/posts"}],"about":[{"href":"https:\/\/www.europesays.com\/fr\/wp-json\/wp\/v2\/types\/post"}],"author":[{"embeddable":true,"href":"https:\/\/www.europesays.com\/fr\/wp-json\/wp\/v2\/users\/2"}],"replies":[{"embeddable":true,"href":"https:\/\/www.europesays.com\/fr\/wp-json\/wp\/v2\/comments?post=183364"}],"version-history":[{"count":0,"href":"https:\/\/www.europesays.com\/fr\/wp-json\/wp\/v2\/posts\/183364\/revisions"}],"wp:featuredmedia":[{"embeddable":true,"href":"https:\/\/www.europesays.com\/fr\/wp-json\/wp\/v2\/media\/183365"}],"wp:attachment":[{"href":"https:\/\/www.europesays.com\/fr\/wp-json\/wp\/v2\/media?parent=183364"}],"wp:term":[{"taxonomy":"category","embeddable":true,"href":"https:\/\/www.europesays.com\/fr\/wp-json\/wp\/v2\/categories?post=183364"},{"taxonomy":"post_tag","embeddable":true,"href":"https:\/\/www.europesays.com\/fr\/wp-json\/wp\/v2\/tags?post=183364"}],"curies":[{"name":"wp","href":"https:\/\/api.w.org\/{rel}","templated":true}]}}