{"id":183372,"date":"2025-06-17T12:57:11","date_gmt":"2025-06-17T12:57:11","guid":{"rendered":"https:\/\/www.europesays.com\/fr\/183372\/"},"modified":"2025-06-17T12:57:11","modified_gmt":"2025-06-17T12:57:11","slug":"les-salaries-dalliade-habitat-manifestent-a-saint-etienne","status":"publish","type":"post","link":"https:\/\/www.europesays.com\/fr\/183372\/","title":{"rendered":"les salari\u00e9s d\u2019Alliade Habitat manifestent \u00e0 Saint-Etienne"},"content":{"rendered":"<p>\u00ab\u00a0Aujourd\u2019hui, Alliade Habitat, c\u2019est la culture du chiffre. On paye les cons\u00e9quences et les locataires sont oubli\u00e9s. On a plus la satisfaction de pouvoir donner un service de qualit\u00e9\u00a0\u00bb, d\u00e9plore Chaara Tounsi, responsable de secteur chez Alliade Habitat et d\u00e9l\u00e9gu\u00e9e syndicale FO.<\/p>\n<p>Environ 50 manifestants, tous salari\u00e9s d\u2019Alliade Habitat, se sont rassembl\u00e9s, ce mardi 17\u00a0juin, place Jean-Jaur\u00e8s, \u00e0 Saint-Etienne, devant les locaux d\u2019Alliade Habitat et d\u2019Action Logement. Cette manifestation \u00e9tait organis\u00e9e conjointement avec celle de Lyon, par les syndicats CFTC, Unsa et FO.<\/p>\n<p>\u00ab\u00a0Ce n\u2019est pas normal qu\u2019on soit p\u00e9nalis\u00e9, alors qu\u2019ils continuent de toucher des dividendes\u00a0\u00bb<\/p>\n<p>Seul ce dernier \u00e9tait pr\u00e9sent \u00e0 Saint-Etienne. Les salari\u00e9s revendiquent une am\u00e9lioration des conditions de travail, une augmentation g\u00e9n\u00e9rale des salaires pour tous les salari\u00e9s, ainsi que le retour de la prime d\u2019int\u00e9ressement\u00a0: \u00ab\u00a0On touchait 1\u00a0500\u00a0euros de prime d\u2019int\u00e9ressement avant. En 2024, on ne l\u2019a pas touch\u00e9 et cette ann\u00e9e seulement 300\u00a0euros. Ce n\u2019est pas normal qu\u2019on soit p\u00e9nalis\u00e9, alors qu\u2019ils continuent de toucher des dividendes\u00a0\u00bb, insiste Chaara Tounsi.<\/p>\n<p>Malgr\u00e9 des n\u00e9gociations r\u00e9centes, mais insatisfaisantes, avec la direction, les salari\u00e9s d\u00e9noncent un manque de dialogue social\u00a0: \u00ab\u00a0La direction ne nous \u00e9coute pas, les conditions d\u2019un accord n\u2019\u00e9taient pas r\u00e9unies lors des n\u00e9gociations. Il y a un manque de reconnaissance du travail effectu\u00e9 par l\u2019ensemble des salari\u00e9s\u00a0\u00bb, explique la d\u00e9l\u00e9gu\u00e9e syndicale.<\/p>\n<p>La direction d\u2019Alliade Habitat n\u2019a pas souhait\u00e9 r\u00e9agir publiquement, car elle a men\u00e9 une communication, en interne, aupr\u00e8s des salari\u00e9s.<\/p>\n","protected":false},"excerpt":{"rendered":"\u00ab\u00a0Aujourd\u2019hui, Alliade Habitat, c\u2019est la culture du chiffre. On paye les cons\u00e9quences et les locataires sont oubli\u00e9s. On&hellip;\n","protected":false},"author":2,"featured_media":183373,"comment_status":"","ping_status":"","sticky":false,"template":"","format":"standard","meta":{"footnotes":""},"categories":[9653],"tags":[1111,11,2430,9671,7539,1777,674,107,1011,27,3367,12,25,4001,7538,801],"class_list":{"0":"post-183372","1":"post","2":"type-post","3":"status-publish","4":"format-standard","5":"has-post-thumbnail","7":"category-saint-etienne","8":"tag-actu","9":"tag-actualites","10":"tag-auvergne-rhone-alpes","11":"tag-conflit-social","12":"tag-edition-loire-sud","13":"tag-eu","14":"tag-europe","15":"tag-fil-info","16":"tag-fr","17":"tag-france","18":"tag-loire","19":"tag-news","20":"tag-republique-francaise","21":"tag-saint-etienne","22":"tag-saint-etienne-ville","23":"tag-social"},"share_on_mastodon":{"url":"https:\/\/pubeurope.com\/@fr\/114698822948573251","error":""},"_links":{"self":[{"href":"https:\/\/www.europesays.com\/fr\/wp-json\/wp\/v2\/posts\/183372","targetHints":{"allow":["GET"]}}],"collection":[{"href":"https:\/\/www.europesays.com\/fr\/wp-json\/wp\/v2\/posts"}],"about":[{"href":"https:\/\/www.europesays.com\/fr\/wp-json\/wp\/v2\/types\/post"}],"author":[{"embeddable":true,"href":"https:\/\/www.europesays.com\/fr\/wp-json\/wp\/v2\/users\/2"}],"replies":[{"embeddable":true,"href":"https:\/\/www.europesays.com\/fr\/wp-json\/wp\/v2\/comments?post=183372"}],"version-history":[{"count":0,"href":"https:\/\/www.europesays.com\/fr\/wp-json\/wp\/v2\/posts\/183372\/revisions"}],"wp:featuredmedia":[{"embeddable":true,"href":"https:\/\/www.europesays.com\/fr\/wp-json\/wp\/v2\/media\/183373"}],"wp:attachment":[{"href":"https:\/\/www.europesays.com\/fr\/wp-json\/wp\/v2\/media?parent=183372"}],"wp:term":[{"taxonomy":"category","embeddable":true,"href":"https:\/\/www.europesays.com\/fr\/wp-json\/wp\/v2\/categories?post=183372"},{"taxonomy":"post_tag","embeddable":true,"href":"https:\/\/www.europesays.com\/fr\/wp-json\/wp\/v2\/tags?post=183372"}],"curies":[{"name":"wp","href":"https:\/\/api.w.org\/{rel}","templated":true}]}}