{"id":183383,"date":"2025-06-17T13:04:08","date_gmt":"2025-06-17T13:04:08","guid":{"rendered":"https:\/\/www.europesays.com\/fr\/183383\/"},"modified":"2025-06-17T13:04:08","modified_gmt":"2025-06-17T13:04:08","slug":"disparue-depuis-deux-jours-une-sexagenaire-gisait-morte-sur-le-site-de-la-colombiere","status":"publish","type":"post","link":"https:\/\/www.europesays.com\/fr\/183383\/","title":{"rendered":"disparue depuis deux jours, une sexag\u00e9naire gisait morte sur le site de la Colombi\u00e8re"},"content":{"rendered":"<p>            Par<br \/>\n        <strong><br \/>\n            <a href=\"https:\/\/actu.fr\/auteur\/jm-aubert\" title=\"Consulter tous les articles de Jean-Marc Aubert\" target=\"_blank\" rel=\"noopener\">Jean-Marc Aubert<\/a><br \/>\n        <\/strong><\/p>\n<p>        Publi\u00e9 le<\/p>\n<p>            17 juin 2025 \u00e0 14h43<br \/>\n        ; mis \u00e0 jour le 17 juin 2025 \u00e0 14h55    <\/p>\n<p>\/ INFO M\u00c9TROPOLITAIN \/\u00a0<\/p>\n<p class=\" wall-content\">Une femme \u00e2g\u00e9e de 67 ans, port\u00e9e disparue depuis samedi 14 juin 2025, a \u00e9t\u00e9 retrouv\u00e9e morte, ce lundi 16 juin, sur le site de l\u2019<strong>h\u00f4pital sp\u00e9cialis\u00e9 de la Colombi\u00e8re,<\/strong> o\u00f9 elle \u00e9tait hospitalis\u00e9e.<\/p>\n<p class=\" wall-content\">Depuis samedi, la sexag\u00e9naire \u00e9tait port\u00e9e disparue sur le vaste site du CHU de Montpellier, sur la route de Ganges. Hospitalis\u00e9e dans le pavillon 1 des Tilleuls, elle est sortie vers 15h, \u00e0 pied, pour ne plus revenir \u00e0 l\u2019heure du d\u00eener, soulevant l\u2019inqui\u00e9tude de la direction et du personnel m\u00e9dical.<\/p>\n<p class=\" wall-content\">Un <strong>signalement<\/strong> a \u00e9t\u00e9 diffus\u00e9 et il \u00e9tait demand\u00e9 notamment aux agents de s\u00e9curit\u00e9 du CHU et d\u2019une soci\u00e9t\u00e9 priv\u00e9e d\u2019effectuer des recherches et des v\u00e9rifications lors de leurs rondes, dans les b\u00e2timents et \u00e0 l\u2019ext\u00e9rieur.<\/p>\n<p>    <a href=\"https:\/\/www.google.com\/maps\/embed?pb=!1m18!1m12!1m3!1d2657.564242359924!2d3.854162357922391!3d43.625976737470125!2m3!1f0!2f0!3f0!3m2!1i1024!2i768!4f13.1!3m3!1m2!1s0x12b6aee701cfe419%3A0x35c7eaee98b0fde0!2sCHU!5e0!3m2!1sfr!2sfr!4v1750162262400!5m2!1sfr!2sfr\" title=\"Ouvrie le lien\" target=\"_blank\" rel=\"noopener\">Cliquez ici pour visualiser le contenu<\/a><\/p>\n<p class=\" wall-content\">Toutefois, l\u2019hypoth\u00e8se d\u2019une fugue de la retrait\u00e9e hors de l\u2019h\u00f4pital de la Colombi\u00e8re n\u2019\u00e9tait pas exclue, des patients ayant une autorisation de sortie. Cheveux blancs, v\u00eatue d\u2019un tee-shirt blanc, d\u2019un pantalon gris, d\u2019une veste et de baskets blanches, la sexag\u00e9naire restait cependant introuvable, le lundi. Jusqu\u2019\u00e0 la <strong>macabre d\u00e9couverte<\/strong>.<\/p>\n<p>Vid\u00e9os : en ce moment sur Actu<\/p>\n<p class=\" wall-content\">Il \u00e9tait 13h30, ce lundi, quand un ambulancier a eu son attention attir\u00e9e par la pr\u00e9sence d\u2019un corps inerte allong\u00e9 derri\u00e8re des b\u00e2timents d\u2019un ancien garage m\u00e9canique, dans la cour de l\u2019unit\u00e9 de traitement des toxicomanes d\u00e9pendances de la Colombi\u00e8re, mitoyenne d\u2019espaces verts. Un endroit gu\u00e8re \u00e9loign\u00e9 du pavillon des Tilleuls.<\/p>\n<p>Enqu\u00eate de police<\/p>\n<p class=\" wall-content\">L\u2019alerte \u00e9tait donn\u00e9e aussit\u00f4t et les premi\u00e8res constatations \u00e9tablissaient qu\u2019il s\u2019agissait bien du cadavre de la disparue. Les enqu\u00eateurs du <strong>Service local de police judiciaire<\/strong> -Slpj- de la DIPN 34 qui se sont rendus sur les lieux sont charg\u00e9s de l\u2019enqu\u00eate ouverte pour \u00ab\u00a0recherche des causes de la mort\u00a0\u00bb. La patiente s\u2019est-elle \u00e9gar\u00e9e ? depuis quel jour \u00e9tait-elle d\u00e9c\u00e9d\u00e9e ? s\u2019agit-il d\u2019une mort naturelle ? d\u2019une autre cause ? Des questions, comme d\u2019autres qui sont pour l\u2019heure sans r\u00e9ponses. La proc\u00e9dure est supervis\u00e9e par le parquet de Montpellier.<\/p>\n<p class=\" wall-content\">Suivez toute l\u2019actualit\u00e9 de vos villes et m\u00e9dias favoris en vous inscrivant \u00e0 <a href=\"https:\/\/moncompte.actu.fr\" title=\"D\u00e9couvez Mon Actu\" rel=\"nofollow noopener\" data-trk=\"{&quot;cta&quot;:{&quot;action&quot;:&quot;https:\\\/\\\/moncompte.actu.fr&quot;,&quot;category&quot;:&quot;mon compte&quot;,&quot;from&quot;:&quot;article footer&quot;,&quot;name&quot;:&quot;Mon actu&quot;,&quot;type&quot;:&quot;cta&quot;}}\" target=\"_blank\">Mon Actu<\/a>.<\/p>\n","protected":false},"excerpt":{"rendered":"Par Jean-Marc Aubert Publi\u00e9 le 17 juin 2025 \u00e0 14h43 ; mis \u00e0 jour le 17 juin 2025&hellip;\n","protected":false},"author":2,"featured_media":183384,"comment_status":"","ping_status":"","sticky":false,"template":"","format":"standard","meta":{"footnotes":""},"categories":[9599],"tags":[1111,11,15154,1777,674,118,1011,27,303,2208,12,2680,1072,25],"class_list":{"0":"post-183383","1":"post","2":"type-post","3":"status-publish","4":"format-standard","5":"has-post-thumbnail","7":"category-montpellier","8":"tag-actu","9":"tag-actualites","10":"tag-chu-de-montpellier","11":"tag-eu","12":"tag-europe","13":"tag-faits-divers","14":"tag-fr","15":"tag-france","16":"tag-justice","17":"tag-montpellier","18":"tag-news","19":"tag-occitanie","20":"tag-police","21":"tag-republique-francaise"},"share_on_mastodon":{"url":"https:\/\/pubeurope.com\/@fr\/114698850354110120","error":""},"_links":{"self":[{"href":"https:\/\/www.europesays.com\/fr\/wp-json\/wp\/v2\/posts\/183383","targetHints":{"allow":["GET"]}}],"collection":[{"href":"https:\/\/www.europesays.com\/fr\/wp-json\/wp\/v2\/posts"}],"about":[{"href":"https:\/\/www.europesays.com\/fr\/wp-json\/wp\/v2\/types\/post"}],"author":[{"embeddable":true,"href":"https:\/\/www.europesays.com\/fr\/wp-json\/wp\/v2\/users\/2"}],"replies":[{"embeddable":true,"href":"https:\/\/www.europesays.com\/fr\/wp-json\/wp\/v2\/comments?post=183383"}],"version-history":[{"count":0,"href":"https:\/\/www.europesays.com\/fr\/wp-json\/wp\/v2\/posts\/183383\/revisions"}],"wp:featuredmedia":[{"embeddable":true,"href":"https:\/\/www.europesays.com\/fr\/wp-json\/wp\/v2\/media\/183384"}],"wp:attachment":[{"href":"https:\/\/www.europesays.com\/fr\/wp-json\/wp\/v2\/media?parent=183383"}],"wp:term":[{"taxonomy":"category","embeddable":true,"href":"https:\/\/www.europesays.com\/fr\/wp-json\/wp\/v2\/categories?post=183383"},{"taxonomy":"post_tag","embeddable":true,"href":"https:\/\/www.europesays.com\/fr\/wp-json\/wp\/v2\/tags?post=183383"}],"curies":[{"name":"wp","href":"https:\/\/api.w.org\/{rel}","templated":true}]}}