{"id":18339,"date":"2025-04-11T21:50:18","date_gmt":"2025-04-11T21:50:18","guid":{"rendered":"https:\/\/www.europesays.com\/fr\/18339\/"},"modified":"2025-04-11T21:50:18","modified_gmt":"2025-04-11T21:50:18","slug":"les-deux-jet-skis-vendus-sur-leboncoin-avaient-ete-voles-en-espagne","status":"publish","type":"post","link":"https:\/\/www.europesays.com\/fr\/18339\/","title":{"rendered":"les deux jet-skis vendus sur Leboncoin avaient \u00e9t\u00e9 vol\u00e9s en Espagne"},"content":{"rendered":"<p>Un rendez-vous sous surveillance polici\u00e8re a \u00e9t\u00e9 organis\u00e9 mercredi avec le vendeur. Ce stratag\u00e8me a permis l\u2019interpellation d\u2019un trentenaire, soup\u00e7onn\u00e9 de recel de vol.<\/p>\n<p class=\"fig-paragraph\"><a href=\"http:\/\/www.lefigaro.fr\/bordeaux\/arcachon-l-interdiction-des-jet-skis-prives-dans-le-port-confirmee-20240629\" target=\"_blank\" data-fig-type=\"NewsFlash\" rel=\"noopener\" data-gtm-custom-categorie=\"navigation\" data-gtm-custom-action=\"crossclick\" data-gtm-custom-label=\"Contextuel\" data-gtm-event=\"customEventSPE\" data-fig-domain=\"LEFIGARO\">Deux jet-skis<\/a>\u00a0vol\u00e9s en\u00a0<a href=\"http:\/\/www.lefigaro.fr\/voyages\/selection\/dossier\/selection-espagne\" target=\"_blank\" data-fig-type=\"Topic\" rel=\"noopener\" data-gtm-custom-categorie=\"navigation\" data-gtm-custom-action=\"crossclick\" data-gtm-custom-label=\"Contextuel\" data-gtm-event=\"customEventSPE\" data-fig-domain=\"LEFIGARO\">Espagne<\/a>, appartenant \u00e0 un couple de Su\u00e9dois, ont \u00e9t\u00e9 retrouv\u00e9s mercredi en p\u00e9riph\u00e9rie nantaise, dans la commune de Saint-Herblain. D\u00e9rob\u00e9s entre le 26 f\u00e9vrier et le 5 mars dans un parking souterrain d\u2019Estepona, une\u00a0<a href=\"http:\/\/www.lefigaro.fr\/voyages\/guides\/faut-il-visiter-marbella-ce-que-vous-pouvez-y-faire-les-quartiers-a-eviter-20250112\" target=\"_blank\" data-fig-type=\"Article\" rel=\"noopener\" data-gtm-custom-categorie=\"navigation\" data-gtm-custom-action=\"crossclick\" data-gtm-custom-label=\"Contextuel\" data-gtm-event=\"customEventSPE\" data-fig-domain=\"LEFIGARO\">station baln\u00e9aire<\/a>\u00a0d\u2019Andalousie, ces scooters des mers ont parcouru pas moins de 1500 kilom\u00e8tres avant que la police ne mette la main dessus.<\/p>\n<p class=\"fig-paragraph\">Les propri\u00e9taires ont en effet rep\u00e9r\u00e9 leurs engins en vente sur\u00a0<a href=\"http:\/\/www.lefigaro.fr\/conjoncture\/pillages-comment-leboncoin-et-vinted-tentent-ils-de-lutter-contre-la-revente-d-objets-voles-20230705\" target=\"_blank\" data-fig-type=\"NewsFlash\" rel=\"noopener\" data-gtm-custom-categorie=\"navigation\" data-gtm-custom-action=\"crossclick\" data-gtm-custom-label=\"Contextuel\" data-gtm-event=\"customEventSPE\" data-fig-domain=\"LEFIGARO\">Leboncoin<\/a>. Un rendez-vous a alors \u00e9t\u00e9 fix\u00e9 par l\u2019un de leurs amis pour les r\u00e9cup\u00e9rer, en lien avec la brigade anticriminalit\u00e9 et la brigade de surveillance et d\u2019intervention. Le stratag\u00e8me a permis l\u2019interpellation d\u2019un homme de 34 ans, soup\u00e7onn\u00e9 de recel de vol.<\/p>\n<p>Un camion utilitaire \u00e9galement d\u00e9rob\u00e9<\/p>\n<p class=\"fig-paragraph\">\u00abLe mis en cause reconna\u00eet qu\u2019il a acquis les engins sans cl\u00e9 ni papier pour 15.000 euros les deux\u00bb, confie une source proche du dossier. Le receleur pr\u00e9sum\u00e9 aurait essay\u00e9 de les vendre pour 24.000 euros. En r\u00e9alit\u00e9, leur prix est de 30.000 euros l\u2019unit\u00e9. Le trentenaire sera jug\u00e9 lors d\u2019une proc\u00e9dure de comparution sur reconnaissance pr\u00e9alable de culpabilit\u00e9 en novembre prochain, doubl\u00e9e d\u2019une convocation par officier de police judiciaire (COPJ) d\u00e9but 2026.<\/p>\n<p class=\"fig-paragraph\">Lors de la saisie, les policiers ont \u00e9galement mis la main sur un camion utilitaire vol\u00e9 en octobre \u00e0 Saint-Andr\u00e9-des-Eaux, en Loire-Atlantique. L\u00e0 aussi, le trentenaire interpell\u00e9 a reconnu le recel de ce camion qu\u2019il a achet\u00e9 500 euros. \u00abIl est bien conscient du recel. Pour le reste, il ne dit strictement rien. Il ne veut pas dire \u00e0 qui il a achet\u00e9 \u00e7a\u00bb, rapporte un policier, peu \u00e9tonn\u00e9. Stationnant dans la cour du commissariat central de Nantes, les jet-skis devraient bient\u00f4t retrouver leurs propri\u00e9taires, qui ont pr\u00e9vu de mandater quelqu\u2019un pour les r\u00e9cup\u00e9rer.<\/p>\n","protected":false},"excerpt":{"rendered":"Un rendez-vous sous surveillance polici\u00e8re a \u00e9t\u00e9 organis\u00e9 mercredi avec le vendeur. Ce stratag\u00e8me a permis l\u2019interpellation d\u2019un&hellip;\n","protected":false},"author":2,"featured_media":18340,"comment_status":"","ping_status":"","sticky":false,"template":"","format":"standard","meta":{"footnotes":""},"categories":[2818],"tags":[1111,11,1777,674,462,1011,27,2640,2642,7287,766,2638,2643,2637,2639,2646,2645,2641,2635,2644,2647,12,2636,25,1175],"class_list":{"0":"post-18339","1":"post","2":"type-post","3":"status-publish","4":"format-standard","5":"has-post-thumbnail","7":"category-nantes","8":"tag-actu","9":"tag-actualites","10":"tag-eu","11":"tag-europe","12":"tag-fc-nantes","13":"tag-fr","14":"tag-france","15":"tag-hauts-paves-saint-felix","16":"tag-ile-de-nantes","17":"tag-le-bon-coin","18":"tag-nantes","19":"tag-nantes-bellevue-chantenay-sainte-anne","20":"tag-nantes-breil-barberie","21":"tag-nantes-centre-ville","22":"tag-nantes-dervallieres-zola","23":"tag-nantes-doulon-bottiere","24":"tag-nantes-erdre","25":"tag-nantes-malakoff-saint-donatien","26":"tag-nantes-metropole","27":"tag-nantes-nord","28":"tag-nantes-sud","29":"tag-news","30":"tag-pays-de-la-loire","31":"tag-republique-francaise","32":"tag-vol"},"share_on_mastodon":{"url":"https:\/\/pubeurope.com\/@fr\/114321543894883871","error":""},"_links":{"self":[{"href":"https:\/\/www.europesays.com\/fr\/wp-json\/wp\/v2\/posts\/18339","targetHints":{"allow":["GET"]}}],"collection":[{"href":"https:\/\/www.europesays.com\/fr\/wp-json\/wp\/v2\/posts"}],"about":[{"href":"https:\/\/www.europesays.com\/fr\/wp-json\/wp\/v2\/types\/post"}],"author":[{"embeddable":true,"href":"https:\/\/www.europesays.com\/fr\/wp-json\/wp\/v2\/users\/2"}],"replies":[{"embeddable":true,"href":"https:\/\/www.europesays.com\/fr\/wp-json\/wp\/v2\/comments?post=18339"}],"version-history":[{"count":0,"href":"https:\/\/www.europesays.com\/fr\/wp-json\/wp\/v2\/posts\/18339\/revisions"}],"wp:featuredmedia":[{"embeddable":true,"href":"https:\/\/www.europesays.com\/fr\/wp-json\/wp\/v2\/media\/18340"}],"wp:attachment":[{"href":"https:\/\/www.europesays.com\/fr\/wp-json\/wp\/v2\/media?parent=18339"}],"wp:term":[{"taxonomy":"category","embeddable":true,"href":"https:\/\/www.europesays.com\/fr\/wp-json\/wp\/v2\/categories?post=18339"},{"taxonomy":"post_tag","embeddable":true,"href":"https:\/\/www.europesays.com\/fr\/wp-json\/wp\/v2\/tags?post=18339"}],"curies":[{"name":"wp","href":"https:\/\/api.w.org\/{rel}","templated":true}]}}