{"id":183391,"date":"2025-06-17T13:09:08","date_gmt":"2025-06-17T13:09:08","guid":{"rendered":"https:\/\/www.europesays.com\/fr\/183391\/"},"modified":"2025-06-17T13:09:08","modified_gmt":"2025-06-17T13:09:08","slug":"grenoble-la-ville-passe-une-etape-majeure-dans-la-construction-de-logements-sociaux","status":"publish","type":"post","link":"https:\/\/www.europesays.com\/fr\/183391\/","title":{"rendered":"Grenoble. La Ville passe une \u00e9tape majeure dans la construction de logements sociaux"},"content":{"rendered":"<p>            Par<br \/>\n        <strong><br \/>\n            <a href=\"https:\/\/actu.fr\/auteur\/lisa-rodrigues\" title=\"Consulter tous les articles de Lisa Rodrigues\" target=\"_blank\" rel=\"noopener\">Lisa Rodrigues<\/a><br \/>\n        <\/strong><\/p>\n<p>        Publi\u00e9 le<\/p>\n<p>            17 juin 2025 \u00e0 14h37        <\/p>\n<p>Il l\u2019avait annonc\u00e9 en acc\u00e9dant \u00e0 la mairie de Grenoble en 2014. <a href=\"https:\/\/actu.fr\/tag\/eric-piolle\" target=\"_blank\" rel=\"noopener\">\u00c9ric Piolle<\/a> (Les \u00c9cologistes) avait donn\u00e9 comme objectif d\u2019atteindre <strong>25% de logements sociaux<\/strong> sur la commune en 2025. Un chiffre qui a \u00e9t\u00e9 atteint, d\u2019apr\u00e8s le maire.<\/p>\n<p>    <a href=\"https:\/\/www.facebook.com\/plugins\/post.php?href=https%3A%2F%2Fwww.facebook.com%2Fericpiolle%2Fposts%2Fpfbid02N6d9s6dNCuZkGS61aMXqiAiGnJUjKMdNL6jzXXf8C2gAR4KLWcY8dhK6kMzuMZeKl&amp;show_text=true&amp;width=350\" title=\"Ouvrie le lien\" target=\"_blank\" rel=\"noopener\">Cliquez ici pour visualiser le contenu<\/a><\/p>\n<p class=\" wall-content\">\u00ab\u00a0Avec 20 532 logements sociaux, <a href=\"https:\/\/actu.fr\/auvergne-rhone-alpes\/grenoble_38185\" target=\"_blank\" rel=\"noopener\">Grenoble<\/a> a connu une progression de plus de 3 points en 10 ans, passant de 21,7 % en 2014 \u00e0 25,15 % en 2024\u2033, pr\u00e9cise la municipalit\u00e9 dans un communiqu\u00e9. De quoi rentrer dans les clous de la loi Duflot, vot\u00e9e en 2013, imposant 25% de logements sociaux dans les communes de plus 3 500 habitants.<\/p>\n<p>\u00ab\u00a0L\u2019acc\u00e8s au logement est un droit fondamental\u00a0\u00bb<\/p>\n<p class=\" wall-content\">Pour arriver \u00e0 ce r\u00e9sultat, la Ville de Grenoble annonce avoir mis en place plusieurs \u00ab\u00a0outils\u00a0\u00bb, comme la mise en place de seuils dans les quartiers pour mieux r\u00e9partir les logements sociaux, ou l\u2019acquisition de logements par pr\u00e9emption (43 en 2024).<\/p>\n<p class=\" wall-content\">Au sein de son patrimoine immobilier, la municipalit\u00e9 a \u00e9galement <strong>transform\u00e9 certains de ses biens<\/strong> en logement social, citant un immeuble rue Mallifaud. Une part plus ou moins importante de logements sociaux est aussi pr\u00e9vue dans les <a href=\"https:\/\/actu.fr\/auvergne-rhone-alpes\/grenoble_38185\/grenoble-c-est-quoi-cet-immeuble-entierement-construit-en-bois-au-coeur-de-la-presqu-ile_62541787.html\" target=\"_blank\" rel=\"noopener\">grandes op\u00e9rations d\u2019am\u00e9nagement public<\/a>.\u00a0<\/p>\n<p>Vid\u00e9os : en ce moment sur Actu<\/p>\n<p class=\" wall-content\">\u00ab\u00a025% de logements sociaux en 2025 : la loi Duflot de 2013 le pr\u00e9voyait, la Ville de Grenoble l\u2019a fait. L\u2019acc\u00e8s au logement est un droit fondamental et un levier pr\u00e9cieux pour lutter contre les in\u00e9galit\u00e9s, dans un contexte o\u00f9 le patrimoine reste la premi\u00e8re source d\u2019in\u00e9galit\u00e9 sociale\u00a0\u00bb, se f\u00e9licitent \u00c9ric Piolle et Nicolas Beron Perez, conseiller municipal d\u00e9l\u00e9gu\u00e9 au logement.<\/p>\n<p>D\u2019autres mesures prises \u00e0 Grenoble<\/p>\n<p class=\" wall-content\">Fin 2023, selon une enqu\u00eate de nos confr\u00e8res de <a href=\"https:\/\/www.francebleu.fr\/infos\/societe\/logements-sociaux-moins-de-quatre-communes-sur-dix-respectent-la-loi-6976104\" target=\"_blank\" rel=\"noopener\">franceinfo et France Bleu<\/a> (aujourd\u2019hui Ici), seules 4 communes sur 10 respectaient la loi concernant les logements sociaux.<\/p>\n<p class=\" wall-content\">Face \u00e0 une certaine tension immobili\u00e8re sur Grenoble,\u00a0plusieurs mesures ont \u00e9t\u00e9 prises derni\u00e8rement par les pouvoirs publics pour favoriser l\u2019acc\u00e8s \u00e0 un logement d\u00e9cent.<\/p>\n<p class=\" wall-content\">On peut ainsi citer <a href=\"https:\/\/actu.fr\/auvergne-rhone-alpes\/grenoble_38185\/grenoble-voici-la-liste-des-quartiers-concernes-par-l-encadrement-des-loyers_62224986.html\" target=\"_blank\" rel=\"noopener\">l\u2019encadrement des loyers<\/a> \u2013 qui concerneraient entre 10 et 20% des biens locatifs priv\u00e9s \u2013 en vigueur depuis janvier 2025, ou bien <a href=\"https:\/\/actu.fr\/auvergne-rhone-alpes\/grenoble_38185\/grenoble-un-permis-pour-louer-un-appartement-mis-en-place-ce-qui-va-changer_60620742.html\" target=\"_blank\" rel=\"noopener\">le permis de construire<\/a> instaur\u00e9 sur deux secteurs de la ville.<\/p>\n<p class=\" wall-content\">Suivez toute l\u2019actualit\u00e9 de vos villes et m\u00e9dias favoris en vous inscrivant \u00e0 <a href=\"https:\/\/moncompte.actu.fr\" title=\"D\u00e9couvez Mon Actu\" rel=\"nofollow noopener\" data-trk=\"{&quot;cta&quot;:{&quot;action&quot;:&quot;https:\\\/\\\/moncompte.actu.fr&quot;,&quot;category&quot;:&quot;mon compte&quot;,&quot;from&quot;:&quot;article footer&quot;,&quot;name&quot;:&quot;Mon actu&quot;,&quot;type&quot;:&quot;cta&quot;}}\" target=\"_blank\">Mon Actu<\/a>.<\/p>\n<ul class=\"ac-article-tag wall-content\">\n<li><a href=\"https:\/\/actu.fr\/tag\/logement\" data-trk=\"{&quot;cta&quot;:{&quot;action&quot;:&quot;Logement&quot;,&quot;category&quot;:&quot;tag&quot;,&quot;from&quot;:&quot;article footer&quot;,&quot;name&quot;:&quot;Logement&quot;,&quot;type&quot;:&quot;cta&quot;}}\" target=\"_blank\" rel=\"noopener\">#Logement<\/a><\/li>\n<li><a href=\"https:\/\/actu.fr\/tag\/logements-sociaux\" data-trk=\"{&quot;cta&quot;:{&quot;action&quot;:&quot;Logements sociaux&quot;,&quot;category&quot;:&quot;tag&quot;,&quot;from&quot;:&quot;article footer&quot;,&quot;name&quot;:&quot;Logements sociaux&quot;,&quot;type&quot;:&quot;cta&quot;}}\" target=\"_blank\" rel=\"noopener\">#Logements sociaux<\/a><\/li>\n<\/ul>\n","protected":false},"excerpt":{"rendered":"Par Lisa Rodrigues Publi\u00e9 le 17 juin 2025 \u00e0 14h37 Il l\u2019avait annonc\u00e9 en acc\u00e9dant \u00e0 la mairie&hellip;\n","protected":false},"author":2,"featured_media":183392,"comment_status":"","ping_status":"","sticky":false,"template":"","format":"standard","meta":{"footnotes":""},"categories":[9566],"tags":[1111,11,2430,1777,674,1011,27,2731,1908,6459,12,25,104],"class_list":{"0":"post-183391","1":"post","2":"type-post","3":"status-publish","4":"format-standard","5":"has-post-thumbnail","7":"category-grenoble","8":"tag-actu","9":"tag-actualites","10":"tag-auvergne-rhone-alpes","11":"tag-eu","12":"tag-europe","13":"tag-fr","14":"tag-france","15":"tag-grenoble","16":"tag-logement","17":"tag-logements-sociaux","18":"tag-news","19":"tag-republique-francaise","20":"tag-societe"},"share_on_mastodon":{"url":"https:\/\/pubeurope.com\/@fr\/114698870261151081","error":""},"_links":{"self":[{"href":"https:\/\/www.europesays.com\/fr\/wp-json\/wp\/v2\/posts\/183391","targetHints":{"allow":["GET"]}}],"collection":[{"href":"https:\/\/www.europesays.com\/fr\/wp-json\/wp\/v2\/posts"}],"about":[{"href":"https:\/\/www.europesays.com\/fr\/wp-json\/wp\/v2\/types\/post"}],"author":[{"embeddable":true,"href":"https:\/\/www.europesays.com\/fr\/wp-json\/wp\/v2\/users\/2"}],"replies":[{"embeddable":true,"href":"https:\/\/www.europesays.com\/fr\/wp-json\/wp\/v2\/comments?post=183391"}],"version-history":[{"count":0,"href":"https:\/\/www.europesays.com\/fr\/wp-json\/wp\/v2\/posts\/183391\/revisions"}],"wp:featuredmedia":[{"embeddable":true,"href":"https:\/\/www.europesays.com\/fr\/wp-json\/wp\/v2\/media\/183392"}],"wp:attachment":[{"href":"https:\/\/www.europesays.com\/fr\/wp-json\/wp\/v2\/media?parent=183391"}],"wp:term":[{"taxonomy":"category","embeddable":true,"href":"https:\/\/www.europesays.com\/fr\/wp-json\/wp\/v2\/categories?post=183391"},{"taxonomy":"post_tag","embeddable":true,"href":"https:\/\/www.europesays.com\/fr\/wp-json\/wp\/v2\/tags?post=183391"}],"curies":[{"name":"wp","href":"https:\/\/api.w.org\/{rel}","templated":true}]}}