{"id":183395,"date":"2025-06-17T13:11:25","date_gmt":"2025-06-17T13:11:25","guid":{"rendered":"https:\/\/www.europesays.com\/fr\/183395\/"},"modified":"2025-06-17T13:11:25","modified_gmt":"2025-06-17T13:11:25","slug":"une-unite-parents-bebes-au-ch-guillaume-regnier","status":"publish","type":"post","link":"https:\/\/www.europesays.com\/fr\/183395\/","title":{"rendered":"Une unit\u00e9 parents-b\u00e9b\u00e9s au CH Guillaume-R\u00e9gnier"},"content":{"rendered":"<p><strong>Le 12 mai dernier, les \u00e9quipes de la nouvelle Unit\u00e9 parents-b\u00e9b\u00e9s \u00ab\u00a0Kerren\u00a0\u00bb du Centre hospitalier Guillaume R\u00e9gnier de Rennes ont accueilli les premi\u00e8res patientes. Un dispositif destin\u00e9 \u00e0 faire face \u00e0 un isolement maternel croissant, une pr\u00e9carit\u00e9 psycho-sociale en hausse et des pathologies psychiatriques p\u00e9rinatales graves non prises en charge<\/strong><\/p>\n<p>Jusqu\u2019\u00e0 pr\u00e9sent, la Bretagne \u00e9tait l\u2019une des rares r\u00e9gions sans unit\u00e9 d\u2019hospitalisation conjointe pour les m\u00e8res et leurs b\u00e9b\u00e9s en psychiatrie p\u00e9rinatale. <\/p>\n<p>Pourquoi une r\u00e9ponse r\u00e9gionale \u00e9tait urgente ? 30 000 naissances\/an, un isolement maternel croissant, une pr\u00e9carit\u00e9 psycho-sociale en hausse, et des pathologies psychiatriques p\u00e9rinatales graves non prises en charge.\u00a0L\u2019Unit\u00e9 parents-b\u00e9b\u00e9s (UPB), est donc un dispositif destin\u00e9 aux dyades m\u00e8re-b\u00e9b\u00e9, de la p\u00e9riode pr\u00e9natale jusqu\u2019aux un an du b\u00e9b\u00e9. Avec une capacit\u00e9 de 4 dyades (m\u00e8re-b\u00e9b\u00e9) et 5 berceaux, l\u2019unit\u00e9 propose un accompagnement intensif : soins psychiatriques, ateliers th\u00e9rapeutiques, soutien \u00e0 la parentalit\u00e9, prise en charge p\u00e9diatrique\u2026 L\u2019\u00e9quipe pluridisciplinaire regroupe m\u00e9decins, psychologues, pu\u00e9ricultrices, sage-femme et travailleurs sociaux, tous form\u00e9s aux sp\u00e9cificit\u00e9s de la p\u00e9rinatalit\u00e9.<\/p>\n<p>Avec un budget investissement de 410.000 euros et un budget de fonctionnement annuel d\u20191,7 million d\u2019euros, les 840 m\u00e8tres carr\u00e9s de l\u2019UPB \u00ab Kerren \u00bb sont le fruit d\u2019une collaboration entre l\u2019<a href=\"https:\/\/www.bretagne.ars.sante.fr\/lunite-parents-bebe-un-dispositif-innovant-qui-sinscrit-dans-un-parcours-de-soins-global-gradue-en\" rel=\"nofollow noopener\" target=\"_blank\">ARS Bretagne<\/a>, le <a href=\"https:\/\/www.ch-guillaumeregnier.fr\/\" rel=\"nofollow noopener\" target=\"_blank\">CHGR<\/a>, le <a href=\"https:\/\/www.chu-rennes.fr\/index.html\" rel=\"nofollow noopener\" target=\"_blank\">CHU de Rennes<\/a> et de nombreux partenaires du territoire. Elle r\u00e9pond aux objectifs du Projet Territorial de Sant\u00e9 Mentale d\u2019Ille-et-Vilaine : \u00e9viter les s\u00e9parations m\u00e8res-b\u00e9b\u00e9s non justifi\u00e9es, coordonner les parcours de soins, et offrir une alternative \u00e0 l\u2019hospitalisation classique.<\/p>\n<p><img loading=\"lazy\" decoding=\"async\" width=\"800\" height=\"806\" src=\"https:\/\/www.europesays.com\/fr\/wp-content\/uploads\/2025\/06\/1747058243044.jpg\" alt=\"\" class=\"wp-image-98660\"  \/><\/p>\n<p><strong>\u2022 En savoir plus <\/strong>: <a href=\"https:\/\/www.bretagne.ars.sante.fr\/media\/139689\/download?inline\" rel=\"nofollow noopener\" target=\"_blank\">\u00ab\u00a0L\u2019Unit\u00e9 Parents-b\u00e9b\u00e9 (UPB) \u00ab Kerren \u00bb : un dispositif innovant qui s\u2019inscrit dans un parcours de soins global gradu\u00e9 en sant\u00e9 mentale p\u00e9rinatale au service de la population du territoire Br\u00e9tilien\u00a0\u00bb<\/a> (PDF).<\/p>\n<p><a href=\"https:\/\/www.santementale.fr\/newsletter\/\" class=\"kb-advanced-image-link\" rel=\"nofollow noopener\" target=\"_blank\"><img loading=\"lazy\" decoding=\"async\" width=\"830\" height=\"70\" src=\"https:\/\/www.europesays.com\/fr\/wp-content\/uploads\/2025\/06\/BANNIERENEWS830x70.jpg\" alt=\"\" class=\"kb-img wp-image-70458\"  \/><\/a><\/p>\n","protected":false},"excerpt":{"rendered":"Le 12 mai dernier, les \u00e9quipes de la nouvelle Unit\u00e9 parents-b\u00e9b\u00e9s \u00ab\u00a0Kerren\u00a0\u00bb du Centre hospitalier Guillaume R\u00e9gnier de&hellip;\n","protected":false},"author":2,"featured_media":183396,"comment_status":"","ping_status":"","sticky":false,"template":"","format":"standard","meta":{"footnotes":""},"categories":[2821],"tags":[1111,11,829,1777,674,1011,27,5701,12,26905,584,25,32148],"class_list":{"0":"post-183395","1":"post","2":"type-post","3":"status-publish","4":"format-standard","5":"has-post-thumbnail","7":"category-rennes","8":"tag-actu","9":"tag-actualites","10":"tag-bretagne","11":"tag-eu","12":"tag-europe","13":"tag-fr","14":"tag-france","15":"tag-innovation","16":"tag-news","17":"tag-perinatalite","18":"tag-rennes","19":"tag-republique-francaise","20":"tag-unite-parents-bebes"},"share_on_mastodon":{"url":"https:\/\/pubeurope.com\/@fr\/114698877979860085","error":""},"_links":{"self":[{"href":"https:\/\/www.europesays.com\/fr\/wp-json\/wp\/v2\/posts\/183395","targetHints":{"allow":["GET"]}}],"collection":[{"href":"https:\/\/www.europesays.com\/fr\/wp-json\/wp\/v2\/posts"}],"about":[{"href":"https:\/\/www.europesays.com\/fr\/wp-json\/wp\/v2\/types\/post"}],"author":[{"embeddable":true,"href":"https:\/\/www.europesays.com\/fr\/wp-json\/wp\/v2\/users\/2"}],"replies":[{"embeddable":true,"href":"https:\/\/www.europesays.com\/fr\/wp-json\/wp\/v2\/comments?post=183395"}],"version-history":[{"count":0,"href":"https:\/\/www.europesays.com\/fr\/wp-json\/wp\/v2\/posts\/183395\/revisions"}],"wp:featuredmedia":[{"embeddable":true,"href":"https:\/\/www.europesays.com\/fr\/wp-json\/wp\/v2\/media\/183396"}],"wp:attachment":[{"href":"https:\/\/www.europesays.com\/fr\/wp-json\/wp\/v2\/media?parent=183395"}],"wp:term":[{"taxonomy":"category","embeddable":true,"href":"https:\/\/www.europesays.com\/fr\/wp-json\/wp\/v2\/categories?post=183395"},{"taxonomy":"post_tag","embeddable":true,"href":"https:\/\/www.europesays.com\/fr\/wp-json\/wp\/v2\/tags?post=183395"}],"curies":[{"name":"wp","href":"https:\/\/api.w.org\/{rel}","templated":true}]}}