{"id":183405,"date":"2025-06-17T13:16:09","date_gmt":"2025-06-17T13:16:09","guid":{"rendered":"https:\/\/www.europesays.com\/fr\/183405\/"},"modified":"2025-06-17T13:16:09","modified_gmt":"2025-06-17T13:16:09","slug":"un-nouveau-president-pour-le-club-immobilier-nantes-atlantique","status":"publish","type":"post","link":"https:\/\/www.europesays.com\/fr\/183405\/","title":{"rendered":"Un nouveau pr\u00e9sident pour le Club immobilier Nantes Atlantique"},"content":{"rendered":"<p>Passage de relais \u00e0 la t\u00eate du Club immobilier Nantes Atlantique (<a href=\"https:\/\/www.cina.fr\/\" target=\"_self\" rel=\"noopener\">Cina<\/a>). Apr\u00e8s six ans de mandat, Christine Serra (BNP Real estate) c\u00e8de sa place \u00e0 Gilberto Pellegrino \u00e0 la t\u00eate de l\u2019association.<\/p>\n<p>Gilberto Pellegrino, 64\u00a0ans, est architecte conseil. Jusqu\u2019en 2022, il a dirig\u00e9 Pellegrino associ\u00e9s design workshop (PADW), une agence d\u2019architecture &#8230;<\/p>\n<p>\u00a0<\/p>\n","protected":false},"excerpt":{"rendered":"Passage de relais \u00e0 la t\u00eate du Club immobilier Nantes Atlantique (Cina). Apr\u00e8s six ans de mandat, Christine&hellip;\n","protected":false},"author":2,"featured_media":183406,"comment_status":"","ping_status":"","sticky":false,"template":"","format":"standard","meta":{"footnotes":""},"categories":[2818],"tags":[1111,11,2865,5244,1777,674,1011,27,1116,766,12,4565,2636,4919,25],"class_list":{"0":"post-183405","1":"post","2":"type-post","3":"status-publish","4":"format-standard","5":"has-post-thumbnail","7":"category-nantes","8":"tag-actu","9":"tag-actualites","10":"tag-atlantique","11":"tag-club","12":"tag-eu","13":"tag-europe","14":"tag-fr","15":"tag-france","16":"tag-immobilier","17":"tag-nantes","18":"tag-news","19":"tag-nouveau","20":"tag-pays-de-la-loire","21":"tag-president","22":"tag-republique-francaise"},"share_on_mastodon":{"url":"https:\/\/pubeurope.com\/@fr\/114698897549567889","error":""},"_links":{"self":[{"href":"https:\/\/www.europesays.com\/fr\/wp-json\/wp\/v2\/posts\/183405","targetHints":{"allow":["GET"]}}],"collection":[{"href":"https:\/\/www.europesays.com\/fr\/wp-json\/wp\/v2\/posts"}],"about":[{"href":"https:\/\/www.europesays.com\/fr\/wp-json\/wp\/v2\/types\/post"}],"author":[{"embeddable":true,"href":"https:\/\/www.europesays.com\/fr\/wp-json\/wp\/v2\/users\/2"}],"replies":[{"embeddable":true,"href":"https:\/\/www.europesays.com\/fr\/wp-json\/wp\/v2\/comments?post=183405"}],"version-history":[{"count":0,"href":"https:\/\/www.europesays.com\/fr\/wp-json\/wp\/v2\/posts\/183405\/revisions"}],"wp:featuredmedia":[{"embeddable":true,"href":"https:\/\/www.europesays.com\/fr\/wp-json\/wp\/v2\/media\/183406"}],"wp:attachment":[{"href":"https:\/\/www.europesays.com\/fr\/wp-json\/wp\/v2\/media?parent=183405"}],"wp:term":[{"taxonomy":"category","embeddable":true,"href":"https:\/\/www.europesays.com\/fr\/wp-json\/wp\/v2\/categories?post=183405"},{"taxonomy":"post_tag","embeddable":true,"href":"https:\/\/www.europesays.com\/fr\/wp-json\/wp\/v2\/tags?post=183405"}],"curies":[{"name":"wp","href":"https:\/\/api.w.org\/{rel}","templated":true}]}}