{"id":183407,"date":"2025-06-17T13:17:16","date_gmt":"2025-06-17T13:17:16","guid":{"rendered":"https:\/\/www.europesays.com\/fr\/183407\/"},"modified":"2025-06-17T13:17:16","modified_gmt":"2025-06-17T13:17:16","slug":"que-va-devenir-lancien-college-rosa-parks-son-futur-decide-en-conseil-municipal","status":"publish","type":"post","link":"https:\/\/www.europesays.com\/fr\/183407\/","title":{"rendered":"que va devenir l&rsquo;ancien coll\u00e8ge Rosa Parks ? Son futur d\u00e9cid\u00e9 en conseil municipal"},"content":{"rendered":"<p>            Par<br \/>\n        <strong><br \/>\n            <a href=\"https:\/\/actu.fr\/auteur\/laure-gentil\" title=\"Consulter tous les articles de Laure Gentil\" rel=\"nofollow noopener\" target=\"_blank\">Laure Gentil<\/a><br \/>\n        <\/strong><\/p>\n<p>        Publi\u00e9 le<\/p>\n<p>            17 juin 2025 \u00e0 12h26        <\/p>\n<p>Depuis fin 2024, les portes des coll\u00e8ges Guist\u2019hau, Jules Verne et <strong>Rosa Parks<\/strong> ont ferm\u00e9 d\u00e9finitivement leurs portes. Le d\u00e9partement de Loire-Atlantique avait annonc\u00e9 la fermeture de ces \u00e9tablissements afin d\u2019y\u00a0<a href=\"https:\/\/www.loire-atlantique.fr\/44\/education-et-colleges\/le-departement-engage-pour-la-mixite-sociale-dans-les-colleges\/c_1433026\" rel=\"nofollow noopener\" target=\"_blank\">d\u00e9velopper la mixit\u00e9 sociale<\/a> en cr\u00e9ant notamment un <a href=\"https:\/\/actu.fr\/pays-de-la-loire\/nantes_44109\/en-images-le-nouveau-college-nantes-centre-se-devoile-avant-son-ouverture_60934207.html\" rel=\"nofollow noopener\" target=\"_blank\">nouveau coll\u00e8ge\u2009: Nantes Centre.<\/a><\/p>\n<p class=\" wall-content\">L\u2019avenir des locaux du coll\u00e8ge Rosa Parks va se jouer au prochain <strong>conseil municipal,<\/strong> ce <strong>vendredi 20\u00a0juin.<\/strong> La majorit\u00e9 propose d\u2019en faire \u00ab\u2009un p\u00f4le \u00e9ducatif, associatif et culturel\u2009\u00bb explique <strong>Bassem Asseh,<\/strong> adjoint \u00e0 la mairie.<\/p>\n<p class=\" wall-content\">L\u2019\u00e9lu indique que le lieu sera \u00ab\u2009focalis\u00e9 sur les jeunes, les familles et l\u2019apprentissage artistique\u2009\u00bb. Il y aura aussi des activit\u00e9s sur l\u2019engagement citoyen, des associations de soutien scolaire et d\u2019accompagnement \u00e0 la parentalit\u00e9.<\/p>\n<p>\u00ab\u2009Un \u00e9quipement multifonctionnel\u2009\u00bb<\/p>\n<p class=\" wall-content\">Bassem Asseh a expliqu\u00e9 en amont du conseil qu\u2019il s\u2019agirait d\u2019un \u00ab\u2009\u00e9quipement multifonctionnel\u2009\u00bb s\u00e9par\u00e9 <strong>en deux b\u00e2timents.<\/strong><\/p>\n<p class=\" wall-content\">Le premier b\u00e2timent doit accueillir <strong>un espace d\u00e9di\u00e9 aux enfants<\/strong>, aux adolescents, aux jeunes et \u00e0 leurs familles, en compl\u00e9mentarit\u00e9 des \u00e9quipements associatifs et \u00e9ducatifs existants. C\u2019est l\u00e0 que les Nantais pourront participer \u00e0 des activit\u00e9s artistiques. Des associations d\u2019accompagnement \u00e9ducatif et de soutien \u00e0 la parentalit\u00e9 s\u2019y installeront \u00e9galement.<\/p>\n<p>Vid\u00e9os : en ce moment sur Actu<\/p>\n<p class=\" wall-content\"><strong>Il comprendra\u2009:<\/strong><\/p>\n<ul class=\" wall-content\">\n<li>des espaces de travail\u2009: bureaux privatifs, open space, espace de coworking et salles de r\u00e9union\u2009;<\/li>\n<li>une salle de convivialit\u00e9 avec la possibilit\u00e9 d\u2019accueillir un caf\u00e9 associatif pour les parents qui accompagnent leurs enfants aux activit\u00e9s, de salle pause pour le d\u00e9jeuner ou encore d\u2019espace de rencontres et d\u2019\u00e9changes\u2009;<\/li>\n<li>un espace cuisine pour des ateliers culinaires\u2009;<\/li>\n<li>une salle polyvalente\/de spectacle avec r\u00e9gie et projection possible\u2009;<\/li>\n<li>une salle num\u00e9rique \u00e9quip\u00e9e d\u2019ordinateurs et d\u2019un \u00e9cran interactif\u2009;<\/li>\n<li>deux salles de formation \u00e9quip\u00e9es d\u2019\u00e9crans interactifs\u2009;<\/li>\n<li>une salle de danse sur parquet avec miroirs\u2009;<\/li>\n<li>une trentaine de salles d\u2019activit\u00e9, dont une salle avec traitement acoustique pour les instruments \u00e0 percussion\u2009;<\/li>\n<li>un atelier de bricolage\u2009;<\/li>\n<li>un atelier de r\u00e9paration v\u00e9los\u2009;<\/li>\n<li>un ext\u00e9rieur v\u00e9g\u00e9talis\u00e9 ouvert aux habitantes et habitants du quartier et pouvant accueillir des \u00e9v\u00e9nements.<\/li>\n<\/ul>\n<p class=\" wall-content\">Le<strong> deuxi\u00e8me b\u00e2timent<\/strong> accueillera quant \u00e0 lui certaines activit\u00e9s administratives de la Ville de Nantes.<\/p>\n<p>Quand doivent se terminer les travaux\u2009?<\/p>\n<p class=\" wall-content\">Le lieu a m\u00eame d\u00e9j\u00e0 commenc\u00e9 \u00e0 vivre, en septembre\u00a02024, \u00e0 l\u2019occasion du forum des associations du quartier avec une Block Party, et de premi\u00e8res associations utilisent d\u00e9j\u00e0 un des deux b\u00e2timents.<\/p>\n<p class=\" wall-content\">Depuis fin 2024, des agents municipaux et l\u2019\u00e9cole de musique Olivier Messiaen occupent aussi une partie des locaux et y resteront \u00e0 l\u2019issue des travaux d\u2019am\u00e9nagement.<\/p>\n<p class=\" wall-content\">Les <strong>travaux de r\u00e9am\u00e9nagement,<\/strong> d\u2019un montant estim\u00e9 <strong>\u00e0 4,5\u00a0millions d\u2019euros,<\/strong> devraient d\u00e9buter \u00e0 l\u2019\u00e9t\u00e9 2025 et se poursuivre par phases <strong>jusqu\u2019au deuxi\u00e8me semestre 2027.<\/strong><\/p>\n<p class=\" wall-content\">Suivez toute l\u2019actualit\u00e9 de vos villes et m\u00e9dias favoris en vous inscrivant \u00e0 <a href=\"https:\/\/moncompte.actu.fr\" title=\"D\u00e9couvez Mon Actu\" rel=\"nofollow noopener\" data-trk=\"{&quot;cta&quot;:{&quot;action&quot;:&quot;https:\\\/\\\/moncompte.actu.fr&quot;,&quot;category&quot;:&quot;mon compte&quot;,&quot;from&quot;:&quot;article footer&quot;,&quot;name&quot;:&quot;Mon actu&quot;,&quot;type&quot;:&quot;cta&quot;}}\" target=\"_blank\">Mon Actu<\/a>.<\/p>\n","protected":false},"excerpt":{"rendered":"Par Laure Gentil Publi\u00e9 le 17 juin 2025 \u00e0 12h26 Depuis fin 2024, les portes des coll\u00e8ges Guist\u2019hau,&hellip;\n","protected":false},"author":2,"featured_media":183408,"comment_status":"","ping_status":"","sticky":false,"template":"","format":"standard","meta":{"footnotes":""},"categories":[2818],"tags":[1111,11,1057,1777,674,1011,27,766,12,2636,25,104,2086],"class_list":{"0":"post-183407","1":"post","2":"type-post","3":"status-publish","4":"format-standard","5":"has-post-thumbnail","7":"category-nantes","8":"tag-actu","9":"tag-actualites","10":"tag-education","11":"tag-eu","12":"tag-europe","13":"tag-fr","14":"tag-france","15":"tag-nantes","16":"tag-news","17":"tag-pays-de-la-loire","18":"tag-republique-francaise","19":"tag-societe","20":"tag-travaux"},"share_on_mastodon":{"url":"https:\/\/pubeurope.com\/@fr\/114698901546858475","error":""},"_links":{"self":[{"href":"https:\/\/www.europesays.com\/fr\/wp-json\/wp\/v2\/posts\/183407","targetHints":{"allow":["GET"]}}],"collection":[{"href":"https:\/\/www.europesays.com\/fr\/wp-json\/wp\/v2\/posts"}],"about":[{"href":"https:\/\/www.europesays.com\/fr\/wp-json\/wp\/v2\/types\/post"}],"author":[{"embeddable":true,"href":"https:\/\/www.europesays.com\/fr\/wp-json\/wp\/v2\/users\/2"}],"replies":[{"embeddable":true,"href":"https:\/\/www.europesays.com\/fr\/wp-json\/wp\/v2\/comments?post=183407"}],"version-history":[{"count":0,"href":"https:\/\/www.europesays.com\/fr\/wp-json\/wp\/v2\/posts\/183407\/revisions"}],"wp:featuredmedia":[{"embeddable":true,"href":"https:\/\/www.europesays.com\/fr\/wp-json\/wp\/v2\/media\/183408"}],"wp:attachment":[{"href":"https:\/\/www.europesays.com\/fr\/wp-json\/wp\/v2\/media?parent=183407"}],"wp:term":[{"taxonomy":"category","embeddable":true,"href":"https:\/\/www.europesays.com\/fr\/wp-json\/wp\/v2\/categories?post=183407"},{"taxonomy":"post_tag","embeddable":true,"href":"https:\/\/www.europesays.com\/fr\/wp-json\/wp\/v2\/tags?post=183407"}],"curies":[{"name":"wp","href":"https:\/\/api.w.org\/{rel}","templated":true}]}}